{"id":66872,"date":"2026-09-02T16:03:52","date_gmt":"2026-09-02T16:03:52","guid":{"rendered":"https:\/\/acronoticias.com\/index.php\/2026\/09\/02\/antoliano-peralta-presentara-su-nuevo-libro-despues-de-trujillo-un-lustro-convulso-1961-1966\/"},"modified":"2026-09-02T16:03:52","modified_gmt":"2026-09-02T16:03:52","slug":"antoliano-peralta-presentara-su-nuevo-libro-despues-de-trujillo-un-lustro-convulso-1961-1966","status":"publish","type":"post","link":"https:\/\/acronoticias.com\/index.php\/2026\/09\/02\/antoliano-peralta-presentara-su-nuevo-libro-despues-de-trujillo-un-lustro-convulso-1961-1966\/","title":{"rendered":"Antoliano Peralta presentar\u00e1 su nuevo libro \u00abDespu\u00e9s de Trujillo: Un lustro convulso, 1961-1966\u00bb"},"content":{"rendered":"<p><img loading=\"lazy\" decoding=\"async\" width=\"355\" height=\"200\" src=\"https:\/\/nuevodiario-assets.s3.us-east-2.amazonaws.com\/wp-content\/uploads\/2026\/06\/Peralta-Romero-355x200.png\" class=\"webfeedsFeaturedVisual wp-post-image\" alt=\"\" style=\"display: block;margin-bottom: 5px;clear:both;max-width: 100%\" \/><\/p>\n<p>EL NUEVO DIARIO, SANTO DOMINGO.\u2013 El abogado, escritor y ministro de Justicia, Antoliano Peralta Romero, pondr\u00e1 en circulaci\u00f3n este jueves su nuevo libro \u201cDespu\u00e9s de Trujillo: Un lustro convulso, 1961-1966\u201d, una obra que reconstruye uno de los per\u00edodos m\u00e1s intensos y determinantes de la historia pol\u00edtica contempor\u00e1nea de la Rep\u00fablica Dominicana.<\/p>\n<p>La presentaci\u00f3n se realizar\u00e1 a las 6:30 de la tarde, en el Auditorio Juan Bosch de la Biblioteca Nacional Pedro Henr\u00edquez Ure\u00f1a. La actividad es organizada junto con la Editora Manat\u00ed.<\/p>\n<p>De acuerdo a una nota de prensa, la obra aborda los acontecimientos ocurridos entre la muerte de Rafael Le\u00f3nidas Trujillo Molina, el 30 de mayo de 1961, y las elecciones de 1966, per\u00edodo en el que el pa\u00eds experiment\u00f3 profundas transformaciones pol\u00edticas y sociales.<\/p>\n<p>El autor recorre acontecimientos, las causas que pusieron fin a la dictadura de m\u00e1s de tres d\u00e9cadas, la transici\u00f3n pol\u00edtica, el gobierno de Juan Bosch, el golpe de Estado de 1963, el Triunvirato, la Revoluci\u00f3n de Abril de 1965, la intervenci\u00f3n militar estadounidense y las elecciones de 1966, en las que result\u00f3 electo Joaqu\u00edn Balaguer.<\/p>\n<p>Del mismo modo, Antoliano Peralta hizo \u00e9nfasis en identificar la sustentaci\u00f3n constitucional que se ten\u00eda que dar en los gobiernos fugaces de esa \u00e9poca. En ese orden, el autor detalla cada una de las reformas constitucionales inmediatamente despu\u00e9s de la ca\u00edda de Trujillo y durante el lustro objeto de estudio.<\/p>\n<p>El historiador Juan Daniel Balc\u00e1cer destaca en la presentaci\u00f3n de la obra que Peralta Romero reconstruye el convulso intervalo hist\u00f3rico transcurrido entre la muerte de Trujillo y el cambio pol\u00edtico producido cinco a\u00f1os despu\u00e9s.<\/p>\n<p><strong>Sobre el autor<\/strong><\/p>\n<p>Antoliano Peralta Romero naci\u00f3 en Miches, provincia El Seibo. Es abogado y escritor, con m\u00e1s de cuatro d\u00e9cadas de ejercicio profesional. Entre 2020 y enero de 2026 se desempe\u00f1\u00f3 como consultor jur\u00eddico del Poder Ejecutivo. Actualmente ocupa el cargo de ministro de Justicia de la Rep\u00fablica Dominicana.<\/p>\n<p>Como autor, ha publicado diversas obras de car\u00e1cter jur\u00eddico, entre ellas \u201cReformas a la Constituci\u00f3n Pol\u00edtica Dominicana, 1994-2002-2010\u201d, escrita junto a Rafael Peralta Romero, y \u201cPrecisiones jur\u00eddicas y otros temas\u201d, cuya segunda edici\u00f3n ampliada fue puesta en circulaci\u00f3n en 2024.<\/p>\n<p>Con \u201cDespu\u00e9s de Trujillo: Un lustro convulso, 1961-1966\u201d, Peralta Romero incursiona en el an\u00e1lisis hist\u00f3rico de cinco a\u00f1os decisivos para comprender el proceso de transformaci\u00f3n pol\u00edtica que condujo a la Rep\u00fablica Dominicana hacia un nuevo escenario institucional y democr\u00e1tico.<\/p>\n<p>La entrada <a href=\"https:\/\/elnuevodiario.com.do\/antoliano-peralta-presentara-su-nuevo-libro-despues-de-trujillo-un-lustro-convulso-1961-1966\/\">Antoliano Peralta presentar\u00e1 su nuevo libro \u00abDespu\u00e9s de Trujillo: Un lustro convulso, 1961-1966\u00bb<\/a> se public\u00f3 primero en <a href=\"https:\/\/elnuevodiario.com.do\">El Nuevo Diario (Rep\u00fablica Dominicana)<\/a>.<\/p>\n","protected":false},"excerpt":{"rendered":"EL NUEVO DIARIO, SANTO DOMINGO.\u2013 El abogado, escritor y ministro de Justicia,&hellip;\n","protected":false},"author":1,"featured_media":66873,"comment_status":"open","ping_status":"open","sticky":false,"template":"","format":"standard","meta":{"footnotes":""},"categories":[1],"tags":[],"class_list":["post-66872","post","type-post","status-publish","format-standard","has-post-thumbnail","category-nacionales"],"_links":{"self":[{"href":"https:\/\/acronoticias.com\/index.php\/wp-json\/wp\/v2\/posts\/66872","targetHints":{"allow":["GET"]}}],"collection":[{"href":"https:\/\/acronoticias.com\/index.php\/wp-json\/wp\/v2\/posts"}],"about":[{"href":"https:\/\/acronoticias.com\/index.php\/wp-json\/wp\/v2\/types\/post"}],"author":[{"embeddable":true,"href":"https:\/\/acronoticias.com\/index.php\/wp-json\/wp\/v2\/users\/1"}],"replies":[{"embeddable":true,"href":"https:\/\/acronoticias.com\/index.php\/wp-json\/wp\/v2\/comments?post=66872"}],"version-history":[{"count":0,"href":"https:\/\/acronoticias.com\/index.php\/wp-json\/wp\/v2\/posts\/66872\/revisions"}],"wp:featuredmedia":[{"embeddable":true,"href":"https:\/\/acronoticias.com\/index.php\/wp-json\/wp\/v2\/media\/66873"}],"wp:attachment":[{"href":"https:\/\/acronoticias.com\/index.php\/wp-json\/wp\/v2\/media?parent=66872"}],"wp:term":[{"taxonomy":"category","embeddable":true,"href":"https:\/\/acronoticias.com\/index.php\/wp-json\/wp\/v2\/categories?post=66872"},{"taxonomy":"post_tag","embeddable":true,"href":"https:\/\/acronoticias.com\/index.php\/wp-json\/wp\/v2\/tags?post=66872"}],"curies":[{"name":"wp","href":"https:\/\/api.w.org\/{rel}","templated":true}]}}