{"id":66866,"date":"2026-09-02T15:43:21","date_gmt":"2026-09-02T15:43:21","guid":{"rendered":"https:\/\/acronoticias.com\/index.php\/2026\/09\/02\/desvian-por-niebla-vuelos-que-iban-a-paraguay-a-aeropuertos-en-argentina-bolivia-y-brasil\/"},"modified":"2026-09-02T15:43:21","modified_gmt":"2026-09-02T15:43:21","slug":"desvian-por-niebla-vuelos-que-iban-a-paraguay-a-aeropuertos-en-argentina-bolivia-y-brasil","status":"publish","type":"post","link":"https:\/\/acronoticias.com\/index.php\/2026\/09\/02\/desvian-por-niebla-vuelos-que-iban-a-paraguay-a-aeropuertos-en-argentina-bolivia-y-brasil\/","title":{"rendered":"Desv\u00edan por niebla vuelos que iban a Paraguay a aeropuertos en Argentina, Bolivia y Brasil"},"content":{"rendered":"<div id=\"nota-texto\">\n<p><strong>Asunci\u00f3n<\/strong>. \u2013 Cuatro vuelos internacionales que ten\u00edan como destino el aeropuerto <strong>Silvio Pettirossi<\/strong>, que sirve a <strong>Asunci\u00f3n<\/strong>, la capital de <strong>Paraguay<\/strong>, fueron desviados este mi\u00e9rcoles a causa de la neblina hacia terminales a\u00e9reas alternas en <strong>Argentina<\/strong>, <strong>Bolivia<\/strong> y <strong>Brasil<\/strong>, informaron fuentes de la <strong>Direcci\u00f3n Nacional de Aeron\u00e1utica Civil<\/strong> (<strong>Dinac<\/strong>).<\/p>\n<p>La medida, en vigencia desde las 05:00, hora local (08:00 GMT), se adopt\u00f3 debido a las condiciones de visibilidad \u00abm\u00ednimas\u00bb en el <strong>Silvio Pettirossi<\/strong>, ubicado en la ciudad de <strong>Luque<\/strong> (centro), dijo a <strong>EFE<\/strong> el director de Aeropuertos de la <strong>Dinac<\/strong>, <strong>Daniel B\u00e1ez<\/strong>.<\/p>\n<p>En concreto, fueron desviados dos aviones de las aerol\u00edneas <strong>Air Europa<\/strong> y <strong>Avianca<\/strong>, procedentes de <strong>Madrid<\/strong> y <strong>Bogot\u00e1<\/strong>, respectivamente, hacia el aeropuerto internacional <strong>Viru Viru<\/strong>, ubicado en la ciudad boliviana de <strong><a href=\"https:\/\/noticiassin.com\/tag\/santa-cruz\/\" class=\"nsin-auto-tag-link\">Santa Cruz<\/a> de la Sierra<\/strong>, indic\u00f3 a <strong>EFE<\/strong> el gerente de operaciones del <strong>Silvio Pettirossi<\/strong>, <strong>Walter Schuhbaum<\/strong>.<\/p>\n<p>Tambi\u00e9n aterrizaron en terminales alternas un vuelo de la compa\u00f1\u00eda <strong>Copa<\/strong>, procedente de <strong>Panam\u00e1<\/strong>, y otro de <strong>Latam<\/strong> que hab\u00eda salido de <strong>Lima<\/strong>. El primero, seg\u00fan el funcionario, lleg\u00f3 al aeropuerto internacional <strong>Mart\u00edn Miguel de G\u00fcemes<\/strong> de la ciudad de <strong>Salta<\/strong>, en <strong>Argentina<\/strong>, y el \u00faltimo a la ciudad brasile\u00f1a de <strong><a href=\"https:\/\/noticiassin.com\/tag\/campo-grande\/\" class=\"nsin-auto-tag-link\">Campo Grande<\/a><\/strong>.<\/p>\n<p>Solo un vuelo ha aterrizado esta ma\u00f1ana en el principal aeropuerto de <strong>Paraguay<\/strong> debido a una \u00abemergencia sanitaria de un pasajero\u00bb, detall\u00f3 <strong>Schuhbaum<\/strong>, quien indic\u00f3 que la aeronave hab\u00eda despegado de <strong>Lima<\/strong> y ten\u00eda como destino <strong><a href=\"https:\/\/noticiassin.com\/tag\/santiago-de-chile\/\" class=\"nsin-auto-tag-link\">Santiago de Chile<\/a><\/strong>.<\/p>\n<div class=\"nbs-subscribe-box \">\n<p>Suscribete al newsletter de Noticias SIN<\/p>\n<\/div>\n<p>Este mi\u00e9rcoles la <strong>Direcci\u00f3n Nacional de Meteorolog\u00eda<\/strong> report\u00f3 la \u00abpresencia de neblinas en gran parte del pa\u00eds\u00bb y temperaturas m\u00ednimas de 13 grados y m\u00e1ximas de 26 grados en <strong>Asunci\u00f3n<\/strong>.<\/p>\n<\/div>\n","protected":false},"excerpt":{"rendered":"Asunci\u00f3n. \u2013 Cuatro vuelos internacionales que ten\u00edan como destino el aeropuerto Silvio&hellip;\n","protected":false},"author":1,"featured_media":66867,"comment_status":"open","ping_status":"open","sticky":false,"template":"","format":"standard","meta":{"footnotes":""},"categories":[3],"tags":[],"class_list":["post-66866","post","type-post","status-publish","format-standard","has-post-thumbnail","category-internacionales"],"_links":{"self":[{"href":"https:\/\/acronoticias.com\/index.php\/wp-json\/wp\/v2\/posts\/66866","targetHints":{"allow":["GET"]}}],"collection":[{"href":"https:\/\/acronoticias.com\/index.php\/wp-json\/wp\/v2\/posts"}],"about":[{"href":"https:\/\/acronoticias.com\/index.php\/wp-json\/wp\/v2\/types\/post"}],"author":[{"embeddable":true,"href":"https:\/\/acronoticias.com\/index.php\/wp-json\/wp\/v2\/users\/1"}],"replies":[{"embeddable":true,"href":"https:\/\/acronoticias.com\/index.php\/wp-json\/wp\/v2\/comments?post=66866"}],"version-history":[{"count":0,"href":"https:\/\/acronoticias.com\/index.php\/wp-json\/wp\/v2\/posts\/66866\/revisions"}],"wp:featuredmedia":[{"embeddable":true,"href":"https:\/\/acronoticias.com\/index.php\/wp-json\/wp\/v2\/media\/66867"}],"wp:attachment":[{"href":"https:\/\/acronoticias.com\/index.php\/wp-json\/wp\/v2\/media?parent=66866"}],"wp:term":[{"taxonomy":"category","embeddable":true,"href":"https:\/\/acronoticias.com\/index.php\/wp-json\/wp\/v2\/categories?post=66866"},{"taxonomy":"post_tag","embeddable":true,"href":"https:\/\/acronoticias.com\/index.php\/wp-json\/wp\/v2\/tags?post=66866"}],"curies":[{"name":"wp","href":"https:\/\/api.w.org\/{rel}","templated":true}]}}