{"id":66862,"date":"2026-09-02T15:15:56","date_gmt":"2026-09-02T15:15:56","guid":{"rendered":"https:\/\/acronoticias.com\/index.php\/2026\/09\/02\/familiares-denuncian-la-muerte-en-circunstancias-no-esclarecidas-de-un-privado-de-libertad-en-el-penal-las-parras\/"},"modified":"2026-09-02T15:15:56","modified_gmt":"2026-09-02T15:15:56","slug":"familiares-denuncian-la-muerte-en-circunstancias-no-esclarecidas-de-un-privado-de-libertad-en-el-penal-las-parras","status":"publish","type":"post","link":"https:\/\/acronoticias.com\/index.php\/2026\/09\/02\/familiares-denuncian-la-muerte-en-circunstancias-no-esclarecidas-de-un-privado-de-libertad-en-el-penal-las-parras\/","title":{"rendered":"Familiares denuncian la muerte en circunstancias no esclarecidas de un privado de libertad en el penal Las Parras\u00a0"},"content":{"rendered":"<div data-td-block-uid=\"tdi_100\">\n<div class=\"tdb-block-inner td-fix-index\">\n<p class=\"wp-block-paragraph\"><strong>Santo Domingo.<\/strong>\u00a0\u2014 Parientes de un privado de libertad fallecido bajo custodia en el\u00a0<strong>Centro de Correcci\u00f3n y Rehabilitaci\u00f3n\u00a0<\/strong><strong>(CCR) Las<\/strong><strong>\u00a0Parras<\/strong>\u00a0demandaron este mi\u00e9rcoles a las autoridades judiciales y penitenciarias una\u00a0<strong>investigaci\u00f3n exhaustiva<\/strong>\u00a0para esclarecer el deceso del joven, cuyo cuerpo presenta presuntos\u00a0<strong>signos de violencia f\u00edsica.<\/strong>\u00a0<\/p>\n<p class=\"wp-block-paragraph\">La v\u00edctima fue identificada como\u00a0J<strong>ancarlos Peralta, de 30 a\u00f1os,<\/strong>\u00a0quien\u00a0<strong>permanec\u00eda recluido desde hac\u00eda casi tres a\u00f1os.<\/strong>\u00a0De acuerdo con el testimonio de sus allegados, al privado de libertad le restaba aproximadamente\u00a0<strong>un mes para obtener su libertad, tras hab\u00e9rsele dictado una resoluci\u00f3n favorable tras la verificaci\u00f3n de su inocencia<\/strong>\u00a0en relaci\u00f3n con los cargos que se le imputaban.\u00a0<\/p>\n<p class=\"wp-block-paragraph\">Los familiares sostienen que P<strong>eralta presentaba m\u00faltiples traumatismos y equimosis en distintas partes del cuerpo<\/strong>, y afirman que fue<strong>\u00a0trasladado sin signos vitales hacia un centro de salud.<\/strong>\u00a0<\/p>\n<h3 id=\"madre-denuncias-agresiones\" class=\"wp-block-heading\"><strong>Madre\u00a0denuncias agresiones<\/strong>\u00a0<\/h3>\n<p class=\"wp-block-paragraph\"><strong>La madre del fallecido declar\u00f3\u00a0<\/strong>que,\u00a0durante su<strong>\u00a0\u00faltima visita<\/strong>\u00a0al recinto penitenciario, efectuada el pasado domingo, observ\u00f3 a su hijo\u00a0<strong>en una silla de ruedas y con evidencia de deterioro f\u00edsico\u00a0<\/strong>severo que le impidi\u00f3 entablar comunicaci\u00f3n.\u00a0<\/p>\n<p class=\"wp-block-paragraph\">Asimismo, la progenitora afirm\u00f3 haber recibido testimonios de otros internos del penal, quienes le indicaron que el joven\u00a0<strong>present\u00f3 episodios de hematemesis (v\u00f3mitos de sangre) previos a su deceso.\u00a0<\/strong>A\u00f1adi\u00f3 que personal superior de la custodia habr\u00eda intentado silenciar a los testigos para evitar que trascendiera la agresi\u00f3n f\u00edsica a la que presuntamente fue sometido.\u00a0<\/p>\n<h3 id=\"proceso-forense-y-exequias\" class=\"wp-block-heading\"><strong>Proceso forense y exequias<\/strong>\u00a0<\/h3>\n<p class=\"wp-block-paragraph\">La familia se encuentra a la espera del dictamen de la autopsia\u00a0m\u00e9dico-legal\u00a0efectuada por el <strong>Instituto Nacional de Ciencias Forenses (INACIF), <\/strong>organismo encargado de determinar de manera oficial la causa precisa de la muerte y aportar los elementos periciales a la investigaci\u00f3n.\u00a0<\/p>\n<p class=\"wp-block-paragraph\">Los restos de Yancarlos Peralta ser\u00e1n entregados a sus parientes en el transcurso de este mi\u00e9rcoles por las autoridades forenses y, posteriormente, expuestos en velatorio en la Funeraria Municipal del kil\u00f3metro 12 de la autopista Las Am\u00e9ricas.\u00a0<\/p>\n<\/div>\n<\/div>\n","protected":false},"excerpt":{"rendered":"Santo Domingo.\u00a0\u2014 Parientes de un privado de libertad fallecido bajo custodia en&hellip;\n","protected":false},"author":1,"featured_media":66863,"comment_status":"open","ping_status":"open","sticky":false,"template":"","format":"standard","meta":{"footnotes":""},"categories":[1],"tags":[],"class_list":["post-66862","post","type-post","status-publish","format-standard","has-post-thumbnail","category-nacionales"],"_links":{"self":[{"href":"https:\/\/acronoticias.com\/index.php\/wp-json\/wp\/v2\/posts\/66862","targetHints":{"allow":["GET"]}}],"collection":[{"href":"https:\/\/acronoticias.com\/index.php\/wp-json\/wp\/v2\/posts"}],"about":[{"href":"https:\/\/acronoticias.com\/index.php\/wp-json\/wp\/v2\/types\/post"}],"author":[{"embeddable":true,"href":"https:\/\/acronoticias.com\/index.php\/wp-json\/wp\/v2\/users\/1"}],"replies":[{"embeddable":true,"href":"https:\/\/acronoticias.com\/index.php\/wp-json\/wp\/v2\/comments?post=66862"}],"version-history":[{"count":0,"href":"https:\/\/acronoticias.com\/index.php\/wp-json\/wp\/v2\/posts\/66862\/revisions"}],"wp:featuredmedia":[{"embeddable":true,"href":"https:\/\/acronoticias.com\/index.php\/wp-json\/wp\/v2\/media\/66863"}],"wp:attachment":[{"href":"https:\/\/acronoticias.com\/index.php\/wp-json\/wp\/v2\/media?parent=66862"}],"wp:term":[{"taxonomy":"category","embeddable":true,"href":"https:\/\/acronoticias.com\/index.php\/wp-json\/wp\/v2\/categories?post=66862"},{"taxonomy":"post_tag","embeddable":true,"href":"https:\/\/acronoticias.com\/index.php\/wp-json\/wp\/v2\/tags?post=66862"}],"curies":[{"name":"wp","href":"https:\/\/api.w.org\/{rel}","templated":true}]}}