{"id":66860,"date":"2026-09-02T15:00:14","date_gmt":"2026-09-02T15:00:14","guid":{"rendered":"https:\/\/acronoticias.com\/index.php\/2026\/09\/02\/autoridades-intensifican-campana-contra-la-contaminacion-sonora-con-programa-hablemos-de-ruido\/"},"modified":"2026-09-02T15:00:14","modified_gmt":"2026-09-02T15:00:14","slug":"autoridades-intensifican-campana-contra-la-contaminacion-sonora-con-programa-hablemos-de-ruido","status":"publish","type":"post","link":"https:\/\/acronoticias.com\/index.php\/2026\/09\/02\/autoridades-intensifican-campana-contra-la-contaminacion-sonora-con-programa-hablemos-de-ruido\/","title":{"rendered":"Autoridades intensifican campa\u00f1a contra la contaminaci\u00f3n sonora con programa \u00abHablemos de Ruido\u00bb"},"content":{"rendered":"<div data-td-block-uid=\"tdi_100\">\n<div class=\"tdb-block-inner td-fix-index\">\n<p class=\"wp-block-paragraph\">Santo Domingo- Con el objetivo de promover una convivencia pac\u00edfica y recuperar la tranquilidad en espacios p\u00fablicos y comunidades, varias instituciones desarrollan el programa de concienciaci\u00f3n \u201cHablemos de Ruido\u201d.<\/p>\n<p class=\"wp-block-paragraph\">La iniciativa re\u00fane a la Procuradur\u00eda Especializada para la Defensa del Medio Ambiente y los Recursos Naturales (Proedemaren), el Ministerio de Interior y Polic\u00eda, la Direcci\u00f3n contra el Ruido de la Polic\u00eda Nacional y las Juntas de Vecinos contra el Ruido.<\/p>\n<p class=\"wp-block-paragraph\">Las jornadas se han realizado en diferentes sectores del Gran Santo Domingo, incluyendo Cristo Rey, Don Bosco, Ensanche Luper\u00f3n y Primaveral, en Villa Mella, adem\u00e1s de otras localidades del pa\u00eds.<\/p>\n<p class=\"wp-block-paragraph\">Durante los encuentros, las autoridades orientan a residentes, l\u00edderes comunitarios y propietarios de establecimientos comerciales sobre la importancia de mantener los niveles de sonido dentro de los l\u00edmites establecidos por la legislaci\u00f3n dominicana.<\/p>\n<figure class=\"wp-block-image size-large is-resized\"><img data-recalc-dims=\"1\" fetchpriority=\"high\" decoding=\"async\" width=\"696\" height=\"928\" data-attachment-id=\"524189\" data-permalink=\"https:\/\/rnn.com.do\/autoridades-intensifican-campana-contra-la-contaminacion-sonora-con-programa-hablemos-de-ruido\/whatsapp-image-2026-09-02-at-10-21-28-am1\/\" data-orig-file=\"https:\/\/i0.wp.com\/rnn.com.do\/wp-content\/uploads\/2026\/09\/WhatsApp-Image-2026-09-02-at-10.21.28-AM1.jpeg?fit=1200%2C1600&ssl=1\" data-orig-size=\"1200,1600\" data-comments-opened=\"1\" data-image-meta=\"{&quot;aperture&quot;:&quot;0&quot;,&quot;credit&quot;:&quot;&quot;,&quot;camera&quot;:&quot;&quot;,&quot;caption&quot;:&quot;&quot;,&quot;created_timestamp&quot;:&quot;0&quot;,&quot;copyright&quot;:&quot;&quot;,&quot;focal_length&quot;:&quot;0&quot;,&quot;iso&quot;:&quot;0&quot;,&quot;shutter_speed&quot;:&quot;0&quot;,&quot;title&quot;:&quot;&quot;,&quot;orientation&quot;:&quot;0&quot;,&quot;alt&quot;:&quot;&quot;}\" data-image-title=\"WhatsApp Image 2026-09-02 at 10.21.28 AM(1)\" data-image-description=\"\" data-image-caption=\"\" data-large-file=\"https:\/\/i0.wp.com\/rnn.com.do\/wp-content\/uploads\/2026\/09\/WhatsApp-Image-2026-09-02-at-10.21.28-AM1.jpeg?fit=696%2C928&ssl=1\" src=\"https:\/\/i0.wp.com\/rnn.com.do\/wp-content\/uploads\/2026\/09\/WhatsApp-Image-2026-09-02-at-10.21.28-AM1.jpeg?resize=696%2C928&ssl=1\" alt=\"\" class=\"wp-image-524189\" style=\"aspect-ratio:0.750000028503343;width:509px;height:auto\" srcset=\"https:\/\/i0.wp.com\/rnn.com.do\/wp-content\/uploads\/2026\/09\/WhatsApp-Image-2026-09-02-at-10.21.28-AM1.jpeg?resize=768%2C1024&ssl=1 768w, https:\/\/i0.wp.com\/rnn.com.do\/wp-content\/uploads\/2026\/09\/WhatsApp-Image-2026-09-02-at-10.21.28-AM1.jpeg?resize=225%2C300&ssl=1 225w, https:\/\/i0.wp.com\/rnn.com.do\/wp-content\/uploads\/2026\/09\/WhatsApp-Image-2026-09-02-at-10.21.28-AM1.jpeg?resize=1152%2C1536&ssl=1 1152w, https:\/\/i0.wp.com\/rnn.com.do\/wp-content\/uploads\/2026\/09\/WhatsApp-Image-2026-09-02-at-10.21.28-AM1.jpeg?resize=315%2C420&ssl=1 315w, https:\/\/i0.wp.com\/rnn.com.do\/wp-content\/uploads\/2026\/09\/WhatsApp-Image-2026-09-02-at-10.21.28-AM1.jpeg?resize=150%2C200&ssl=1 150w, https:\/\/i0.wp.com\/rnn.com.do\/wp-content\/uploads\/2026\/09\/WhatsApp-Image-2026-09-02-at-10.21.28-AM1.jpeg?resize=300%2C400&ssl=1 300w, https:\/\/i0.wp.com\/rnn.com.do\/wp-content\/uploads\/2026\/09\/WhatsApp-Image-2026-09-02-at-10.21.28-AM1.jpeg?resize=696%2C928&ssl=1 696w, https:\/\/i0.wp.com\/rnn.com.do\/wp-content\/uploads\/2026\/09\/WhatsApp-Image-2026-09-02-at-10.21.28-AM1.jpeg?resize=1068%2C1424&ssl=1 1068w, https:\/\/i0.wp.com\/rnn.com.do\/wp-content\/uploads\/2026\/09\/WhatsApp-Image-2026-09-02-at-10.21.28-AM1.jpeg?w=1200&ssl=1 1200w\" sizes=\"(max-width: 696px) 100vw, 696px\"\/><\/figure>\n<p class=\"wp-block-paragraph\">El procurador titular de Proedemaren, Francisco Contreras N\u00fa\u00f1ez, destac\u00f3 que el cumplimiento de la Ley 64-00 sobre Medio Ambiente y la Ley 90-19 sobre prevenci\u00f3n de ruidos nocivos es fundamental para proteger la salud y el bienestar de la poblaci\u00f3n.<\/p>\n<p class=\"wp-block-paragraph\">La campa\u00f1a tambi\u00e9n busca que las comunidades se involucren en la prevenci\u00f3n de la contaminaci\u00f3n sonora y conozcan los mecanismos disponibles para denunciar los delitos ambientales.<\/p>\n<p class=\"wp-block-paragraph\">Las autoridades exhortaron a la ciudadan\u00eda a colaborar con los operativos preventivos y a contribuir a recuperar la tranquilidad en los barrios y espacios p\u00fablicos.<\/p>\n<\/div>\n<\/div>\n","protected":false},"excerpt":{"rendered":"Santo Domingo- Con el objetivo de promover una convivencia pac\u00edfica y recuperar&hellip;\n","protected":false},"author":1,"featured_media":66861,"comment_status":"open","ping_status":"open","sticky":false,"template":"","format":"standard","meta":{"footnotes":""},"categories":[1],"tags":[],"class_list":["post-66860","post","type-post","status-publish","format-standard","has-post-thumbnail","category-nacionales"],"_links":{"self":[{"href":"https:\/\/acronoticias.com\/index.php\/wp-json\/wp\/v2\/posts\/66860","targetHints":{"allow":["GET"]}}],"collection":[{"href":"https:\/\/acronoticias.com\/index.php\/wp-json\/wp\/v2\/posts"}],"about":[{"href":"https:\/\/acronoticias.com\/index.php\/wp-json\/wp\/v2\/types\/post"}],"author":[{"embeddable":true,"href":"https:\/\/acronoticias.com\/index.php\/wp-json\/wp\/v2\/users\/1"}],"replies":[{"embeddable":true,"href":"https:\/\/acronoticias.com\/index.php\/wp-json\/wp\/v2\/comments?post=66860"}],"version-history":[{"count":0,"href":"https:\/\/acronoticias.com\/index.php\/wp-json\/wp\/v2\/posts\/66860\/revisions"}],"wp:featuredmedia":[{"embeddable":true,"href":"https:\/\/acronoticias.com\/index.php\/wp-json\/wp\/v2\/media\/66861"}],"wp:attachment":[{"href":"https:\/\/acronoticias.com\/index.php\/wp-json\/wp\/v2\/media?parent=66860"}],"wp:term":[{"taxonomy":"category","embeddable":true,"href":"https:\/\/acronoticias.com\/index.php\/wp-json\/wp\/v2\/categories?post=66860"},{"taxonomy":"post_tag","embeddable":true,"href":"https:\/\/acronoticias.com\/index.php\/wp-json\/wp\/v2\/tags?post=66860"}],"curies":[{"name":"wp","href":"https:\/\/api.w.org\/{rel}","templated":true}]}}