{"id":66858,"date":"2026-09-02T14:44:09","date_gmt":"2026-09-02T14:44:09","guid":{"rendered":"https:\/\/acronoticias.com\/index.php\/2026\/09\/02\/se-cumplen-ocho-anos-de-la-muerte-de-andreea-celea\/"},"modified":"2026-09-02T14:44:09","modified_gmt":"2026-09-02T14:44:09","slug":"se-cumplen-ocho-anos-de-la-muerte-de-andreea-celea","status":"publish","type":"post","link":"https:\/\/acronoticias.com\/index.php\/2026\/09\/02\/se-cumplen-ocho-anos-de-la-muerte-de-andreea-celea\/","title":{"rendered":"Se cumplen ocho a\u00f1os de la muerte de Andreea Celea"},"content":{"rendered":"<div id=\"nota-texto\">\n<p>REDACCI\u00d3N. \u2013 Ocho a\u00f1os han transcurrido desde la muerte de <strong><a href=\"https:\/\/noticiassin.com\/tag\/andreea-celea\/\" class=\"nsin-auto-tag-link\">Andreea Celea<\/a><\/strong>, la joven de origen rumano que, con apenas 21 a\u00f1os, muri\u00f3 tras caer desde el octavo piso de un hotel ubicado en el sector <a href=\"https:\/\/noticiassin.com\/tag\/bella-vista\/\" class=\"nsin-auto-tag-link\">Bella Vista<\/a>, <a href=\"https:\/\/noticiassin.com\/tag\/distrito-nacional\/\" class=\"nsin-auto-tag-link\">Distrito Nacional<\/a>, el <strong>1 de septiembre de 2018<\/strong>.<\/p>\n<p>Su hermana <strong>Cezara Voicila<\/strong>, comparti\u00f3 en redes sociales una fotograf\u00eda de Andreea acompa\u00f1ada de un mensaje en su memoria.<\/p>\n<p>\u201c<strong>Hoy se cumplen 8 a\u00f1os\u2026 Ya est\u00e1s con mami. No tengo muchas palabras para escribir. A\u00fan no entiendo nada. Las amo desde este plano terrenal hasta el m\u00e1s all\u00e1<\/strong>\u201d, escribi\u00f3 Voicila, junto a la etiqueta <strong>#justiciaporandreea<\/strong>.<\/p>\n<h2 id=\"condena-firme-contra-gabriel-villanueva\" class=\"wp-block-heading\">Condena firme contra Gabriel Villanueva<\/h2>\n<p>El caso caus\u00f3 una profunda conmoci\u00f3n en la sociedad dominicana y dio inicio a un proceso judicial contra quien entonces era su pareja, <strong><a href=\"https:\/\/noticiassin.com\/tag\/gabriel-villanueva\/\" class=\"nsin-auto-tag-link\">Gabriel Villanueva<\/a><\/strong>, posteriormente condenado a <strong>20 a\u00f1os de prisi\u00f3n por homicidio y violencia intrafamiliar agravada<\/strong>.<\/p>\n<p>Durante el juicio, la defensa de Villanueva sostuvo la teor\u00eda de que Andreea se hab\u00eda suicidado. Sin embargo, esa versi\u00f3n <strong>fue descartada por el tribunal luego de valorar<\/strong> las pruebas y testimonios presentados durante el proceso.<\/p>\n<div class=\"nbs-subscribe-box \">\n<p>Suscribete al newsletter de Noticias SIN<\/p>\n<\/div>\n<p>Entre los elementos examinados estuvieron las declaraciones de testigos que relataron <strong>episodios de violencia dentro de la relaci\u00f3n<\/strong>, as\u00ed como conversaciones telef\u00f3nicas entre la pareja que fueron incorporadas al expediente.<\/p>\n<p>Tambi\u00e9n tuvo relevancia el an\u00e1lisis forense de la ca\u00edda. De acuerdo con lo expuesto durante el proceso, la autopsia y los estudios realizados establecieron que el cuerpo de Andreea present\u00f3 un <strong>movimiento parab\u00f3lico<\/strong> y que el punto donde impact\u00f3 se encontraba a una distancia que indicaba la intervenci\u00f3n de una <strong>\u201cfuerza externa\u201d<\/strong>.<\/p>\n<p>Al momento del hecho, <strong>Villanueva <\/strong>era la \u00fanica persona que se encontraba con la joven en la habitaci\u00f3n desde la cual se produjo la ca\u00edda, otro de los elementos considerados por el tribunal al momento de emitir su decisi\u00f3n.<\/p>\n<p>En marzo de 2021, el <strong><a href=\"https:\/\/noticiassin.com\/tag\/segundo-tribunal-colegiado-del-distrito-nacional\/\" class=\"nsin-auto-tag-link\">Segundo Tribunal Colegiado del Distrito Nacional<\/a><\/strong> declar\u00f3 culpable a Villanueva y le impuso una condena de 20 a\u00f1os de prisi\u00f3n. La sentencia estableci\u00f3 adem\u00e1s la existencia de un contexto de violencia previo a la muerte de Andreea.<\/p>\n<p>La decisi\u00f3n fue posteriormente ratificada por la <strong>Primera Sala Penal de la Corte de Apelaci\u00f3n del Distrito Nacional<\/strong>, que elev\u00f3 a <strong>RD$10 millones<\/strong> la indemnizaci\u00f3n a favor de los familiares de la joven.<\/p>\n<p>En mayo de 2023, la <strong><a href=\"https:\/\/noticiassin.com\/tag\/suprema-corte-de-justicia\/\" class=\"nsin-auto-tag-link\">Suprema Corte de Justicia<\/a> (SCJ)<\/strong> rechaz\u00f3 el recurso de casaci\u00f3n presentado por la defensa de Villanueva, quedando firme la condena.<\/p>\n<p>Al cumplirse ocho a\u00f1os de su muerte, su hermana, <strong>Cezara Voicila<\/strong>, record\u00f3 a Andreea a trav\u00e9s de sus redes sociales con una fotograf\u00eda y un mensaje en el que expres\u00f3: \u201c<strong>Hoy se cumplen 8 a\u00f1os\u2026 Ya est\u00e1s con mami. No tengo muchas palabras para escribir. A\u00fan no entiendo nada<\/strong>\u201d.<\/p>\n<p>\u201c<strong>Las amo desde este plano terrenal hasta el m\u00e1s all\u00e1<\/strong>\u201d, agreg\u00f3 Voicila, acompa\u00f1ando la publicaci\u00f3n con la etiqueta <strong>#justiciaporandreea<\/strong>.<\/p>\n<h2 id=\"un-caso-emblematico-de-violencia-de-pareja\" class=\"wp-block-heading\">Un caso emblem\u00e1tico de violencia de pareja<\/h2>\n<p>El caso de Andreea Celea permanece como uno de los procesos relacionados con <strong>violencia de pareja<\/strong> que mayor repercusi\u00f3n p\u00fablica y medi\u00e1tica ha tenido en Rep\u00fablica Dominicana durante los \u00faltimos a\u00f1os.<\/p>\n<\/div>\n","protected":false},"excerpt":{"rendered":"REDACCI\u00d3N. \u2013 Ocho a\u00f1os han transcurrido desde la muerte de Andreea Celea,&hellip;\n","protected":false},"author":1,"featured_media":66859,"comment_status":"open","ping_status":"open","sticky":false,"template":"","format":"standard","meta":{"footnotes":""},"categories":[1],"tags":[],"class_list":["post-66858","post","type-post","status-publish","format-standard","has-post-thumbnail","category-nacionales"],"_links":{"self":[{"href":"https:\/\/acronoticias.com\/index.php\/wp-json\/wp\/v2\/posts\/66858","targetHints":{"allow":["GET"]}}],"collection":[{"href":"https:\/\/acronoticias.com\/index.php\/wp-json\/wp\/v2\/posts"}],"about":[{"href":"https:\/\/acronoticias.com\/index.php\/wp-json\/wp\/v2\/types\/post"}],"author":[{"embeddable":true,"href":"https:\/\/acronoticias.com\/index.php\/wp-json\/wp\/v2\/users\/1"}],"replies":[{"embeddable":true,"href":"https:\/\/acronoticias.com\/index.php\/wp-json\/wp\/v2\/comments?post=66858"}],"version-history":[{"count":0,"href":"https:\/\/acronoticias.com\/index.php\/wp-json\/wp\/v2\/posts\/66858\/revisions"}],"wp:featuredmedia":[{"embeddable":true,"href":"https:\/\/acronoticias.com\/index.php\/wp-json\/wp\/v2\/media\/66859"}],"wp:attachment":[{"href":"https:\/\/acronoticias.com\/index.php\/wp-json\/wp\/v2\/media?parent=66858"}],"wp:term":[{"taxonomy":"category","embeddable":true,"href":"https:\/\/acronoticias.com\/index.php\/wp-json\/wp\/v2\/categories?post=66858"},{"taxonomy":"post_tag","embeddable":true,"href":"https:\/\/acronoticias.com\/index.php\/wp-json\/wp\/v2\/tags?post=66858"}],"curies":[{"name":"wp","href":"https:\/\/api.w.org\/{rel}","templated":true}]}}