{"id":66850,"date":"2026-09-02T14:09:53","date_gmt":"2026-09-02T14:09:53","guid":{"rendered":"https:\/\/acronoticias.com\/index.php\/2026\/09\/02\/condenan-a-20-anos-de-prision-a-hombre-por-violacion-sexual-de-una-adolescente\/"},"modified":"2026-09-02T14:09:53","modified_gmt":"2026-09-02T14:09:53","slug":"condenan-a-20-anos-de-prision-a-hombre-por-violacion-sexual-de-una-adolescente","status":"publish","type":"post","link":"https:\/\/acronoticias.com\/index.php\/2026\/09\/02\/condenan-a-20-anos-de-prision-a-hombre-por-violacion-sexual-de-una-adolescente\/","title":{"rendered":"Condenan a 20 a\u00f1os de prisi\u00f3n a hombre por violaci\u00f3n sexual de una adolescente"},"content":{"rendered":"<div id=\"nota-texto\">\n<p><strong><strong>Santo Domingo<\/strong>.-<\/strong> Un hombre fue condenado a <strong>20 a\u00f1os de prisi\u00f3n<\/strong> por la violaci\u00f3n sexual de una adolescente de 15 a\u00f1os, en un hecho ocurrido en mayo de 2025 en el sector <strong><a href=\"https:\/\/noticiassin.com\/tag\/brisas-del-este\/\" class=\"nsin-auto-tag-link\">Brisas del Este<\/a><\/strong>, <strong><a href=\"https:\/\/noticiassin.com\/tag\/santo-domingo-este\/\" class=\"nsin-auto-tag-link\">Santo Domingo Este<\/a><\/strong>.<\/p>\n<h2 id=\"condena-y-tribunal-en-santo-domingo-este\" class=\"wp-block-heading\">Condena y tribunal en Santo Domingo Este<\/h2>\n<p>El condenado es <strong>Fraynel Odalis Ferreras Sosa, alias Frander<\/strong>, contra quien el <strong><a href=\"https:\/\/noticiassin.com\/tag\/ministerio-publico\/\" class=\"nsin-auto-tag-link\">Ministerio P\u00fablico<\/a><\/strong> present\u00f3 las pruebas que sustentaron su responsabilidad penal ante el <strong><a href=\"https:\/\/noticiassin.com\/tag\/segundo-tribunal-colegiado-de-santo-domingo\/\" class=\"nsin-auto-tag-link\">Segundo Tribunal Colegiado de Santo Domingo<\/a> Este<\/strong>.<\/p>\n<p>De acuerdo con la acusaci\u00f3n, el hecho ocurri\u00f3 cuando la adolescente acudi\u00f3 a la vivienda de una amiga para realizar una tarea escolar. En un momento, la amiga sali\u00f3 del lugar y la dej\u00f3 sola, circunstancia que, seg\u00fan el expediente, fue aprovechada por <strong>Ferreras Sosa<\/strong> para cometer la agresi\u00f3n sexual.<\/p>\n<p>La investigaci\u00f3n se\u00f1ala que la madre de la v\u00edctima present\u00f3 la denuncia el <strong>8 de mayo de 2025<\/strong>, luego de que su hija le revelara lo ocurrido. Seg\u00fan relat\u00f3 la progenitora, hab\u00eda notado cambios en el comportamiento de la adolescente, quien se mostraba m\u00e1s callada y presentaba episodios de violencia.<\/p>\n<p>La joven posteriormente recibi\u00f3<strong> atenci\u00f3n m\u00e9dica<\/strong> y, tras la consulta, rompi\u00f3 en llanto y cont\u00f3 a su madre lo sucedido.<\/p>\n<div class=\"nbs-subscribe-box \">\n<p>Suscribete al newsletter de Noticias SIN<\/p>\n<\/div>\n<h2 id=\"denuncia-pruebas-y-base-legal\" class=\"wp-block-heading\">Denuncia, pruebas y base legal<\/h2>\n<p>A partir de la denuncia, el <strong>Ministerio P\u00fablico<\/strong> inici\u00f3 las investigaciones y present\u00f3 durante el proceso distintas evidencias, entre ellas pruebas testimoniales, periciales y documentales, adem\u00e1s de una evaluaci\u00f3n psicol\u00f3gica practicada a la v\u00edctima.<\/p>\n<p>Durante el juicio, la fiscal litigante <strong>Ana Basora<\/strong> present\u00f3 los elementos probatorios con los que la acusaci\u00f3n estableci\u00f3 la responsabilidad penal de Ferreras Sosa.<\/p>\n<p>El Segundo Tribunal Colegiado de <strong>Santo Domingo Este<\/strong>, integrado por las juezas <strong>Josefina Ubiera Guerrero<\/strong>, presidenta; <strong>Isa\u00edas R. Mart\u00ednez P.<\/strong> y <strong>Ana Miledys Taveras<\/strong>, orden\u00f3 que el condenado cumpla la pena en el <strong><a href=\"https:\/\/noticiassin.com\/tag\/centro-de-correccion-y-rehabilitacion-najayo-hombres\/\" class=\"nsin-auto-tag-link\">Centro de Correcci\u00f3n y Rehabilitaci\u00f3n Najayo Hombres<\/a><\/strong>, en <strong><a href=\"https:\/\/noticiassin.com\/tag\/san-cristobal\/\" class=\"nsin-auto-tag-link\">San Crist\u00f3bal<\/a><\/strong>.<\/p>\n<p><strong>Ferreras Sosa<\/strong> fue declarado culpable de violar el <strong>art\u00edculo 331 del antiguo <a href=\"https:\/\/noticiassin.com\/tag\/codigo-penal-dominicano\/\" class=\"nsin-auto-tag-link\">C\u00f3digo Penal Dominicano<\/a><\/strong>, modificado por la <strong>Ley 24-97<\/strong> sobre <a href=\"https:\/\/noticiassin.com\/tag\/violencia-de-genero\/\" class=\"nsin-auto-tag-link\">Violencia de G\u00e9nero<\/a>, as\u00ed como varias disposiciones de la <strong>Ley 136-03<\/strong>, que establece el C\u00f3digo para la Protecci\u00f3n y los Derechos Fundamentales de Ni\u00f1os, Ni\u00f1as y Adolescentes.<\/p>\n<\/div>\n","protected":false},"excerpt":{"rendered":"Santo Domingo.- Un hombre fue condenado a 20 a\u00f1os de prisi\u00f3n por&hellip;\n","protected":false},"author":1,"featured_media":66851,"comment_status":"open","ping_status":"open","sticky":false,"template":"","format":"standard","meta":{"footnotes":""},"categories":[1],"tags":[],"class_list":["post-66850","post","type-post","status-publish","format-standard","has-post-thumbnail","category-nacionales"],"_links":{"self":[{"href":"https:\/\/acronoticias.com\/index.php\/wp-json\/wp\/v2\/posts\/66850","targetHints":{"allow":["GET"]}}],"collection":[{"href":"https:\/\/acronoticias.com\/index.php\/wp-json\/wp\/v2\/posts"}],"about":[{"href":"https:\/\/acronoticias.com\/index.php\/wp-json\/wp\/v2\/types\/post"}],"author":[{"embeddable":true,"href":"https:\/\/acronoticias.com\/index.php\/wp-json\/wp\/v2\/users\/1"}],"replies":[{"embeddable":true,"href":"https:\/\/acronoticias.com\/index.php\/wp-json\/wp\/v2\/comments?post=66850"}],"version-history":[{"count":0,"href":"https:\/\/acronoticias.com\/index.php\/wp-json\/wp\/v2\/posts\/66850\/revisions"}],"wp:featuredmedia":[{"embeddable":true,"href":"https:\/\/acronoticias.com\/index.php\/wp-json\/wp\/v2\/media\/66851"}],"wp:attachment":[{"href":"https:\/\/acronoticias.com\/index.php\/wp-json\/wp\/v2\/media?parent=66850"}],"wp:term":[{"taxonomy":"category","embeddable":true,"href":"https:\/\/acronoticias.com\/index.php\/wp-json\/wp\/v2\/categories?post=66850"},{"taxonomy":"post_tag","embeddable":true,"href":"https:\/\/acronoticias.com\/index.php\/wp-json\/wp\/v2\/tags?post=66850"}],"curies":[{"name":"wp","href":"https:\/\/api.w.org\/{rel}","templated":true}]}}