{"id":66848,"date":"2026-09-02T13:53:26","date_gmt":"2026-09-02T13:53:26","guid":{"rendered":"https:\/\/acronoticias.com\/index.php\/2026\/09\/02\/municipio-de-mella-recibe-camion-recolector-de-desechos-solidos\/"},"modified":"2026-09-02T13:53:26","modified_gmt":"2026-09-02T13:53:26","slug":"municipio-de-mella-recibe-camion-recolector-de-desechos-solidos","status":"publish","type":"post","link":"https:\/\/acronoticias.com\/index.php\/2026\/09\/02\/municipio-de-mella-recibe-camion-recolector-de-desechos-solidos\/","title":{"rendered":"Municipio de Mella recibe cami\u00f3n recolector de desechos s\u00f3lidos"},"content":{"rendered":"<p><img decoding=\"async\" width=\"355\" height=\"200\" src=\"https:\/\/nuevodiario-assets.s3.us-east-2.amazonaws.com\/wp-content\/uploads\/2026\/09\/Alcalde-355x200.jpeg\" class=\"webfeedsFeaturedVisual wp-post-image\" alt=\"\" style=\"display: block;margin-bottom: 5px;clear:both;max-width: 100%\" loading=\"lazy\" \/><\/p>\n<p>EL NUEVO DIARIO, MELLA, INDEPENDENCIA.- El municipio de Mella recibi\u00f3 un nuevo cami\u00f3n compactador para fortalecer la recogida de desechos s\u00f3lidos y mejorar las condiciones de limpieza, salubridad y orden en esa demarcaci\u00f3n, como parte del programa de apoyo a los gobiernos locales impulsado por el presidente de la Rep\u00fablica, Luis Abinader.<\/p>\n<p>El ejecutivo municipal, Rodrigo Matos, recibi\u00f3 las llaves del cami\u00f3n de manos del ministro de la Presidencia, Andr\u00e9s Bautista Garc\u00eda, durante el acto de entrega de 50 camiones compactadores destinados a municipios y distritos municipales del pa\u00eds.<\/p>\n<p>Matos agradeci\u00f3 al presidente Luis Abinader por disponer este importante aporte al municipio de Mella, al considerar que el nuevo equipo contribuir\u00e1 significativamente a mejorar la capacidad operativa del ayuntamiento y a garantizar un servicio m\u00e1s eficiente en la recogida de los residuos s\u00f3lidos.<\/p>\n<p>\u201cAgradecemos profundamente al presidente Luis Abinader por este importante aporte para nuestro municipio. Este cami\u00f3n representa una herramienta fundamental para mantener a Mella limpio, ordenado y en mejores condiciones para todos sus habitantes\u201d, expres\u00f3 Rodrigo Matos.<\/p>\n<p>El alcalde destac\u00f3 que la incorporaci\u00f3n del veh\u00edculo permitir\u00e1 ampliar y fortalecer las labores de recolecci\u00f3n, al tiempo que contribuir\u00e1 a reducir la acumulaci\u00f3n de residuos en calles y espacios p\u00fablicos, favoreciendo la protecci\u00f3n del medio ambiente y la salud de la poblaci\u00f3n.<\/p>\n<p>La entrega forma parte de una iniciativa del Gobierno dominicano, ejecutada a trav\u00e9s del Ministerio Administrativo de la Presidencia (MAPRE), orientada a fortalecer las capacidades de los gobiernos locales para ofrecer un servicio de recogida de basura m\u00e1s eficiente.<\/p>\n<p>Durante el acto, el ministro Andr\u00e9s Bautista Garc\u00eda exhort\u00f3 a los alcaldes y directores distritales beneficiados a preservar adecuadamente los equipos y utilizarlos de manera responsable, evitando que con el paso de los a\u00f1os terminen deteriorados o fuera de servicio.<\/p>\n<p>La incorporaci\u00f3n de este cami\u00f3n representa para el municipio de Mella un importante respaldo a la gesti\u00f3n municipal y reafirma el compromiso de las autoridades locales de trabajar por una demarcaci\u00f3n m\u00e1s limpia, organizada y saludable.<\/p>\n<p>La entrada <a href=\"https:\/\/elnuevodiario.com.do\/municipio-de-mella-recibe-camion-recolector-de-desechos-solidos\/\">Municipio de Mella recibe cami\u00f3n recolector de desechos s\u00f3lidos<\/a> se public\u00f3 primero en <a href=\"https:\/\/elnuevodiario.com.do\">El Nuevo Diario (Rep\u00fablica Dominicana)<\/a>.<\/p>\n","protected":false},"excerpt":{"rendered":"EL NUEVO DIARIO, MELLA, INDEPENDENCIA.- El municipio de Mella recibi\u00f3 un nuevo&hellip;\n","protected":false},"author":1,"featured_media":66849,"comment_status":"open","ping_status":"open","sticky":false,"template":"","format":"standard","meta":{"footnotes":""},"categories":[1],"tags":[],"class_list":["post-66848","post","type-post","status-publish","format-standard","has-post-thumbnail","category-nacionales"],"_links":{"self":[{"href":"https:\/\/acronoticias.com\/index.php\/wp-json\/wp\/v2\/posts\/66848","targetHints":{"allow":["GET"]}}],"collection":[{"href":"https:\/\/acronoticias.com\/index.php\/wp-json\/wp\/v2\/posts"}],"about":[{"href":"https:\/\/acronoticias.com\/index.php\/wp-json\/wp\/v2\/types\/post"}],"author":[{"embeddable":true,"href":"https:\/\/acronoticias.com\/index.php\/wp-json\/wp\/v2\/users\/1"}],"replies":[{"embeddable":true,"href":"https:\/\/acronoticias.com\/index.php\/wp-json\/wp\/v2\/comments?post=66848"}],"version-history":[{"count":0,"href":"https:\/\/acronoticias.com\/index.php\/wp-json\/wp\/v2\/posts\/66848\/revisions"}],"wp:featuredmedia":[{"embeddable":true,"href":"https:\/\/acronoticias.com\/index.php\/wp-json\/wp\/v2\/media\/66849"}],"wp:attachment":[{"href":"https:\/\/acronoticias.com\/index.php\/wp-json\/wp\/v2\/media?parent=66848"}],"wp:term":[{"taxonomy":"category","embeddable":true,"href":"https:\/\/acronoticias.com\/index.php\/wp-json\/wp\/v2\/categories?post=66848"},{"taxonomy":"post_tag","embeddable":true,"href":"https:\/\/acronoticias.com\/index.php\/wp-json\/wp\/v2\/tags?post=66848"}],"curies":[{"name":"wp","href":"https:\/\/api.w.org\/{rel}","templated":true}]}}