{"id":66838,"date":"2026-09-02T13:04:41","date_gmt":"2026-09-02T13:04:41","guid":{"rendered":"https:\/\/acronoticias.com\/index.php\/2026\/09\/02\/rector-del-ipes-supervisa-formacion-de-cadetes-y-llama-a-mantener-preparacion-continua\/"},"modified":"2026-09-02T13:04:41","modified_gmt":"2026-09-02T13:04:41","slug":"rector-del-ipes-supervisa-formacion-de-cadetes-y-llama-a-mantener-preparacion-continua","status":"publish","type":"post","link":"https:\/\/acronoticias.com\/index.php\/2026\/09\/02\/rector-del-ipes-supervisa-formacion-de-cadetes-y-llama-a-mantener-preparacion-continua\/","title":{"rendered":"Rector del IPES supervisa formaci\u00f3n de cadetes y llama a mantener preparaci\u00f3n continua"},"content":{"rendered":"<p><img decoding=\"async\" width=\"355\" height=\"200\" src=\"https:\/\/nuevodiario-assets.s3.us-east-2.amazonaws.com\/wp-content\/uploads\/2026\/09\/General-Juan-Hilario-Guzman-Badia-Rector-IPES-355x200.jpeg\" class=\"webfeedsFeaturedVisual wp-post-image\" alt=\"\" style=\"display: block;margin-bottom: 5px;clear:both;max-width: 100%\" loading=\"lazy\" \/><\/p>\n<p>EL NUEVO DIARIO, SANTO DOMINGO.\u2013 El rector del Instituto Policial de Educaci\u00f3n Superior (IPES), general Juan Hilario Guzm\u00e1n Bad\u00eda, realiz\u00f3 este martes una jornada de orientaci\u00f3n y supervisi\u00f3n en la Escuela para Cadetes \u201cMayor General Jos\u00e9 F\u00e9lix Rafael Hermida Gonz\u00e1lez\u201d, donde exhort\u00f3 a los cadetes a mantener una preparaci\u00f3n continua y actuar conforme a principios \u00e9ticos y de servicio.<\/p>\n<p>Durante la jornada, Guzm\u00e1n Bad\u00eda destac\u00f3 que la formaci\u00f3n de los futuros oficiales debe continuar despu\u00e9s de su graduaci\u00f3n y los inst\u00f3 a desarrollar sus capacidades en las \u00e1reas en las que desempe\u00f1en su carrera policial.<\/p>\n<p><span style=\"font-weight: 400\">\u201cSigan form\u00e1ndose, esto apenas es el comienzo. Nunca se queden atr\u00e1s; todo requiere sacrificio y esfuerzo. Aprovechen esta formaci\u00f3n para ser hombres y mujeres de bien, al servicio de la sociedad y la patria, con la misi\u00f3n de proteger y servir a la ciudadan\u00eda\u201d, expres\u00f3 el rector del IPES.<\/span><\/p>\n<figure id=\"attachment_3261904\" aria-describedby=\"caption-attachment-3261904\" style=\"width: 400px\" class=\"wp-caption alignnone\"><img loading=\"lazy\" decoding=\"async\" data-recalc-dims=\"1\" class=\"size-medium wp-image-3261904\" src=\"https:\/\/i0.wp.com\/nuevodiario-assets.s3.us-east-2.amazonaws.com\/wp-content\/uploads\/2026\/09\/Cadetes-del-IPES-1-400x249.jpeg?resize=400%2C249&quality=100&ssl=1\" alt=\"\" width=\"400\" height=\"249\" \/><figcaption id=\"caption-attachment-3261904\" class=\"wp-caption-text\">Cadetes del IPES (Foto: Direcci\u00f3n de Comunicaciones IPES)<\/figcaption><\/figure>\n<p>Como parte de la visita, el general supervis\u00f3 distintas \u00e1reas de la Escuela para Cadetes y verific\u00f3 las condiciones de los espacios destinados a la formaci\u00f3n. Durante el recorrido tambi\u00e9n identific\u00f3 oportunidades de mejora relacionadas con el proceso educativo.<\/p>\n<figure id=\"attachment_3261908\" aria-describedby=\"caption-attachment-3261908\" style=\"width: 400px\" class=\"wp-caption alignnone\"><img loading=\"lazy\" decoding=\"async\" data-recalc-dims=\"1\" class=\"size-medium wp-image-3261908\" src=\"https:\/\/i0.wp.com\/nuevodiario-assets.s3.us-east-2.amazonaws.com\/wp-content\/uploads\/2026\/09\/Rector-del-IPES-supervisa-formacion-de-cadetes-400x300.jpeg?resize=400%2C300&quality=100&ssl=1\" alt=\"\" width=\"400\" height=\"300\" \/><figcaption id=\"caption-attachment-3261908\" class=\"wp-caption-text\">Rector del IPES supervisa formaci\u00f3n de cadetes (Foto: Direcci\u00f3n de Comunicaciones IPES)<\/figcaption><\/figure>\n<p>Guzm\u00e1n Bad\u00eda se\u00f1al\u00f3, adem\u00e1s, la importancia de que los conocimientos adquiridos durante la preparaci\u00f3n acad\u00e9mica y profesional sean aplicados en el ejercicio de las funciones policiales, a fin de que los cadetes puedan responder a las responsabilidades propias de su labor.<\/p>\n<figure id=\"attachment_3261905\" aria-describedby=\"caption-attachment-3261905\" style=\"width: 400px\" class=\"wp-caption alignnone\"><img decoding=\"async\" data-recalc-dims=\"1\" loading=\"lazy\" class=\"size-medium wp-image-3261905\" src=\"https:\/\/i0.wp.com\/nuevodiario-assets.s3.us-east-2.amazonaws.com\/wp-content\/uploads\/2026\/09\/Cadetes-del-IPES-2-400x300.jpeg?resize=400%2C300&quality=100&ssl=1\" alt=\"\" width=\"400\" height=\"300\" \/><figcaption id=\"caption-attachment-3261905\" class=\"wp-caption-text\">Cadetes del IPES (Foto: Direcci\u00f3n de Comunicaciones IPES)<\/figcaption><\/figure>\n<p>La jornada cont\u00f3 con el acompa\u00f1amiento del director de la Escuela para Cadetes, coronel Julio Enmanuel Valenzuela Pe\u00f1a, as\u00ed como de oficiales superiores e instructores.<\/p>\n<p>La visita se enmarca en el seguimiento que realiza el IPES a los procesos de formaci\u00f3n de los miembros de la Polic\u00eda Nacional, de acuerdo con los lineamientos del director general de la instituci\u00f3n, mayor general Ernesto Rafael Rodr\u00edguez Garc\u00eda.<\/p>\n<p>MMB\/<\/p>\n<p>La entrada <a href=\"https:\/\/elnuevodiario.com.do\/rector-del-ipes-supervisa-formacion-de-cadetes-y-llama-a-mantener-preparacion-continua\/\">Rector del IPES supervisa formaci\u00f3n de cadetes y llama a mantener preparaci\u00f3n continua<\/a> se public\u00f3 primero en <a href=\"https:\/\/elnuevodiario.com.do\">El Nuevo Diario (Rep\u00fablica Dominicana)<\/a>.<\/p>\n","protected":false},"excerpt":{"rendered":"EL NUEVO DIARIO, SANTO DOMINGO.\u2013 El rector del Instituto Policial de Educaci\u00f3n&hellip;\n","protected":false},"author":1,"featured_media":66839,"comment_status":"open","ping_status":"open","sticky":false,"template":"","format":"standard","meta":{"footnotes":""},"categories":[1],"tags":[],"class_list":["post-66838","post","type-post","status-publish","format-standard","has-post-thumbnail","category-nacionales"],"_links":{"self":[{"href":"https:\/\/acronoticias.com\/index.php\/wp-json\/wp\/v2\/posts\/66838","targetHints":{"allow":["GET"]}}],"collection":[{"href":"https:\/\/acronoticias.com\/index.php\/wp-json\/wp\/v2\/posts"}],"about":[{"href":"https:\/\/acronoticias.com\/index.php\/wp-json\/wp\/v2\/types\/post"}],"author":[{"embeddable":true,"href":"https:\/\/acronoticias.com\/index.php\/wp-json\/wp\/v2\/users\/1"}],"replies":[{"embeddable":true,"href":"https:\/\/acronoticias.com\/index.php\/wp-json\/wp\/v2\/comments?post=66838"}],"version-history":[{"count":0,"href":"https:\/\/acronoticias.com\/index.php\/wp-json\/wp\/v2\/posts\/66838\/revisions"}],"wp:featuredmedia":[{"embeddable":true,"href":"https:\/\/acronoticias.com\/index.php\/wp-json\/wp\/v2\/media\/66839"}],"wp:attachment":[{"href":"https:\/\/acronoticias.com\/index.php\/wp-json\/wp\/v2\/media?parent=66838"}],"wp:term":[{"taxonomy":"category","embeddable":true,"href":"https:\/\/acronoticias.com\/index.php\/wp-json\/wp\/v2\/categories?post=66838"},{"taxonomy":"post_tag","embeddable":true,"href":"https:\/\/acronoticias.com\/index.php\/wp-json\/wp\/v2\/tags?post=66838"}],"curies":[{"name":"wp","href":"https:\/\/api.w.org\/{rel}","templated":true}]}}