{"id":66834,"date":"2026-09-02T12:41:05","date_gmt":"2026-09-02T12:41:05","guid":{"rendered":"https:\/\/acronoticias.com\/index.php\/2026\/09\/02\/por-que-mayra-joli-volvio-al-miss-universo-a-sus-60-anos-la-transformacion-de-los-concursos-de-belleza\/"},"modified":"2026-09-02T12:41:05","modified_gmt":"2026-09-02T12:41:05","slug":"por-que-mayra-joli-volvio-al-miss-universo-a-sus-60-anos-la-transformacion-de-los-concursos-de-belleza","status":"publish","type":"post","link":"https:\/\/acronoticias.com\/index.php\/2026\/09\/02\/por-que-mayra-joli-volvio-al-miss-universo-a-sus-60-anos-la-transformacion-de-los-concursos-de-belleza\/","title":{"rendered":"\u00bfPor qu\u00e9 Mayra Joli volvi\u00f3 al Miss Universo a sus 60 a\u00f1os? La transformaci\u00f3n de los concursos de belleza"},"content":{"rendered":"<div>\n<div class=\"c-detail__author full\">\n<div>\n<div class=\"c-detail__author__thumb\">\n<figure>\n                                <picture src=\"https:\/\/imagenes.hoy.com.do\/files\/image_square_xs\/uploads\/2025\/11\/07\/690dd051d540e.jpeg\" data-size=\"w:40,h:40\">\n                                    <img decoding=\"async\" loading=\"lazy\" alt=\"Merilenny Mueses\" width=\"40\" height=\"40\" src=\"https:\/\/imagenes.hoy.com.do\/files\/image_square_xs\/uploads\/2025\/11\/07\/690dd051d540e.jpeg\"\/>\n                                <\/picture>\n                                <\/figure>\n<\/div>\n<\/div>\n<\/div>\n<p>                                                                                            <!-- --><\/p>\n<p class=\"paragraph\">Dicen que \u201cel buen hijo a su casa vuelve\u201d, y el refr\u00e1n le cae como anillo al dedo a<b> Mayra Joli, <\/b>Miss Santo Domingo Norte, quien regres\u00f3 al escenario del <b>Miss Rep\u00fablica Dominicana<\/b> 35 a\u00f1os\u00a0despu\u00e9s de haber concursado por primera vez.<\/p>\n<p class=\"paragraph\">En 1990 ten\u00eda 24 a\u00f1os. Ahora tiene 60, es abogada de inmigraci\u00f3n, tiene su propia firma, est\u00e1 casada y es madre. Elementos que ahora son\u00a0parte de su historia, pero que a\u00f1os atr\u00e1s habr\u00edan sido suficientes para dejarla fuera del concurso.<\/p>\n<p class=\"paragraph\">Joli qued\u00f3 entre las 20 semifinalistas del Miss Universo Rep\u00fablica Dominicana y recibi\u00f3 el reconocimiento de<b> Miss Superaci\u00f3n.<\/b> Pero no volvi\u00f3 a \u201ccasa\u201d con la intenci\u00f3n de llevarse la corona. Su prop\u00f3sito, seg\u00fan dijo en una entrevista en el peri\u00f3dico HOY, era cuestionar desde adentro los cambios en las reglas que hicieron posible su regreso.<\/p>\n<p class=\"paragraph\"><b>\u201cYo entr\u00e9 para que cierren la puerta\u201d,<\/b> dijo con jocosidad.<\/p>\n<p class=\"paragraph\"><b>Una protesta con tacones<\/b><\/p>\n<figure class=\"c-detail__media \"><figcaption class=\"c-detail__media__txt\">\n<p class=\"c-detail__media__subtitle\">\n<p>        <span class=\"c-detail__media__credit \">Miss Mayra Joli en una entrevista en el peri\u00f3dico HOY<\/span><span class=\"c-detail__media__author \">Guillermo Burgos<\/span><\/p>\n<\/figcaption><\/figure>\n<p class=\"paragraph\">Para Joli, su regreso no fue la oportunidad de cumplir un sue\u00f1o pendiente.<\/p>\n<p class=\"paragraph\">\u201cY cuando abrieron la edad, yo no dije: \u2018ay, el concurso, me voy a meter porque ese ha sido mi sue\u00f1o\u2019. No. Mi sue\u00f1o ya yo lo cumpl\u00ed. Eso fue para ayudar a las muchachas\u201d, explic\u00f3.\u00a0<\/p>\n<p class=\"paragraph\">\u201cYo represent\u00e9 a la Rep\u00fablica Dominicana en la Se\u00f1ora Mundo y Se\u00f1ora Universo. Concursos de se\u00f1oras, de divorciadas, casadas, los hay. \u00bfPor qu\u00e9 entonces hay que imponerse en el concurso de Miss? Yo quer\u00eda que la esencia del Miss se conservara\u201d, dijo con convicci\u00f3n.<\/p>\n<div class=\"composite-video \">\n    <!-- video module configuration --><\/p>\n<div class=\"video-player\">\n<figure class=\"c-detail__media c-detail__media-video\"><figcaption class=\"c-detail__media__txt\">\n<p class=\"c-detail__media__subtitle\">\n<p>                <span class=\"c-detail__media__credit \">\u00bfPor qu\u00e9 Mayra Joli volvi\u00f3 al Miss Universo a sus 60 a\u00f1os? La transformaci\u00f3n de los concursos de belleza<\/span><\/p>\n<\/figcaption><\/figure>\n<\/p><\/div>\n<\/div>\n<p class=\"paragraph\">Dijo que su idea era entrar al concurso para \u201cque vuelva la esencia del Miss\u201d.<\/p>\n<figure class=\"c-detail__media \"><figcaption class=\"c-detail__media__txt\">\n<p class=\"c-detail__media__subtitle\">\n<p>        <span class=\"c-detail__media__credit \">Mayra Joli sonr\u00ede durante entrevista en el peri\u00f3dico HOY<\/span><span class=\"c-detail__media__author \">Guillermo Burgos<\/span><\/p>\n<\/figcaption><\/figure>\n<p class=\"paragraph\">\u201cSi usted no realiz\u00f3 su sue\u00f1o, bueno, pues tenga una hija y real\u00edcelo a trav\u00e9s de ella, la jovencita, no venga para esto. Esto tiene que acabar. Yo entr\u00e9 para que cierren la puerta y para que vuelva la esencia del Miss Rep\u00fablica Dominicana Universo\u201d, afirm\u00f3 jovial.\u00a0<\/p>\n<div class=\"c-detail__box \">\n<article class=\"c-detail__sumario \">\n<figure class=\"c-detail__sumario__thumb\" style=\"display: block;\">\n            <a href=\"#\" title=\"\">\n                <picture data-size=\"w:140,h:140\" loading=\"lazy\" src=\"https:\/\/imagenes.hoy.com.do\/files\/related_image\/uploads\/2026\/07\/30\/6a6ba3379dc05.jpeg\" data-full-src=\"https:\/\/imagenes.hoy.com.do\/uploads\/2026\/07\/30\/6a6ba3379dc05.jpeg\">\n                    <img loading=\"lazy\" decoding=\"async\" width=\"140\" height=\"140\" alt=\"Imagen de las candidatas\" src=\"https:\/\/imagenes.hoy.com.do\/uploads\/2026\/07\/30\/6a6ba3379dc05.jpeg\"\/>\n                <\/picture>\n            <\/a><br \/>\n        <\/figure>\n<\/article>\n<\/div>\n<p class=\"paragraph\">Y en su regreso, Joli no pas\u00f3 desapercibida y se convirti\u00f3 en una de las candidatas que m\u00e1s conversaci\u00f3n gener\u00f3.<\/p>\n<p class=\"paragraph\">\u201cLuego de que entr\u00e9, no solo el premio Superaci\u00f3n, sino que fui la m\u00e1s medi\u00e1tica, pero no porque yo ven\u00eda con un plan medi\u00e1tico, sino porque tengo demasiadas cosas qu\u00e9 contar, porque tengo m\u00e1s vida, he vivido m\u00e1s que estas muchachas que yo les doblo la edad\u201d, sostuvo mientras sus ademanes le aportaban seguridad.<\/p>\n<p class=\"paragraph\"><b>\u00bfQu\u00e9 tanto han cambiado los concursos de belleza?<\/b><\/p>\n<p class=\"paragraph\">Los cambios no ocurrieron de un d\u00eda para otro.<\/p>\n<p class=\"paragraph\"><b>Alexander Fr\u00edas y Edward Tavares,<\/b> miss\u00f3logos consultados por este medio, coinciden en que los concursos de belleza han ido modificando sus reglas y la manera de entender a sus candidatas.<\/p>\n<figure class=\"c-detail__media \"><figcaption class=\"c-detail__media__txt\">\n<p class=\"c-detail__media__subtitle\">\n<p>        <span class=\"c-detail__media__credit \">Alexander Fr\u00edas<\/span><span class=\"c-detail__media__author \">Inatagram<\/span><\/p>\n<\/figcaption><\/figure>\n<p class=\"paragraph\">Fr\u00edas, explica que la transformaci\u00f3n ha estado relacionada con una sociedad que tambi\u00e9n ha cambiado.<\/p>\n<p class=\"paragraph\">\u201cEvidentemente, <b>los tiempos cambian<\/b> y los concursos de belleza han tenido que adaptarse a una sociedad que tambi\u00e9n ha cambiado. La industria de la belleza no es la excepci\u00f3n\u201d, se\u00f1al\u00f3.<\/p>\n<p class=\"paragraph\">Para Fr\u00edas, la apertura de Miss Universo debe entenderse como un proceso que comenz\u00f3 antes de la eliminaci\u00f3n de las restricciones de edad, estado civil y maternidad.<\/p>\n<div class=\"c-detail__box \">\n<article class=\"c-detail__sumario \">\n<figure class=\"c-detail__sumario__thumb\" style=\"display: block;\">\n            <a href=\"#\" title=\"\">\n                <picture data-size=\"w:140,h:140\" loading=\"lazy\" src=\"https:\/\/imagenes.hoy.com.do\/files\/related_image\/uploads\/2025\/11\/04\/690a6d93b34b1.jpeg\" data-full-src=\"https:\/\/imagenes.hoy.com.do\/uploads\/2025\/11\/04\/690a6d93b34b1.jpeg\">\n                    <img loading=\"lazy\" decoding=\"async\" width=\"140\" height=\"140\" alt=\"Mayra Joli.\" src=\"https:\/\/imagenes.hoy.com.do\/uploads\/2025\/11\/04\/690a6d93b34b1.jpeg\"\/>\n                <\/picture>\n            <\/a><br \/>\n        <\/figure>\n<\/article>\n<\/div>\n<p class=\"paragraph\">Uno de los puntos que ambos mencionan en esta transformaci\u00f3n fue el caso de<b> Jenna Talackova<\/b>, ocurrido en 2012. Talackova, una mujer trans, hab\u00eda sido descalificada del Miss Universo Canad\u00e1 y posteriormente la organizaci\u00f3n modific\u00f3 sus reglas para permitir la participaci\u00f3n de mujeres trans.<\/p>\n<figure class=\"c-detail__media \"><figcaption class=\"c-detail__media__txt\">\n<p class=\"c-detail__media__subtitle\">\n<p>        <span class=\"c-detail__media__credit \">Miss\u00f3logo Eduard Tavares<\/span><\/p>\n<\/figcaption><\/figure>\n<p class=\"paragraph\">El proceso tuvo otro momento importante en 2018, cuando \u00c1ngela Ponce, representante de Espa\u00f1a, se convirti\u00f3 en la primera mujer trans en competir en Miss Universo.<\/p>\n<p class=\"paragraph\">Otro caso locan es el de<b> Carlina Dur\u00e1n<\/b>, a quien en 2012 se le retir\u00f3 el t\u00edtulo tras conocerse que hab\u00eda estado casada.<\/p>\n<p class=\"paragraph\">Con el paso del tiempo, el certamen fue ampliando el perfil de las mujeres que pod\u00edan competir. Seg\u00fan los miss\u00f3logos, Miss Universo permiti\u00f3 desde 2023 la participaci\u00f3n de mujeres casadas y madres, mientras que desde 2024 elimin\u00f3 el l\u00edmite m\u00e1ximo de edad.<\/p>\n<p class=\"paragraph\">Para<b> Edward Tavares<\/b>, publicista, comunicador y fundador de E!Misso y MISSOSOLOGYRD, plataformas especializadas en concursos de belleza, estos cambios representan una evoluci\u00f3n.<\/p>\n<p class=\"paragraph\">\u201c<b>La eliminaci\u00f3n de restricciones<\/b> relacionadas con la edad, el estado civil y la maternidad responde principalmente a las nuevas reglas de Miss Universo, a las cuales debe adaptarse la franquicia nacional. Para m\u00ed, esto representa un avance, porque ser madre, estar casada o superar determinada edad <b>no deber\u00eda impedir que una mujer cumpla su sue\u00f1o <\/b>de participar y representar a su pa\u00eds\u201d, afirm\u00f3.<\/p>\n<figure class=\"c-detail__media \"><figcaption class=\"c-detail__media__txt\">\n<p class=\"c-detail__media__subtitle\">\n<p>        <span class=\"c-detail__media__credit \">Miss Mayra Joli tambi\u00e9n dio sus \u201ctruquitos de belleza\u201d. Se encuentran disponibles en las redes sociales del peri\u00f3dico HOY<\/span><span class=\"c-detail__media__author \">Guillermo Burgos<\/span><\/p>\n<\/figcaption><\/figure>\n<div class=\"c-detail__box \">\n<article class=\"c-detail__sumario \">\n<figure class=\"c-detail__sumario__thumb\" style=\"display: block;\">\n            <a href=\"#\" title=\"\">\n                <picture data-size=\"w:140,h:140\" loading=\"lazy\" src=\"https:\/\/imagenes.hoy.com.do\/files\/related_image\/files\/fp\/uploads\/2026\/07\/31\/6a6cb71854f55.r_d.412-300.jpeg\" data-full-src=\"https:\/\/imagenes.hoy.com.do\/uploads\/2026\/07\/31\/6a6cb71854f55.jpeg\">\n                    <img loading=\"lazy\" decoding=\"async\" width=\"140\" height=\"140\" alt=\"Melissa N\u00fa\u00f1ez\" src=\"https:\/\/imagenes.hoy.com.do\/uploads\/2026\/07\/31\/6a6cb71854f55.jpeg\"\/>\n                <\/picture>\n            <\/a><br \/>\n        <\/figure>\n<\/article>\n<\/div>\n<p class=\"paragraph\">Pero la pregunta no termina en qui\u00e9n puede entrar. Tambi\u00e9n est\u00e1 qui\u00e9n termina ganando. M\u00e1s mujeres pueden entrar, \u00bfpero cambi\u00f3 la ganadora?<\/p>\n<p class=\"paragraph\">Para Fr\u00edas, esta es precisamente una de las discusiones m\u00e1s interesantes de la nueva etapa. \u201cCambi\u00f3 la puerta de entrada, pero <b>no necesariamente ha cambiado por completo el perfil de la mujer que termina ganando<\/b>\u201d, sostuvo.<\/p>\n<p class=\"paragraph\">Entiende que ampliar las posibilidades de participaci\u00f3n no significa autom\u00e1ticamente que todos los perfiles compitan en igualdad de condiciones.<\/p>\n<p class=\"paragraph\">\u201cPuede verse como un avance, porque permite que mujeres que anteriormente estaban excluidas tengan acceso a una plataforma internacional. Sin embargo, tambi\u00e9n abre un debate sobre <b>la naturaleza de la competencia<\/b>. Desde mi punto de vista, ampliar la participaci\u00f3n no significa necesariamente que todas las candidatas enfrenten las mismas condiciones\u201d, explic\u00f3.<\/p>\n<figure class=\"c-detail__media \"><figcaption class=\"c-detail__media__txt\">\n<p class=\"c-detail__media__subtitle\">\n<p>        <span class=\"c-detail__media__credit \">Joli fue a cuestionar las reglas en el Miss Universo<\/span><span class=\"c-detail__media__author \">Guillermo Burgos\/HOY<\/span><\/p>\n<\/figcaption><\/figure>\n<p class=\"paragraph\">Tavares tiene una mirada m\u00e1s favorable sobre la apertura. Considera que una mujer de 35, 40 o incluso 60 a\u00f1os puede llegar a una competencia con ventajas que una candidata m\u00e1s joven todav\u00eda no ha desarrollado: experiencia profesional y personal, madurez y mayor seguridad para desenvolverse.<\/p>\n<p class=\"paragraph\">\u201cUna candidata de 35, 40 o 60 a\u00f1os puede tener como ventaja una mayor experiencia de vida, preparaci\u00f3n profesional, madurez y seguridad para desenvolverse en distintos escenarios\u201d, detall\u00f3.<\/p>\n<div class=\"c-detail__box \">\n<article class=\"c-detail__sumario \">\n<figure class=\"c-detail__sumario__thumb\" style=\"display: block;\">\n            <a href=\"#\" title=\"\">\n                <picture data-size=\"w:140,h:140\" loading=\"lazy\" src=\"https:\/\/imagenes.hoy.com.do\/files\/related_image\/uploads\/2026\/08\/10\/6a7a38b760b7a.jpeg\" data-full-src=\"https:\/\/imagenes.hoy.com.do\/uploads\/2026\/08\/10\/6a7a38b760b7a.jpeg\">\n                    <img loading=\"lazy\" decoding=\"async\" width=\"140\" height=\"140\" alt=\"Melissa N\u00fa\u00f1ez recibe homenaje en La Vega tras ganar Miss Rep\u00fablica Dominicana Universo 2026\" src=\"https:\/\/imagenes.hoy.com.do\/uploads\/2026\/08\/10\/6a7a38b760b7a.jpeg\"\/>\n                <\/picture>\n            <\/a><br \/>\n        <\/figure>\n<\/article>\n<\/div>\n<p class=\"paragraph\">Pero tambi\u00e9n reconoce que una candidata mayor puede enfrentar prejuicios relacionados con la edad y mayores exigencias f\u00edsicas durante la competencia. Para \u00e9l, al final, la edad no deber\u00eda decidir qui\u00e9n gana.<\/p>\n<p class=\"paragraph\">\u201cNo considero que exista una edad ideal para ganar\u201d, afirm\u00f3.<\/p>\n<p class=\"paragraph\"><b>Mayra ya hab\u00eda vivido las dos \u00e9pocas<\/b><\/p>\n<figure class=\"c-detail__media \"><figcaption class=\"c-detail__media__txt\">\n<p class=\"c-detail__media__subtitle\">\n<p>        <span class=\"c-detail__media__credit \">Miss Santo Domingo Norte sonr\u00ede radiante<\/span><span class=\"c-detail__media__author \">Guillermo Burgos\/HOY<\/span><\/p>\n<\/figcaption><\/figure>\n<p class=\"paragraph\">Y pocas candidatas pod\u00edan hablar del contraste entre esas dos etapas con tanta propiedad como Joli.<\/p>\n<p class=\"paragraph\">Cuando volvi\u00f3 a competir, no solo se encontr\u00f3 con reglas distintas. Tambi\u00e9n se encontr\u00f3 con un concurso que, seg\u00fan su experiencia, hab\u00eda cambiado en su forma de presentarse.<\/p>\n<p class=\"paragraph\">\u201cLa preparaci\u00f3n siempre ha sido la misma, siempre quieren belleza de afuera, pero alguien que pueda, en pocos segundos coordinar una respuesta que tenga forma\u201d, explic\u00f3.<\/p>\n<p class=\"paragraph\">Para ella, la preparaci\u00f3n sigue siendo fundamental, pero tambi\u00e9n ha cambiado la manera de mostrar a las candidatas.<\/p>\n<p class=\"paragraph\">Uno de los cambios que m\u00e1s llam\u00f3 su atenci\u00f3n fue el vestuario. Dijo que\u00a0los vestidos de antes ten\u00edan m\u00e1s movimiento, mientras que ahora predomina la pedrer\u00eda.<\/p>\n<div class=\"c-detail__box \">\n<article class=\"c-detail__sumario \">\n<figure class=\"c-detail__sumario__thumb\" style=\"display: block;\">\n            <a href=\"#\" title=\"\">\n                <picture data-size=\"w:140,h:140\" loading=\"lazy\" src=\"https:\/\/imagenes.hoy.com.do\/files\/related_image\/files\/fp\/uploads\/2026\/07\/31\/6a6cb71854f55.r_d.412-300.jpeg\" data-full-src=\"https:\/\/imagenes.hoy.com.do\/uploads\/2026\/07\/31\/6a6cb71854f55.jpeg\">\n                    <img loading=\"lazy\" decoding=\"async\" width=\"140\" height=\"140\" alt=\"Melissa N\u00fa\u00f1ez\" src=\"https:\/\/imagenes.hoy.com.do\/uploads\/2026\/07\/31\/6a6cb71854f55.jpeg\"\/>\n                <\/picture>\n            <\/a><br \/>\n        <\/figure>\n<\/article>\n<\/div>\n<p class=\"paragraph\">Tambi\u00e9n recuerda que en su primera etapa las candidatas eran conocidas principalmente a trav\u00e9s de los peri\u00f3dicos, mientras que ahora las redes sociales pueden convertirlas en figuras conocidas antes incluso de llegar a la competencia. \u201cEn ese tiempo, nosotras \u00e9ramos famosas en el peri\u00f3dico, ahora en las redes\u201d, dijo.<\/p>\n<figure class=\"c-detail__media \"><figcaption class=\"c-detail__media__txt\">\n<p class=\"c-detail__media__subtitle\">\n<p>        <span class=\"c-detail__media__credit \">Mayra Joli tiene cinco pies y nueve pulgadas de estatura, pero su estatura no es lo mas destaca de ella, sino su seguridad y carisma.<\/span><span class=\"c-detail__media__author \">Guillermo Burgos\/HOY<\/span><\/p>\n<\/figcaption><\/figure>\n<p class=\"paragraph\">La propia Joli reconoce que ella tampoco es la misma mujer que subi\u00f3 a una pasarela en 1990. \u201cLa vida me volvi\u00f3 extrovertida. Yo no era as\u00ed, yo era calladita\u2026 la gente dec\u00eda que yo daba para enfermera y ya yo era abogada\u201d, cont\u00f3 entre risas.<\/p>\n<p class=\"paragraph\">Su experiencia profesional y personal termin\u00f3 siendo parte de lo que llev\u00f3 al concurso.<\/p>\n<p class=\"paragraph\">\u201cPara cuando yo me par\u00e9 en un escenario, ninguna de esas ni\u00f1as hab\u00edan nacido, entonces, \u00bfc\u00f3mo van a competir?\u201d, cuestion\u00f3.<\/p>\n<p class=\"paragraph\"><b>Antes y ahora: no todos buscan la misma reina<\/b><\/p>\n<p class=\"paragraph\">Los concursos tampoco evolucionaron todos en la misma direcci\u00f3n.<\/p>\n<p class=\"paragraph\">Seg\u00fan los miss\u00f3logos consultados,<b> cada certamen mantiene una identidad particular<\/b> y eso tambi\u00e9n determina qu\u00e9 busca en una candidata.<\/p>\n<p class=\"paragraph\"><b>Miss Universo<\/b> se ha movido hacia una candidata integral, con capacidad de comunicaci\u00f3n, personalidad, preparaci\u00f3n y sensibilidad social. Tambi\u00e9n es el certamen que, seg\u00fan los expertos m\u00e1s ha flexibilizado sus reglas en cuanto a edad, matrimonio y maternidad.<\/p>\n<figure class=\"c-detail__media \"><figcaption class=\"c-detail__media__txt\">\n<p class=\"c-detail__media__subtitle\">\n<p>        <span class=\"c-detail__media__credit \">Miss\u00f3logo Edward Tavares<\/span><\/p>\n<\/figcaption><\/figure>\n<p class=\"paragraph\"><b>Miss World<\/b> mantiene como uno de sus ejes el concepto de \u201cBelleza con Prop\u00f3sito\u201d, dando espacio a proyectos sociales y otras competencias.<\/p>\n<p class=\"paragraph\"><b>Miss Earth<\/b> tiene como centro la defensa del medioambiente y la sostenibilidad.<\/p>\n<p class=\"paragraph\"><b>Miss Supranational<\/b> combina la imagen de modelo y reina de belleza, con \u00e9nfasis en la pasarela, la imagen y la comunicaci\u00f3n. De acuerdo con la informaci\u00f3n aportada por los expertos, permite actualmente la participaci\u00f3n de madres y mujeres divorciadas, pero mantiene un rango de edad de 18 a 32 a\u00f1os y no permite mujeres casadas.<\/p>\n<p class=\"paragraph\"><b>Miss Grand International <\/b>tiene una propuesta m\u00e1s orientada al espect\u00e1culo, la presencia esc\u00e9nica, la personalidad y la interacci\u00f3n digital.<\/p>\n<p class=\"paragraph\">Es decir, aunque todos llevan la palabra \u201cMiss\u201d, no todos est\u00e1n buscando exactamente el mismo tipo de reina.<\/p>\n<p class=\"paragraph\"><b>Tambi\u00e9n cambi\u00f3 la preparaci\u00f3n<\/b><\/p>\n<figure class=\"c-detail__media \"><figcaption class=\"c-detail__media__txt\">\n<p class=\"c-detail__media__subtitle\">\n<p>        <span class=\"c-detail__media__credit \">Miss Mayra Joli habla de su experiencia en los concursos de belleza<\/span><span class=\"c-detail__media__author \">Guillermo Burgos<\/span><\/p>\n<\/figcaption><\/figure>\n<p class=\"paragraph\">La transformaci\u00f3n no est\u00e1 solamente en las reglas.<\/p>\n<p class=\"paragraph\">Fr\u00edas considera que hoy las candidatas llegan a los concursos con una preparaci\u00f3n mucho m\u00e1s amplia.<\/p>\n<p class=\"paragraph\">Oratoria, comunicaci\u00f3n, pasarela, redes sociales, formaci\u00f3n acad\u00e9mica y experiencia profesional forman parte de una preparaci\u00f3n que, seg\u00fan explica, se ha desarrollado alrededor de la industria de los concursos.<\/p>\n<p class=\"paragraph\">\u201cHoy esos elementos siguen siendo importantes, pero se han incorporado otros factores: la historia personal, preparaci\u00f3n acad\u00e9mica y profesional, capacidad de comunicaci\u00f3n, proyectos sociales, liderazgo y, en algunos casos, la incidencia que una candidata tenga en plataformas digitales\u201d, dijo.<\/p>\n<p class=\"paragraph\">Esto contrasta con una \u00e9poca en la que, seg\u00fan su an\u00e1lisis, la belleza, la presencia esc\u00e9nica y la personalidad ten\u00edan un peso mucho mayor.<\/p>\n<figure class=\"c-detail__media \"><figcaption class=\"c-detail__media__txt\">\n<p class=\"c-detail__media__subtitle\">\n<p>        <span class=\"c-detail__media__credit \">Miss Mayra Joli<\/span><span class=\"c-detail__media__author \">Guillermo Burgos\/HOY<\/span><\/p>\n<\/figcaption><\/figure>\n<p class=\"paragraph\">Fr\u00edas pone como ejemplo a Oxana Fedorova, Miss Universo 2002, cuyo triunfo demuestra el peso que pod\u00edan tener entonces la belleza, la presencia esc\u00e9nica, la personalidad y el desempe\u00f1o durante la competencia.<\/p>\n<p class=\"paragraph\">La evoluci\u00f3n tambi\u00e9n alcanz\u00f3 a Miss World. Fr\u00edas se\u00f1ala que durante la d\u00e9cada de 2010 ese certamen redujo el protagonismo de segmentos relacionados con el traje de ba\u00f1o y fortaleci\u00f3 competencias vinculadas con proyectos sociales, talento, deporte, multimedia y preparaci\u00f3n.<\/p>\n<p class=\"paragraph\">La reina, entonces, dej\u00f3 de ser solamente una mujer que deb\u00eda verse bien sobre una pasarela. Ahora tambi\u00e9n tiene que saber qu\u00e9 decir cuando le entregan un micr\u00f3fono.<\/p>\n<p class=\"paragraph\"><b>El caso dominicano<\/b><\/p>\n<p class=\"paragraph\">En Rep\u00fablica Dominicana, la transformaci\u00f3n tambi\u00e9n tiene sus propios cap\u00edtulos.<\/p>\n<figure class=\"c-detail__media \"><figcaption class=\"c-detail__media__txt\">\n<p class=\"c-detail__media__subtitle\">\n<p>        <span class=\"c-detail__media__credit \">Haidy Cruz llega a competir en el Miss Rep\u00fablica Dominicana<\/span><\/p>\n<\/figcaption><\/figure>\n<p class=\"paragraph\">Antes de Mayra Joli, Haidy Cruz hab\u00eda marcado un precedente al competir en el Miss Rep\u00fablica Dominicana Universo 2024 a los 46 a\u00f1os y convertirse en la candidata de mayor edad en participar hasta ese momento. Adem\u00e1s, lleg\u00f3 hasta la segunda finalista.<\/p>\n<p class=\"paragraph\">Dos a\u00f1os despu\u00e9s, Joli rompi\u00f3 nuevamente ese registro al competir con 60 a\u00f1os.<\/p>\n<div class=\"c-detail__box \">\n<article class=\"c-detail__sumario \">\n<figure class=\"c-detail__sumario__thumb\" style=\"display: block;\">\n            <a href=\"#\" title=\"\">\n                <picture data-size=\"w:140,h:140\" loading=\"lazy\" src=\"https:\/\/imagenes.hoy.com.do\/files\/related_image\/files\/fp\/uploads\/2026\/07\/31\/6a6c97d0a0712.r_d.705-572.png\" data-full-src=\"https:\/\/imagenes.hoy.com.do\/uploads\/2026\/07\/31\/6a6c97d0a0712.png\">\n                    <img loading=\"lazy\" decoding=\"async\" width=\"140\" height=\"140\" alt=\"Melissa N\u00fa\u00f1ez\" src=\"https:\/\/imagenes.hoy.com.do\/uploads\/2026\/07\/31\/6a6c97d0a0712.png\"\/>\n                <\/picture>\n            <\/a><br \/>\n        <\/figure>\n<\/article>\n<\/div>\n<p class=\"paragraph\">Para Fr\u00edas, el caso de Mayra es particularmente llamativo precisamente porque permite mirar el antes y el despu\u00e9s desde una misma persona.<\/p>\n<p class=\"paragraph\">\u201cEl caso de Mayra Joli es probablemente uno de los ejemplos m\u00e1s particulares de c\u00f3mo ha cambiado el concepto de una candidata dentro de los concursos de belleza\u201d, sostuvo.<\/p>\n<figure class=\"c-detail__media \"><figcaption class=\"c-detail__media__txt\">\n<p class=\"c-detail__media__subtitle\">\n<p>        <span class=\"c-detail__media__credit \">Mayra Joli<\/span><span class=\"c-detail__media__author \">Guillermo Burgos\/HOY<\/span><\/p>\n<\/figcaption><\/figure>\n<p class=\"paragraph\">\u201cHace 36 a\u00f1os, una participaci\u00f3n como la suya habr\u00eda sido pr\u00e1cticamente impensable bajo los par\u00e1metros tradicionales del certamen. Hoy, que una mujer pueda regresar d\u00e9cadas despu\u00e9s y formar parte nuevamente de una competencia nacional demuestra que los concursos <b>est\u00e1n mucho m\u00e1s abiertos a historias personales, experiencias de vida<\/b> y perfiles que anteriormente no ten\u00edan espacio\u201d, agreg\u00f3.<\/p>\n<p class=\"paragraph\">\u201cUna cosa es permitir que m\u00e1s mujeres participen y otra es que esa diversidad termine reflej\u00e1ndose en las coronas\u201d, dijo.<\/p>\n<p class=\"paragraph\"><b>La edad no determina quien debe ganar<\/b><\/p>\n<p class=\"paragraph\">La apertura de las reglas ha hecho que mujeres que antes no pod\u00edan siquiera inscribirse ahora tengan un espacio en la competencia. Pero eso tambi\u00e9n hace m\u00e1s amplia la discusi\u00f3n sobre qu\u00e9 significa ganar.<\/p>\n<p class=\"paragraph\">\u00bfDebe una reina cumplir todav\u00eda con el molde que durante d\u00e9cadas defini\u00f3 a los concursos? \u00bfO ese molde tambi\u00e9n deber\u00eda cambiar?<\/p>\n<p class=\"paragraph\">Para Tavares, los nuevos perfiles no tienen por qu\u00e9 ser una desventaja.<\/p>\n<figure class=\"c-detail__media \"><figcaption class=\"c-detail__media__txt\">\n<p class=\"c-detail__media__subtitle\">\n<p>        <span class=\"c-detail__media__credit \">Mayra Joli durante entrevista en el peri\u00f3dico HOY<\/span><span class=\"c-detail__media__author \">Guillermo Burgos<\/span><\/p>\n<\/figcaption><\/figure>\n<p class=\"paragraph\">\u201cNo considero que exista una edad ideal para ganar, aunque durante d\u00e9cadas la mayor\u00eda de las candidatas estuvieron dentro de un rango establecido. Un momento importante ocurri\u00f3 en<b> Miss Universo 2022<\/b>, cuando <b>R\u2019Bonney Gabriel,<\/b> representante de Estados Unidos y ganadora del certamen a los 28 a\u00f1os, respondi\u00f3 en la ronda del Top 5 que le gustar\u00eda ampliar el l\u00edmite de edad, pues ese era su \u00faltimo a\u00f1o para competir. Su mensaje fue que la edad no define a una mujer. Poco despu\u00e9s, la organizaci\u00f3n elimin\u00f3 el l\u00edmite m\u00e1ximo a partir de 2024. Para m\u00ed, esto confirma que la edad no debe determinar qui\u00e9n puede ganar, sino su preparaci\u00f3n, desempe\u00f1o y capacidad para representar la organizaci\u00f3n\u201d, dijo Tavares.\u00a0<\/p>\n<\/div>\n","protected":false},"excerpt":{"rendered":"Dicen que \u201cel buen hijo a su casa vuelve\u201d, y el refr\u00e1n&hellip;\n","protected":false},"author":1,"featured_media":66835,"comment_status":"open","ping_status":"open","sticky":false,"template":"","format":"standard","meta":{"footnotes":""},"categories":[2],"tags":[],"class_list":["post-66834","post","type-post","status-publish","format-standard","has-post-thumbnail","category-deporte"],"_links":{"self":[{"href":"https:\/\/acronoticias.com\/index.php\/wp-json\/wp\/v2\/posts\/66834","targetHints":{"allow":["GET"]}}],"collection":[{"href":"https:\/\/acronoticias.com\/index.php\/wp-json\/wp\/v2\/posts"}],"about":[{"href":"https:\/\/acronoticias.com\/index.php\/wp-json\/wp\/v2\/types\/post"}],"author":[{"embeddable":true,"href":"https:\/\/acronoticias.com\/index.php\/wp-json\/wp\/v2\/users\/1"}],"replies":[{"embeddable":true,"href":"https:\/\/acronoticias.com\/index.php\/wp-json\/wp\/v2\/comments?post=66834"}],"version-history":[{"count":0,"href":"https:\/\/acronoticias.com\/index.php\/wp-json\/wp\/v2\/posts\/66834\/revisions"}],"wp:featuredmedia":[{"embeddable":true,"href":"https:\/\/acronoticias.com\/index.php\/wp-json\/wp\/v2\/media\/66835"}],"wp:attachment":[{"href":"https:\/\/acronoticias.com\/index.php\/wp-json\/wp\/v2\/media?parent=66834"}],"wp:term":[{"taxonomy":"category","embeddable":true,"href":"https:\/\/acronoticias.com\/index.php\/wp-json\/wp\/v2\/categories?post=66834"},{"taxonomy":"post_tag","embeddable":true,"href":"https:\/\/acronoticias.com\/index.php\/wp-json\/wp\/v2\/tags?post=66834"}],"curies":[{"name":"wp","href":"https:\/\/api.w.org\/{rel}","templated":true}]}}