{"id":66827,"date":"2026-09-02T11:39:14","date_gmt":"2026-09-02T11:39:14","guid":{"rendered":"https:\/\/acronoticias.com\/index.php\/2026\/09\/02\/feudri-franco-expondra-su-invicto-ante-junior-desir-el-11-de-septiembre\/"},"modified":"2026-09-02T11:39:14","modified_gmt":"2026-09-02T11:39:14","slug":"feudri-franco-expondra-su-invicto-ante-junior-desir-el-11-de-septiembre","status":"publish","type":"post","link":"https:\/\/acronoticias.com\/index.php\/2026\/09\/02\/feudri-franco-expondra-su-invicto-ante-junior-desir-el-11-de-septiembre\/","title":{"rendered":"Feudri Franco expondr\u00e1 su invicto ante Junior Desir el 11 de septiembre"},"content":{"rendered":"<p><img decoding=\"async\" width=\"355\" height=\"200\" src=\"https:\/\/nuevodiario-assets.s3.us-east-2.amazonaws.com\/wp-content\/uploads\/2026\/08\/WhatsApp-Image-2026-08-27-at-6.09.31-PM-355x200.jpeg\" class=\"webfeedsFeaturedVisual wp-post-image\" alt=\"\" style=\"display: block;margin-bottom: 5px;clear:both;max-width: 100%\" loading=\"lazy\" \/><\/p>\n<p><strong>EL NUEVO DIARIO, SANTO DOMINGO.-<\/strong> El boxeador dominicano Feudri Franco pondr\u00e1 en juego su r\u00e9cord invicto el pr\u00f3ximo 11 de septiembre, cuando enfrente al dominico-haitiano Junior Desir en el Coliseo Carlos \u201cTeo\u201d Cruz.<\/p>\n<p>Franco y Desir protagonizaron este lunes su primer cara a cara, previo a un entrenamiento p\u00fablico realizado en un gimnasio de Santo Domingo, como parte de las actividades previas al combate.<\/p>\n<p>El p\u00fagil dominicano llega al compromiso con siete victorias en igual cantidad de presentaciones profesionales, seis de ellas por la v\u00eda del nocaut.<\/p>\n<p>Franco asegur\u00f3 que ha completado una intensa preparaci\u00f3n y que se encuentra listo para subir al cuadril\u00e1tero.<\/p>\n<p>Desir, quien tambi\u00e9n mantiene su r\u00e9cord perfecto, manifest\u00f3 su confianza en conseguir la victoria cuando ambos se enfrenten el 11 de septiembre.<\/p>\n<p>\u201cSer\u00e1 un choque de invictos\u201d, afirm\u00f3 B\u00e9lgica Pe\u00f1a, presidenta de Shuan Boxing Promotion, empresa encargada de promover el evento en asociaci\u00f3n con Biyu Promotion.<\/p>\n<p>El dominicano viene de derrotar al experimentado boxeador mexicano Mauro Perales y ahora tendr\u00e1 como oponente a un peleador joven que tampoco conoce la derrota.<\/p>\n<p>Pe\u00f1a destac\u00f3 la preparaci\u00f3n y disciplina de Franco, al tiempo que consider\u00f3 que enfrentar a rivales de nivel es parte del proceso de formaci\u00f3n de un boxeador que aspira a disputar t\u00edtulos mundiales.<\/p>\n<p>\u201cEste combate ser\u00e1 fuerte, pero Franco es un peleador muy disciplinado y de esta manera es que se forjan los verdaderos campeones, enfrent\u00e1ndose a buenos retos. Adem\u00e1s, el p\u00fablico merece ver un gran espect\u00e1culo\u201d, expres\u00f3 Pe\u00f1a.<\/p>\n<p>El enfrentamiento reunir\u00e1 a dos p\u00fagiles invictos que buscar\u00e1n mantener sus r\u00e9cords profesionales y avanzar en sus respectivas carreras.<\/p>\n<p>La cartelera tendr\u00e1 como escenario el Coliseo Carlos \u201cTeo\u201d Cruz. Los aficionados que no puedan asistir podr\u00e1n seguir el combate a trav\u00e9s del canal de YouTube de Shuan Boxing.<\/p>\n<p>La entrada <a href=\"https:\/\/elnuevodiario.com.do\/feudri-franco-expondra-su-invicto-ante-junior-desir-el-11-de-septiembre\/\">Feudri Franco expondr\u00e1 su invicto ante Junior Desir el 11 de septiembre<\/a> se public\u00f3 primero en <a href=\"https:\/\/elnuevodiario.com.do\">El Nuevo Diario (Rep\u00fablica Dominicana)<\/a>.<\/p>\n","protected":false},"excerpt":{"rendered":"EL NUEVO DIARIO, SANTO DOMINGO.- El boxeador dominicano Feudri Franco pondr\u00e1 en&hellip;\n","protected":false},"author":1,"featured_media":66828,"comment_status":"open","ping_status":"open","sticky":false,"template":"","format":"standard","meta":{"footnotes":""},"categories":[2],"tags":[],"class_list":["post-66827","post","type-post","status-publish","format-standard","has-post-thumbnail","category-deporte"],"_links":{"self":[{"href":"https:\/\/acronoticias.com\/index.php\/wp-json\/wp\/v2\/posts\/66827","targetHints":{"allow":["GET"]}}],"collection":[{"href":"https:\/\/acronoticias.com\/index.php\/wp-json\/wp\/v2\/posts"}],"about":[{"href":"https:\/\/acronoticias.com\/index.php\/wp-json\/wp\/v2\/types\/post"}],"author":[{"embeddable":true,"href":"https:\/\/acronoticias.com\/index.php\/wp-json\/wp\/v2\/users\/1"}],"replies":[{"embeddable":true,"href":"https:\/\/acronoticias.com\/index.php\/wp-json\/wp\/v2\/comments?post=66827"}],"version-history":[{"count":0,"href":"https:\/\/acronoticias.com\/index.php\/wp-json\/wp\/v2\/posts\/66827\/revisions"}],"wp:featuredmedia":[{"embeddable":true,"href":"https:\/\/acronoticias.com\/index.php\/wp-json\/wp\/v2\/media\/66828"}],"wp:attachment":[{"href":"https:\/\/acronoticias.com\/index.php\/wp-json\/wp\/v2\/media?parent=66827"}],"wp:term":[{"taxonomy":"category","embeddable":true,"href":"https:\/\/acronoticias.com\/index.php\/wp-json\/wp\/v2\/categories?post=66827"},{"taxonomy":"post_tag","embeddable":true,"href":"https:\/\/acronoticias.com\/index.php\/wp-json\/wp\/v2\/tags?post=66827"}],"curies":[{"name":"wp","href":"https:\/\/api.w.org\/{rel}","templated":true}]}}