{"id":66820,"date":"2026-09-02T10:37:05","date_gmt":"2026-09-02T10:37:05","guid":{"rendered":"https:\/\/acronoticias.com\/index.php\/2026\/09\/02\/una-cuestion-de-salud-no-de-politica\/"},"modified":"2026-09-02T10:37:05","modified_gmt":"2026-09-02T10:37:05","slug":"una-cuestion-de-salud-no-de-politica","status":"publish","type":"post","link":"https:\/\/acronoticias.com\/index.php\/2026\/09\/02\/una-cuestion-de-salud-no-de-politica\/","title":{"rendered":"Una cuesti\u00f3n de salud, no de pol\u00edtica"},"content":{"rendered":"<div>\n<p>                                                                                            <!-- --><\/p>\n<p class=\"paragraph\">Este diario, en una publicaci\u00f3n del pasado 26 de agosto, dio a conocer la presencia de bacterias en la Maternidad Nuestra Se\u00f1ora de la Altagracia, se\u00f1alando su posible relaci\u00f3n con un n\u00famero elevado de muertes de reci\u00e9n nacidos en un corto per\u00edodo. Durante una visita a nuestro medio, el director del <b>Servicio Nacional de Salud<\/b> confirm\u00f3 que tres fallecidos hab\u00edan presentado cultivos positivos, aunque aclar\u00f3 que esto no necesariamente significaba que la infecci\u00f3n hubiese sido la causa de las muertes.<\/p>\n<p class=\"paragraph\">Los acontecimientos posteriores han mantenido viva una preocupaci\u00f3n justificable, a medida que surgen informaciones sobre la posible presencia de bacterias nocivas en otros centros. Las autoridades dispusieron ayer la evaluaci\u00f3n de ocho hospitales materno-infantiles y conformaron equipos especializados que deber\u00e1n rendir sus conclusiones en un <b>plazo de quince d\u00edas<\/b>. El resultado de esas acciones deber\u00e1 despejar dudas razonables, establecer qu\u00e9 ocurri\u00f3 y determinar qu\u00e9 debe corregirse.<\/p>\n<p class=\"paragraph\">El episodio invita a una reflexi\u00f3n que trasciende las causas de las muertes documentadas y lleva a recordar las condiciones deplorables de muchos hospitales a los que acude la poblaci\u00f3n de menores recursos. Las deficiencias en la calidad de los servicios p\u00fablicos de salud constituyen una de las manifestaciones m\u00e1s dolorosas de la desigualdad y la falta de inclusi\u00f3n social. Ahora el tema corre el riesgo de trasladarse a la arena pol\u00edtica, como anticipan recientes declaraciones de la oposici\u00f3n. Ser\u00eda muy lamentable, dado que la salud no pertenece al Gobierno ni a la oposici\u00f3n, sino a todos.<\/p>\n<p class=\"paragraph\">Tras haber llamado la atenci\u00f3n sobre evidencias que apuntan a un problema, nos mantenemos atentos a las soluciones que deber\u00e1n surgir. La vicepresidenta Raquel Pe\u00f1a lo dijo claramente: cada vida cuenta. Perderla conmueve de manera especial cuando esa vida encarna las esperanzas de una madre que acaba de dar a luz. Quien ha sido padre o madre sabe lo que estamos diciendo.<\/p>\n<div class=\"c-detail__box \">\n<article class=\"c-detail__sumario \">\n<figure class=\"c-detail__sumario__thumb\" style=\"display: block;\">\n            <a href=\"#\" title=\"\">\n                <picture data-size=\"w:140,h:140\" loading=\"lazy\" src=\"https:\/\/imagenes.hoy.com.do\/files\/related_image\/files\/fp\/uploads\/2026\/08\/31\/6a961c28494bb.r_d.1500-1500.jpeg\" data-full-src=\"https:\/\/imagenes.hoy.com.do\/uploads\/2026\/08\/31\/6a961c28494bb.jpeg\">\n                    <img loading=\"lazy\" decoding=\"async\" width=\"140\" height=\"140\" alt=\"Editorial\" src=\"https:\/\/imagenes.hoy.com.do\/uploads\/2026\/08\/31\/6a961c28494bb.jpeg\"\/>\n                <\/picture>\n            <\/a><br \/>\n        <\/figure>\n<\/article>\n<\/div>\n<\/div>\n","protected":false},"excerpt":{"rendered":"Este diario, en una publicaci\u00f3n del pasado 26 de agosto, dio a&hellip;\n","protected":false},"author":1,"featured_media":66821,"comment_status":"open","ping_status":"open","sticky":false,"template":"","format":"standard","meta":{"footnotes":""},"categories":[3],"tags":[],"class_list":["post-66820","post","type-post","status-publish","format-standard","has-post-thumbnail","category-internacionales"],"_links":{"self":[{"href":"https:\/\/acronoticias.com\/index.php\/wp-json\/wp\/v2\/posts\/66820","targetHints":{"allow":["GET"]}}],"collection":[{"href":"https:\/\/acronoticias.com\/index.php\/wp-json\/wp\/v2\/posts"}],"about":[{"href":"https:\/\/acronoticias.com\/index.php\/wp-json\/wp\/v2\/types\/post"}],"author":[{"embeddable":true,"href":"https:\/\/acronoticias.com\/index.php\/wp-json\/wp\/v2\/users\/1"}],"replies":[{"embeddable":true,"href":"https:\/\/acronoticias.com\/index.php\/wp-json\/wp\/v2\/comments?post=66820"}],"version-history":[{"count":0,"href":"https:\/\/acronoticias.com\/index.php\/wp-json\/wp\/v2\/posts\/66820\/revisions"}],"wp:featuredmedia":[{"embeddable":true,"href":"https:\/\/acronoticias.com\/index.php\/wp-json\/wp\/v2\/media\/66821"}],"wp:attachment":[{"href":"https:\/\/acronoticias.com\/index.php\/wp-json\/wp\/v2\/media?parent=66820"}],"wp:term":[{"taxonomy":"category","embeddable":true,"href":"https:\/\/acronoticias.com\/index.php\/wp-json\/wp\/v2\/categories?post=66820"},{"taxonomy":"post_tag","embeddable":true,"href":"https:\/\/acronoticias.com\/index.php\/wp-json\/wp\/v2\/tags?post=66820"}],"curies":[{"name":"wp","href":"https:\/\/api.w.org\/{rel}","templated":true}]}}