{"id":66811,"date":"2026-09-02T08:02:43","date_gmt":"2026-09-02T08:02:43","guid":{"rendered":"https:\/\/acronoticias.com\/index.php\/2026\/09\/02\/ministro-magin-diaz-juramenta-a-enmanuel-cedeno-brea-como-nuevo-superintendente-de-bancos\/"},"modified":"2026-09-02T08:02:43","modified_gmt":"2026-09-02T08:02:43","slug":"ministro-magin-diaz-juramenta-a-enmanuel-cedeno-brea-como-nuevo-superintendente-de-bancos","status":"publish","type":"post","link":"https:\/\/acronoticias.com\/index.php\/2026\/09\/02\/ministro-magin-diaz-juramenta-a-enmanuel-cedeno-brea-como-nuevo-superintendente-de-bancos\/","title":{"rendered":"Ministro Mag\u00edn D\u00edaz juramenta a Enmanuel Cede\u00f1o Brea como nuevo superintendente de Bancos"},"content":{"rendered":"<div>\n<p class=\"wp-block-paragraph\"><strong>SANTO DOMINGO.<\/strong>\u2013 El ministro de Hacienda y Econom\u00eda (MHE), Mag\u00edn D\u00edaz, jurament\u00f3 este martes a Enmanuel Cede\u00f1o Brea como nuevo superintendente de Bancos de la Rep\u00fablica Dominicana, en sustituci\u00f3n de Alejandro Fern\u00e1ndez W., quien ocup\u00f3 la posici\u00f3n durante seis a\u00f1os.<\/p>\n<p class=\"wp-block-paragraph\">La designaci\u00f3n de Cede\u00f1o Brea est\u00e1 contenida en el Decreto 606-26 y, de conformidad con lo establecido en la Ley Monetaria y Financiera, corresponde a un per\u00edodo de dos a\u00f1os.<\/p>\n<p class=\"wp-block-paragraph\">Durante el acto de juramentaci\u00f3n, el ministro Mag\u00edn D\u00edaz destac\u00f3 la preparaci\u00f3n y experiencia del nuevo superintendente, as\u00ed como su trayectoria en materia de regulaci\u00f3n y supervisi\u00f3n financiera, elementos que fueron ponderados por el presidente Luis Abinader para su elecci\u00f3n.<\/p>\n<p class=\"wp-block-paragraph\">\u00abEnmanuel Cede\u00f1o Brea cuenta con una s\u00f3lida formaci\u00f3n y una amplia experiencia en regulaci\u00f3n, supervisi\u00f3n, econom\u00eda, finanzas y gesti\u00f3n de riesgos. Confiamos en que su conocimiento del sistema financiero y su compromiso con el fortalecimiento institucional contribuir\u00e1n a seguir consolidando un sistema bancario robusto, moderno y capaz de responder a los desaf\u00edos del pa\u00eds\u00bb, expres\u00f3 D\u00edaz.<\/p>\n<p class=\"wp-block-paragraph\">Al mismo tiempo, el ministro destac\u00f3 el excelente desempe\u00f1o de Alejandro Fern\u00e1ndez W. al frente de esta instituci\u00f3n, que muestra un importante avance en t\u00e9rminos de profesionalizaci\u00f3n, digitalizaci\u00f3n y capacidad operativa en la ejecuci\u00f3n de sus funciones.<\/p>\n<p class=\"wp-block-paragraph\">Tras ser juramentado, Cede\u00f1o Brea manifest\u00f3 su compromiso con la continuidad del plan estrat\u00e9gico que impulsa la Superintendencia de Bancos (SB), con el objetivo de continuar profundizando en materias como la madurez institucional, la supervisi\u00f3n basada en riesgos y la innovaci\u00f3n regulatoria.<\/p>\n<p class=\"wp-block-paragraph\">Sobre el nuevo superintendente<\/p>\n<p class=\"wp-block-paragraph\">El nuevo superintendente es abogado de profesi\u00f3n, cuenta con especializaci\u00f3n en econom\u00eda y finanzas y posee una amplia trayectoria en regulaci\u00f3n financiera, supervisi\u00f3n prudencial, gesti\u00f3n de riesgos y cumplimiento normativo.<\/p>\n<p class=\"wp-block-paragraph\">Antes de su designaci\u00f3n, se desempe\u00f1aba como asesor principal y coordinador t\u00e9cnico de la Superintendencia de Bancos.<\/p>\n<p class=\"wp-block-paragraph\">Previamente, ocup\u00f3 la posici\u00f3n de subgerente de Regulaci\u00f3n e Innovaci\u00f3n de esa instituci\u00f3n, desde donde tuvo bajo su responsabilidad \u00e1reas vinculadas con regulaci\u00f3n, supervisi\u00f3n contra el lavado de activos y el financiamiento del terrorismo (LA\/FT), innovaci\u00f3n e inclusi\u00f3n financiera, investigaci\u00f3n econ\u00f3mica, registro y licencias, y sanciones administrativas. Asimismo, fue intendente del Mercado de Valores entre 2022 y 2024 y ha ejercido como asesor de diversas entidades financieras.<\/p>\n<\/div>\n","protected":false},"excerpt":{"rendered":"SANTO DOMINGO.\u2013 El ministro de Hacienda y Econom\u00eda (MHE), Mag\u00edn D\u00edaz, jurament\u00f3&hellip;\n","protected":false},"author":1,"featured_media":66812,"comment_status":"open","ping_status":"open","sticky":false,"template":"","format":"standard","meta":{"footnotes":""},"categories":[1],"tags":[],"class_list":["post-66811","post","type-post","status-publish","format-standard","has-post-thumbnail","category-nacionales"],"_links":{"self":[{"href":"https:\/\/acronoticias.com\/index.php\/wp-json\/wp\/v2\/posts\/66811","targetHints":{"allow":["GET"]}}],"collection":[{"href":"https:\/\/acronoticias.com\/index.php\/wp-json\/wp\/v2\/posts"}],"about":[{"href":"https:\/\/acronoticias.com\/index.php\/wp-json\/wp\/v2\/types\/post"}],"author":[{"embeddable":true,"href":"https:\/\/acronoticias.com\/index.php\/wp-json\/wp\/v2\/users\/1"}],"replies":[{"embeddable":true,"href":"https:\/\/acronoticias.com\/index.php\/wp-json\/wp\/v2\/comments?post=66811"}],"version-history":[{"count":0,"href":"https:\/\/acronoticias.com\/index.php\/wp-json\/wp\/v2\/posts\/66811\/revisions"}],"wp:featuredmedia":[{"embeddable":true,"href":"https:\/\/acronoticias.com\/index.php\/wp-json\/wp\/v2\/media\/66812"}],"wp:attachment":[{"href":"https:\/\/acronoticias.com\/index.php\/wp-json\/wp\/v2\/media?parent=66811"}],"wp:term":[{"taxonomy":"category","embeddable":true,"href":"https:\/\/acronoticias.com\/index.php\/wp-json\/wp\/v2\/categories?post=66811"},{"taxonomy":"post_tag","embeddable":true,"href":"https:\/\/acronoticias.com\/index.php\/wp-json\/wp\/v2\/tags?post=66811"}],"curies":[{"name":"wp","href":"https:\/\/api.w.org\/{rel}","templated":true}]}}