{"id":66810,"date":"2026-09-02T07:47:09","date_gmt":"2026-09-02T07:47:09","guid":{"rendered":"https:\/\/acronoticias.com\/index.php\/2026\/09\/02\/ministerio-publico-acusa-a-nueve-implicados-en-red-de-narcotrafico-vinculada-a-1-7-toneladas-de-cocaina\/"},"modified":"2026-09-02T07:47:09","modified_gmt":"2026-09-02T07:47:09","slug":"ministerio-publico-acusa-a-nueve-implicados-en-red-de-narcotrafico-vinculada-a-1-7-toneladas-de-cocaina","status":"publish","type":"post","link":"https:\/\/acronoticias.com\/index.php\/2026\/09\/02\/ministerio-publico-acusa-a-nueve-implicados-en-red-de-narcotrafico-vinculada-a-1-7-toneladas-de-cocaina\/","title":{"rendered":"Ministerio P\u00fablico acusa a nueve implicados en red de narcotr\u00e1fico vinculada a 1.7 toneladas de coca\u00edna"},"content":{"rendered":"<div data-td-block-uid=\"tdi_100\">\n<div class=\"tdb-block-inner td-fix-index\">\n<p class=\"wp-block-paragraph\"><strong>Santo Domingo.<\/strong> \u2014 El Ministerio P\u00fablico present\u00f3 acusaci\u00f3n formal y solicitud de apertura a juicio contra nueve presuntos integrantes de una organizaci\u00f3n criminal transnacional desmantelada mediante la Operaci\u00f3n Leopardo, acusados de tr\u00e1fico internacional de coca\u00edna, lavado de activos y tenencia ilegal de armas de fuego.<\/p>\n<p class=\"wp-block-paragraph\">La acusaci\u00f3n fue depositada ante la Coordinaci\u00f3n de los Juzgados de la Instrucci\u00f3n del Distrito Judicial de La Altagracia contra Mois\u00e9s Severino Inirio (alias <em>el Flaco<\/em>), Pedro Luis Cordero Espinal, Jos\u00e9 Ignacio de Jes\u00fas Mota (alias <em>el Gordo<\/em>), Daniela Sthefany Amancio Olaverr\u00eda, Rafael Torrez D\u00edaz, Wilson Rafael Severino Inirio, Antun Mrdeza, Mioara-Sanda Burcina y N\u00e9stor Julio Rodr\u00edguez Robles.<\/p>\n<p class=\"wp-block-paragraph\">De acuerdo con las investigaciones coordinadas por la Procuradur\u00eda Especializada Antilavado de Activos y la Fiscal\u00eda de La Altagracia, la red recib\u00eda cargamentos de coca\u00edna desde Colombia por las costas del este y sur del pa\u00eds, almacen\u00e1ndolos en villas y negocios de la zona tur\u00edstica para luego enviarlos en embarcaciones hacia Puerto Rico, Estados Unidos y Europa. A la estructura se le atribuye la incautaci\u00f3n de casi 1.7 toneladas de coca\u00edna (1,693.42 kg) y la movilizaci\u00f3n il\u00edcita de m\u00e1s de RD$258.8 millones y US$1.6 millones a trav\u00e9s del sistema financiero e informal.<\/p>\n<p class=\"wp-block-paragraph\">El \u00f3rgano acusador solicit\u00f3 la admisi\u00f3n total de la acusaci\u00f3n, el mantenimiento de las medidas de coerci\u00f3n y el decomiso definitivo de decenas de bienes de lujo, incluidos inmuebles en Cap Cana y Santo Domingo, embarcaciones, veh\u00edculos, armas de alto calibre, efectivo, joyas y activos en criptomonedas.<\/p>\n<\/div>\n<\/div>\n","protected":false},"excerpt":{"rendered":"Santo Domingo. \u2014 El Ministerio P\u00fablico present\u00f3 acusaci\u00f3n formal y solicitud de&hellip;\n","protected":false},"author":1,"featured_media":30935,"comment_status":"open","ping_status":"open","sticky":false,"template":"","format":"standard","meta":{"footnotes":""},"categories":[1],"tags":[],"class_list":["post-66810","post","type-post","status-publish","format-standard","has-post-thumbnail","category-nacionales"],"_links":{"self":[{"href":"https:\/\/acronoticias.com\/index.php\/wp-json\/wp\/v2\/posts\/66810","targetHints":{"allow":["GET"]}}],"collection":[{"href":"https:\/\/acronoticias.com\/index.php\/wp-json\/wp\/v2\/posts"}],"about":[{"href":"https:\/\/acronoticias.com\/index.php\/wp-json\/wp\/v2\/types\/post"}],"author":[{"embeddable":true,"href":"https:\/\/acronoticias.com\/index.php\/wp-json\/wp\/v2\/users\/1"}],"replies":[{"embeddable":true,"href":"https:\/\/acronoticias.com\/index.php\/wp-json\/wp\/v2\/comments?post=66810"}],"version-history":[{"count":0,"href":"https:\/\/acronoticias.com\/index.php\/wp-json\/wp\/v2\/posts\/66810\/revisions"}],"wp:featuredmedia":[{"embeddable":true,"href":"https:\/\/acronoticias.com\/index.php\/wp-json\/wp\/v2\/media\/30935"}],"wp:attachment":[{"href":"https:\/\/acronoticias.com\/index.php\/wp-json\/wp\/v2\/media?parent=66810"}],"wp:term":[{"taxonomy":"category","embeddable":true,"href":"https:\/\/acronoticias.com\/index.php\/wp-json\/wp\/v2\/categories?post=66810"},{"taxonomy":"post_tag","embeddable":true,"href":"https:\/\/acronoticias.com\/index.php\/wp-json\/wp\/v2\/tags?post=66810"}],"curies":[{"name":"wp","href":"https:\/\/api.w.org\/{rel}","templated":true}]}}