{"id":66800,"date":"2026-09-02T06:41:42","date_gmt":"2026-09-02T06:41:42","guid":{"rendered":"https:\/\/acronoticias.com\/index.php\/2026\/09\/02\/castanos-guzman-sostiene-que-el-titular-de-la-suprema-corte-requiere-perfil-y-vision-de-estado\/"},"modified":"2026-09-02T06:41:42","modified_gmt":"2026-09-02T06:41:42","slug":"castanos-guzman-sostiene-que-el-titular-de-la-suprema-corte-requiere-perfil-y-vision-de-estado","status":"publish","type":"post","link":"https:\/\/acronoticias.com\/index.php\/2026\/09\/02\/castanos-guzman-sostiene-que-el-titular-de-la-suprema-corte-requiere-perfil-y-vision-de-estado\/","title":{"rendered":"Casta\u00f1os Guzm\u00e1n sostiene que el titular de la Suprema Corte requiere perfil y visi\u00f3n de Estado"},"content":{"rendered":"<div data-td-block-uid=\"tdi_100\">\n<div class=\"tdb-block-inner td-fix-index\">\n<p class=\"wp-block-paragraph\">SANTO DOMINGO.- El vicepresidente ejecutivo de la Fundaci\u00f3n Institucionalidad y Justicia (Finjus), doctor Servio Tulio Casta\u00f1os Guzm\u00e1n, sostuvo que la prerrogativa de proponer y definir la presidencia de la Suprema Corte de Justicia (SCJ) ha sido hist\u00f3ricamente una reserva del presidente de la Rep\u00fablica dentro del Consejo Nacional de la Magistratura (CNM).<\/p>\n<p class=\"wp-block-paragraph\">El jurista explic\u00f3 que este dinamismo responde a la naturaleza pol\u00edtica del \u00f3rgano evaluador y a la condici\u00f3n de la SCJ como la cabeza de uno de los poderes del Estado.<\/p>\n<p class=\"wp-block-paragraph\">Durante su participaci\u00f3n en el programa Despu\u00e9s de la Noticia, conducido por los periodistas Nelson Mateo y Margaret Ram\u00edrez, Casta\u00f1os Guzm\u00e1n enfatiz\u00f3 que, seg\u00fan la Constituci\u00f3n, el pr\u00f3ximo titular del m\u00e1ximo tribunal judicial puede ser un juez de carrera o un profesional proveniente de la academia u otros sectores.<\/p>\n<p class=\"wp-block-paragraph\">Precis\u00f3 que el perfil requerido exige capacidad de gesti\u00f3n y visi\u00f3n de Estado para coordinar el sistema de justicia junto a estamentos como la Procuradur\u00eda General, la Defensa P\u00fablica y la Polic\u00eda Nacional.<\/p>\n<p class=\"wp-block-paragraph\">Ante los cuestionamientos sobre el impacto del origen pol\u00edtico en la independencia de los magistrados, el directivo de Finjus enfatiz\u00f3 que la independencia no la otorga la norma ni el proponente, sino el car\u00e1cter \u00e9tico e intr\u00ednseco de cada juez al ejercer sus funciones.<\/p>\n<p class=\"wp-block-paragraph\">Calific\u00f3 como un acto de prudencia la decisi\u00f3n de la Junta Central Electoral de suspender la resoluci\u00f3n sobre encuestas en per\u00edodos de precampa\u00f1a y abog\u00f3 por dar continuidad al di\u00e1logo tripartito para adaptar el C\u00f3digo de Trabajo a las nuevas realidades laborales del pa\u00eds.<\/p>\n<figure class=\"wp-block-embed is-type-video is-provider-youtube wp-block-embed-youtube wp-embed-aspect-16-9 wp-has-aspect-ratio\">\n<p>\n<span class=\"embed-youtube\" style=\"text-align:center; display: block;\"><iframe loading=\"lazy\" title=\"Servio Tulio Casta\u00f1os: \u201cA los presidentes nadie los presiona\u201d I DESPUES DE LA NOTICIA\" width=\"1200\" height=\"675\" src=\"https:\/\/www.youtube.com\/embed\/VEyY-yp9cCU?feature=oembed\" frameborder=\"0\" allow=\"accelerometer; autoplay; clipboard-write; encrypted-media; gyroscope; picture-in-picture; web-share\" referrerpolicy=\"strict-origin-when-cross-origin\" allowfullscreen><\/iframe><\/span>\n<\/p>\n<\/figure>\n<\/div>\n<\/div>\n","protected":false},"excerpt":{"rendered":"SANTO DOMINGO.- El vicepresidente ejecutivo de la Fundaci\u00f3n Institucionalidad y Justicia (Finjus),&hellip;\n","protected":false},"author":1,"featured_media":66801,"comment_status":"open","ping_status":"open","sticky":false,"template":"","format":"standard","meta":{"footnotes":""},"categories":[1],"tags":[],"class_list":["post-66800","post","type-post","status-publish","format-standard","has-post-thumbnail","category-nacionales"],"_links":{"self":[{"href":"https:\/\/acronoticias.com\/index.php\/wp-json\/wp\/v2\/posts\/66800","targetHints":{"allow":["GET"]}}],"collection":[{"href":"https:\/\/acronoticias.com\/index.php\/wp-json\/wp\/v2\/posts"}],"about":[{"href":"https:\/\/acronoticias.com\/index.php\/wp-json\/wp\/v2\/types\/post"}],"author":[{"embeddable":true,"href":"https:\/\/acronoticias.com\/index.php\/wp-json\/wp\/v2\/users\/1"}],"replies":[{"embeddable":true,"href":"https:\/\/acronoticias.com\/index.php\/wp-json\/wp\/v2\/comments?post=66800"}],"version-history":[{"count":0,"href":"https:\/\/acronoticias.com\/index.php\/wp-json\/wp\/v2\/posts\/66800\/revisions"}],"wp:featuredmedia":[{"embeddable":true,"href":"https:\/\/acronoticias.com\/index.php\/wp-json\/wp\/v2\/media\/66801"}],"wp:attachment":[{"href":"https:\/\/acronoticias.com\/index.php\/wp-json\/wp\/v2\/media?parent=66800"}],"wp:term":[{"taxonomy":"category","embeddable":true,"href":"https:\/\/acronoticias.com\/index.php\/wp-json\/wp\/v2\/categories?post=66800"},{"taxonomy":"post_tag","embeddable":true,"href":"https:\/\/acronoticias.com\/index.php\/wp-json\/wp\/v2\/tags?post=66800"}],"curies":[{"name":"wp","href":"https:\/\/api.w.org\/{rel}","templated":true}]}}