{"id":66788,"date":"2026-09-02T05:37:50","date_gmt":"2026-09-02T05:37:50","guid":{"rendered":"https:\/\/acronoticias.com\/index.php\/2026\/09\/02\/detienen-hombre-acusado-de-robar-el-arma-de-un-oficial-pn-que-se-banaba-en-el-rio-yaque-del-norte\/"},"modified":"2026-09-02T05:37:50","modified_gmt":"2026-09-02T05:37:50","slug":"detienen-hombre-acusado-de-robar-el-arma-de-un-oficial-pn-que-se-banaba-en-el-rio-yaque-del-norte","status":"publish","type":"post","link":"https:\/\/acronoticias.com\/index.php\/2026\/09\/02\/detienen-hombre-acusado-de-robar-el-arma-de-un-oficial-pn-que-se-banaba-en-el-rio-yaque-del-norte\/","title":{"rendered":"Detienen hombre acusado de robar el arma de un oficial PN que se ba\u00f1aba en el r\u00edo Yaque del Norte"},"content":{"rendered":"<div data-td-block-uid=\"tdi_100\">\n<div class=\"tdb-block-inner td-fix-index\">\n<p class=\"wp-block-paragraph\"><strong>SANTO DOMINGO.-<\/strong> Un operativo coordinado por agentes de la Direcci\u00f3n Nacional de Control de Drogas (DNCD) en el municipio de Miches, provincia El Seibo, culmin\u00f3 con el arresto de un hombre se\u00f1alado como el presunto responsable de sustraer el arma de reglamento de un oficial superior de la Polic\u00eda Nacional.<\/p>\n<p class=\"wp-block-paragraph\">El hecho ocurri\u00f3 en Santiago de los Caballeros, cuando el oficial se encontraba ba\u00f1\u00e1ndose en las aguas del r\u00edo Yaque del Norte y el sospechoso aprovech\u00f3 un descuido para cometer el hurto.<\/p>\n<p class=\"wp-block-paragraph\">Seg\u00fan inform\u00f3 la Polic\u00eda Nacional, el detenido ser\u00e1 trasladado en las pr\u00f3ximas horas a la sede policial de Santiago, donde quedar\u00e1 a disposici\u00f3n de los organismos investigativos correspondientes.<\/p>\n<p class=\"wp-block-paragraph\">Las autoridades contin\u00faan con las indagatorias para esclarecer completamente las circunstancias del hecho, determinar posibles responsabilidades adicionales y garantizar el cumplimiento del debido proceso conforme a la ley.<\/p>\n<\/div>\n<\/div>\n","protected":false},"excerpt":{"rendered":"SANTO DOMINGO.- Un operativo coordinado por agentes de la Direcci\u00f3n Nacional de&hellip;\n","protected":false},"author":1,"featured_media":66789,"comment_status":"open","ping_status":"open","sticky":false,"template":"","format":"standard","meta":{"footnotes":""},"categories":[1],"tags":[],"class_list":["post-66788","post","type-post","status-publish","format-standard","has-post-thumbnail","category-nacionales"],"_links":{"self":[{"href":"https:\/\/acronoticias.com\/index.php\/wp-json\/wp\/v2\/posts\/66788","targetHints":{"allow":["GET"]}}],"collection":[{"href":"https:\/\/acronoticias.com\/index.php\/wp-json\/wp\/v2\/posts"}],"about":[{"href":"https:\/\/acronoticias.com\/index.php\/wp-json\/wp\/v2\/types\/post"}],"author":[{"embeddable":true,"href":"https:\/\/acronoticias.com\/index.php\/wp-json\/wp\/v2\/users\/1"}],"replies":[{"embeddable":true,"href":"https:\/\/acronoticias.com\/index.php\/wp-json\/wp\/v2\/comments?post=66788"}],"version-history":[{"count":0,"href":"https:\/\/acronoticias.com\/index.php\/wp-json\/wp\/v2\/posts\/66788\/revisions"}],"wp:featuredmedia":[{"embeddable":true,"href":"https:\/\/acronoticias.com\/index.php\/wp-json\/wp\/v2\/media\/66789"}],"wp:attachment":[{"href":"https:\/\/acronoticias.com\/index.php\/wp-json\/wp\/v2\/media?parent=66788"}],"wp:term":[{"taxonomy":"category","embeddable":true,"href":"https:\/\/acronoticias.com\/index.php\/wp-json\/wp\/v2\/categories?post=66788"},{"taxonomy":"post_tag","embeddable":true,"href":"https:\/\/acronoticias.com\/index.php\/wp-json\/wp\/v2\/tags?post=66788"}],"curies":[{"name":"wp","href":"https:\/\/api.w.org\/{rel}","templated":true}]}}