{"id":66785,"date":"2026-09-02T05:30:35","date_gmt":"2026-09-02T05:30:35","guid":{"rendered":"https:\/\/acronoticias.com\/index.php\/2026\/09\/02\/apostar-por-la-seguridad-economica\/"},"modified":"2026-09-02T05:30:35","modified_gmt":"2026-09-02T05:30:35","slug":"apostar-por-la-seguridad-economica","status":"publish","type":"post","link":"https:\/\/acronoticias.com\/index.php\/2026\/09\/02\/apostar-por-la-seguridad-economica\/","title":{"rendered":"Apostar por la seguridad econ\u00f3mica"},"content":{"rendered":"<div>\n<p>                                                                                            <!-- --><\/p>\n<p class=\"paragraph\"><b>Por\u00a0Federico Alberto Cuello Camilo<\/b><\/p>\n<p class=\"paragraph\">El presidente<b> Luis Abinader<\/b> fue testigo de honor en Par\u00eds, el 24.3.2026, de la firma de un memorando de entendimiento con la <b>Organizaci\u00f3n para la Cooperaci\u00f3n y Desarrollo Econ\u00f3micos (OCDE). <\/b><\/p>\n<p class=\"paragraph\">El apoyo de la OCDE lleva ya casi dos d\u00e9cadas en \u00e1reas como competencia, desarrollo, educaci\u00f3n, justicia e integridad, tema que do\u00f1a Milagros Ortiz Bosch ha logrado insertar en el gobierno y las estrategias corporativas.<\/p>\n<p class=\"paragraph\">A partir de ahora el acercamiento a la OCDE tiene prioridad nacional, en virtud del decreto 408-25 del 25.7.2025. Es la otra cara de la moneda de la Meta 2036, la cual busca duplicar el tama\u00f1o de la econom\u00eda dominicana, elevando su productividad, acumulando capital humano y mejorando sus instituciones, aline\u00e1ndolas con las recomendaciones normativas de ese organismo.<\/p>\n<p class=\"paragraph\">Desde 1991, el crecimiento promedio anual dominicano <b>super\u00f3 5%<\/b>, el mayor del hemisferio, fruto de la estabilidad macroecon\u00f3mica, la inversi\u00f3n p\u00fablica, la apertura comercial y la confianza de los mercados internacionales.<\/p>\n<p class=\"paragraph\">Por su econom\u00eda resiliente, el pa\u00eds super\u00f3 el impacto de la pandemia, fruto de su oferta exportable diversificada, su autosuficiencia alimentaria y sus pol\u00edticas p\u00fablicas efectivas para contener y superar el contagio.<\/p>\n<p class=\"paragraph\">Por su localizaci\u00f3n estrat\u00e9gica, el pa\u00eds est\u00e1 destinado a convertirse en el centro log\u00edstico de las Am\u00e9ricas, a menos de tres d\u00edas por barco de EE. UU. y a menos de nueve d\u00edas de Europa, en el centro de las cadenas de suministro del hemisferio occidental, justo cuando se aplican las nuevas pol\u00edticas de <b>nearshoring<\/b>.<\/p>\n<p class=\"paragraph\">Por sus minerales cr\u00edticos, el pa\u00eds ser\u00e1 un socio confiable en la fabricaci\u00f3n integrada verticalmente de espejos solares, turbinas e\u00f3licas, pilas de hidr\u00f3geno y semiconductores.<\/p>\n<p class=\"paragraph\">En este contexto, el primer programa de trabajo dominicano con la OCDE abarca <b>24 proyectos agrupados<\/b> en cinco pilares de pol\u00edtica p\u00fablica a ser ejecutados por cada organismo responsable.<\/p>\n<p class=\"paragraph\">El <b>primer pilar<\/b> busca fortalecer el potencial de crecimiento, revisando las pol\u00edticas de inversi\u00f3n extranjera y modernizando marcos regulatorios, la regulaci\u00f3n de los movimientos de capitales y las transacciones invisibles de servicios. Tambi\u00e9n buscar\u00e1 fortalecer el sistema nacional de estad\u00edsticas e impulsar la formalizaci\u00f3n e inclusi\u00f3n financiera a trav\u00e9s de la digitalizaci\u00f3n. Y, en respuesta al informe de la OCDE sobre el potencial dominicano en semiconductores, se revisar\u00e1n las pol\u00edticas de ciencia, tecnolog\u00eda, innovaci\u00f3n e industria.<\/p>\n<p class=\"paragraph\">El <b>segundo pilar<\/b> apoyar\u00e1 la transformaci\u00f3n del sistema educativo, incluyendo la regionalizaci\u00f3n de las pruebas PISA, la adopci\u00f3n del enfoque educativo en ciencias, tecnolog\u00eda, ingenier\u00eda y matem\u00e1ticas (STEM) y la participaci\u00f3n en el programa PIAAC para medir las habilidades de los adultos.<\/p>\n<p class=\"paragraph\">El<b> tercer pilar<\/b> buscar\u00e1 fortalecer la gobernanza p\u00fablica, con la revisi\u00f3n de las pol\u00edticas tributarias, la integridad institucional y la alineaci\u00f3n del sistema judicial y del centro de gobierno con las mejores pr\u00e1cticas internacionales. Tambi\u00e9n buscar\u00e1 prevenir la colusi\u00f3n en licitaciones p\u00fablicas, fortalecer la pol\u00edtica de competencia y simplificar los tr\u00e1mites administrativos, en apoyo al programa de \u201cburocracia cero\u201d impulsado por el presidente Abinader.<\/p>\n<p class=\"paragraph\">El <b>cuarto pilar<\/b> se enfocar\u00e1 en la sostenibilidad ambiental y el crecimiento verde, incluyendo el desarrollo de la econom\u00eda azul, con especial atenci\u00f3n al uso del agua en la agricultura y el turismo.<\/p>\n<p class=\"paragraph\">El <b>quinto y \u00faltimo pilar<\/b> realizar\u00e1 el primer estudio de pol\u00edticas de transporte de Latinoam\u00e9rica, para contar con un sistema multimodal optimizado en Santo Domingo y el resto del pa\u00eds.<\/p>\n<p class=\"paragraph\">Trabajar con la OCDE permitir\u00e1 al pa\u00eds contar con pol\u00edticas formuladas y ejecutadas con el rigor que practican aquellos que tienen la mayor esperanza de vida, los mejores sistemas educativos y las menores primas internacionales de riesgo financiero; los mismos que respetan el imperio de la ley y la libre competencia y que tienen las mejores pr\u00e1cticas de gobernabilidad p\u00fablica y privada.<\/p>\n<p class=\"paragraph\">As\u00ed, trabajar con la OCDE ser\u00e1 apostar por la seguridad econ\u00f3mica requerida por todas las personas y empresas que aqu\u00ed concurren, en estos momentos de incertidumbre internacional y fragmentaci\u00f3n de la globalizaci\u00f3n.<\/p>\n<div class=\"c-detail__box \">\n<article class=\"c-detail__sumario \">\n<figure class=\"c-detail__sumario__thumb\" style=\"display: block;\">\n            <a href=\"#\" title=\"\">\n                <picture data-size=\"w:140,h:140\" loading=\"lazy\" src=\"https:\/\/imagenes.hoy.com.do\/files\/related_image\/files\/fp\/uploads\/2025\/12\/10\/693a0ac80e0f7.r_d.784-799.jpeg\" data-full-src=\"https:\/\/imagenes.hoy.com.do\/uploads\/2025\/12\/10\/693a0ac80e0f7.jpeg\">\n                    <img loading=\"lazy\" decoding=\"async\" width=\"140\" height=\"140\" alt=\"La entidad aboga por mayor protecci\u00f3n social y en particular el sistema de pensiones\" src=\"https:\/\/imagenes.hoy.com.do\/uploads\/2025\/12\/10\/693a0ac80e0f7.jpeg\"\/>\n                <\/picture>\n            <\/a><br \/>\n        <\/figure>\n<\/article>\n<\/div>\n<\/div>\n","protected":false},"excerpt":{"rendered":"Por\u00a0Federico Alberto Cuello Camilo El presidente Luis Abinader fue testigo de honor&hellip;\n","protected":false},"author":1,"featured_media":66786,"comment_status":"open","ping_status":"open","sticky":false,"template":"","format":"standard","meta":{"footnotes":""},"categories":[3],"tags":[],"class_list":["post-66785","post","type-post","status-publish","format-standard","has-post-thumbnail","category-internacionales"],"_links":{"self":[{"href":"https:\/\/acronoticias.com\/index.php\/wp-json\/wp\/v2\/posts\/66785","targetHints":{"allow":["GET"]}}],"collection":[{"href":"https:\/\/acronoticias.com\/index.php\/wp-json\/wp\/v2\/posts"}],"about":[{"href":"https:\/\/acronoticias.com\/index.php\/wp-json\/wp\/v2\/types\/post"}],"author":[{"embeddable":true,"href":"https:\/\/acronoticias.com\/index.php\/wp-json\/wp\/v2\/users\/1"}],"replies":[{"embeddable":true,"href":"https:\/\/acronoticias.com\/index.php\/wp-json\/wp\/v2\/comments?post=66785"}],"version-history":[{"count":0,"href":"https:\/\/acronoticias.com\/index.php\/wp-json\/wp\/v2\/posts\/66785\/revisions"}],"wp:featuredmedia":[{"embeddable":true,"href":"https:\/\/acronoticias.com\/index.php\/wp-json\/wp\/v2\/media\/66786"}],"wp:attachment":[{"href":"https:\/\/acronoticias.com\/index.php\/wp-json\/wp\/v2\/media?parent=66785"}],"wp:term":[{"taxonomy":"category","embeddable":true,"href":"https:\/\/acronoticias.com\/index.php\/wp-json\/wp\/v2\/categories?post=66785"},{"taxonomy":"post_tag","embeddable":true,"href":"https:\/\/acronoticias.com\/index.php\/wp-json\/wp\/v2\/tags?post=66785"}],"curies":[{"name":"wp","href":"https:\/\/api.w.org\/{rel}","templated":true}]}}