{"id":66783,"date":"2026-09-02T05:21:36","date_gmt":"2026-09-02T05:21:36","guid":{"rendered":"https:\/\/acronoticias.com\/index.php\/2026\/09\/02\/familiares-reportan-desaparicion-de-miguel-angel-cordero\/"},"modified":"2026-09-02T05:21:36","modified_gmt":"2026-09-02T05:21:36","slug":"familiares-reportan-desaparicion-de-miguel-angel-cordero","status":"publish","type":"post","link":"https:\/\/acronoticias.com\/index.php\/2026\/09\/02\/familiares-reportan-desaparicion-de-miguel-angel-cordero\/","title":{"rendered":"Familiares reportan desaparici\u00f3n de Miguel \u00c1ngel Cordero"},"content":{"rendered":"<div data-td-block-uid=\"tdi_100\">\n<div class=\"tdb-block-inner td-fix-index\">\n<p class=\"wp-block-paragraph\"><strong>Santo Domingo<\/strong>.-Familiares reportaron la desaparici\u00f3n de Miguel \u00c1ngel Cordero, de 37 a\u00f1os, quien fue visto por \u00faltima vez el pasado s\u00e1bado mientras caminaba por el barrio Buena Ventura, en la carretera de Mendoza, municipio Santo Domingo Este.<\/p>\n<p class=\"wp-block-paragraph\">De acuerdo con sus familiares, Cordero se encontraba caminando en hora de la ma\u00f1ana por la referida zona cuando fue visto por \u00faltima vez, por lo que solicitan la colaboraci\u00f3n de la ciudadan\u00eda para dar con su paradero.<\/p>\n<p class=\"wp-block-paragraph\">Al momento de su desaparici\u00f3n, Miguel \u00c1ngel Cordero vest\u00eda un abrigo color verde, pantal\u00f3n jeans y una gorra gris.<\/p>\n<p class=\"wp-block-paragraph\">Sus familiares mantienen la b\u00fasqueda y piden a cualquier persona que pueda tener informaci\u00f3n sobre su ubicaci\u00f3n que se comunique de inmediato a los tel\u00e9fonos 809-391-0065 y 829-502-3572.<\/p>\n<p class=\"wp-block-paragraph\">Asimismo, solicitan compartir la informaci\u00f3n para contribuir a ampliar la posibilidad de localizarlo y lograr su pronto regreso con sus seres queridos.<\/p>\n<\/div>\n<\/div>\n","protected":false},"excerpt":{"rendered":"Santo Domingo.-Familiares reportaron la desaparici\u00f3n de Miguel \u00c1ngel Cordero, de 37 a\u00f1os,&hellip;\n","protected":false},"author":1,"featured_media":66784,"comment_status":"open","ping_status":"open","sticky":false,"template":"","format":"standard","meta":{"footnotes":""},"categories":[1],"tags":[],"class_list":["post-66783","post","type-post","status-publish","format-standard","has-post-thumbnail","category-nacionales"],"_links":{"self":[{"href":"https:\/\/acronoticias.com\/index.php\/wp-json\/wp\/v2\/posts\/66783","targetHints":{"allow":["GET"]}}],"collection":[{"href":"https:\/\/acronoticias.com\/index.php\/wp-json\/wp\/v2\/posts"}],"about":[{"href":"https:\/\/acronoticias.com\/index.php\/wp-json\/wp\/v2\/types\/post"}],"author":[{"embeddable":true,"href":"https:\/\/acronoticias.com\/index.php\/wp-json\/wp\/v2\/users\/1"}],"replies":[{"embeddable":true,"href":"https:\/\/acronoticias.com\/index.php\/wp-json\/wp\/v2\/comments?post=66783"}],"version-history":[{"count":0,"href":"https:\/\/acronoticias.com\/index.php\/wp-json\/wp\/v2\/posts\/66783\/revisions"}],"wp:featuredmedia":[{"embeddable":true,"href":"https:\/\/acronoticias.com\/index.php\/wp-json\/wp\/v2\/media\/66784"}],"wp:attachment":[{"href":"https:\/\/acronoticias.com\/index.php\/wp-json\/wp\/v2\/media?parent=66783"}],"wp:term":[{"taxonomy":"category","embeddable":true,"href":"https:\/\/acronoticias.com\/index.php\/wp-json\/wp\/v2\/categories?post=66783"},{"taxonomy":"post_tag","embeddable":true,"href":"https:\/\/acronoticias.com\/index.php\/wp-json\/wp\/v2\/tags?post=66783"}],"curies":[{"name":"wp","href":"https:\/\/api.w.org\/{rel}","templated":true}]}}