{"id":66781,"date":"2026-09-02T05:05:39","date_gmt":"2026-09-02T05:05:39","guid":{"rendered":"https:\/\/acronoticias.com\/index.php\/2026\/09\/02\/joven-muere-tras-ser-apunalada-durante-una-rina-en-san-jose-de-ocoa\/"},"modified":"2026-09-02T05:05:39","modified_gmt":"2026-09-02T05:05:39","slug":"joven-muere-tras-ser-apunalada-durante-una-rina-en-san-jose-de-ocoa","status":"publish","type":"post","link":"https:\/\/acronoticias.com\/index.php\/2026\/09\/02\/joven-muere-tras-ser-apunalada-durante-una-rina-en-san-jose-de-ocoa\/","title":{"rendered":"Joven muere tras ser apu\u00f1alada durante una ri\u00f1a en San Jos\u00e9 de Ocoa"},"content":{"rendered":"<div data-td-block-uid=\"tdi_100\">\n<div class=\"tdb-block-inner td-fix-index\">\n<p class=\"wp-block-paragraph\"><strong>San Jos\u00e9 de Ocoa.<\/strong> \u2014 Una joven de 22 a\u00f1os falleci\u00f3 la tarde de este martes mientras recib\u00eda atenciones m\u00e9dicas en un centro de salud, tras ser herida mortalmente con un arma blanca en medio de un altercado violento ocurrido en el sector Los Maestros, en este municipio.<\/p>\n<p class=\"wp-block-paragraph\">La v\u00edctima fue identificada como Leidy Soto, quien sufri\u00f3 una estocada en el t\u00f3rax durante un enfrentamiento con Adriana Cuello Minyety. De acuerdo con los informes preliminares, el incidente se desencaden\u00f3 cuando Soto se present\u00f3 en la residencia que la agresora compart\u00eda con la expareja de la hoy fallecida.<\/p>\n<p class=\"wp-block-paragraph\">Tras la agresi\u00f3n, la v\u00edctima fue trasladada de urgencia a un centro hospitalario de la localidad, donde falleci\u00f3 minutos despu\u00e9s debido a la gravedad de la herida penetrante.<\/p>\n<p class=\"wp-block-paragraph\">Agentes de la Polic\u00eda Nacional y representantes del Ministerio P\u00fablico asumieron las investigaciones correspondientes para esclarecer los motivos que originaron el enfrentamiento, mientras que la acusada se encuentra bajo custodia policial para ser puesta a disposici\u00f3n de la justicia.<\/p>\n<\/div>\n<\/div>\n","protected":false},"excerpt":{"rendered":"San Jos\u00e9 de Ocoa. \u2014 Una joven de 22 a\u00f1os falleci\u00f3 la&hellip;\n","protected":false},"author":1,"featured_media":66782,"comment_status":"open","ping_status":"open","sticky":false,"template":"","format":"standard","meta":{"footnotes":""},"categories":[1],"tags":[],"class_list":["post-66781","post","type-post","status-publish","format-standard","has-post-thumbnail","category-nacionales"],"_links":{"self":[{"href":"https:\/\/acronoticias.com\/index.php\/wp-json\/wp\/v2\/posts\/66781","targetHints":{"allow":["GET"]}}],"collection":[{"href":"https:\/\/acronoticias.com\/index.php\/wp-json\/wp\/v2\/posts"}],"about":[{"href":"https:\/\/acronoticias.com\/index.php\/wp-json\/wp\/v2\/types\/post"}],"author":[{"embeddable":true,"href":"https:\/\/acronoticias.com\/index.php\/wp-json\/wp\/v2\/users\/1"}],"replies":[{"embeddable":true,"href":"https:\/\/acronoticias.com\/index.php\/wp-json\/wp\/v2\/comments?post=66781"}],"version-history":[{"count":0,"href":"https:\/\/acronoticias.com\/index.php\/wp-json\/wp\/v2\/posts\/66781\/revisions"}],"wp:featuredmedia":[{"embeddable":true,"href":"https:\/\/acronoticias.com\/index.php\/wp-json\/wp\/v2\/media\/66782"}],"wp:attachment":[{"href":"https:\/\/acronoticias.com\/index.php\/wp-json\/wp\/v2\/media?parent=66781"}],"wp:term":[{"taxonomy":"category","embeddable":true,"href":"https:\/\/acronoticias.com\/index.php\/wp-json\/wp\/v2\/categories?post=66781"},{"taxonomy":"post_tag","embeddable":true,"href":"https:\/\/acronoticias.com\/index.php\/wp-json\/wp\/v2\/tags?post=66781"}],"curies":[{"name":"wp","href":"https:\/\/api.w.org\/{rel}","templated":true}]}}