{"id":66772,"date":"2026-09-02T04:01:46","date_gmt":"2026-09-02T04:01:46","guid":{"rendered":"https:\/\/acronoticias.com\/index.php\/2026\/09\/02\/director-de-la-pn-asegura-nosotros-somos-la-institucion-que-mas-sanciona-a-sus-empleados-por-una-accion-irregular\/"},"modified":"2026-09-02T04:01:46","modified_gmt":"2026-09-02T04:01:46","slug":"director-de-la-pn-asegura-nosotros-somos-la-institucion-que-mas-sanciona-a-sus-empleados-por-una-accion-irregular","status":"publish","type":"post","link":"https:\/\/acronoticias.com\/index.php\/2026\/09\/02\/director-de-la-pn-asegura-nosotros-somos-la-institucion-que-mas-sanciona-a-sus-empleados-por-una-accion-irregular\/","title":{"rendered":"Director de la PN asegura \u201cnosotros somos la instituci\u00f3n que m\u00e1s sanciona a sus empleados por una acci\u00f3n irregular\u201d"},"content":{"rendered":"<p><img decoding=\"async\" width=\"355\" height=\"200\" src=\"https:\/\/nuevodiario-assets.s3.us-east-2.amazonaws.com\/wp-content\/uploads\/2026\/09\/Director-de-la-Policia-Nacional-355x200.jpeg\" class=\"webfeedsFeaturedVisual wp-post-image\" alt=\"\" style=\"display: block;margin-bottom: 5px;clear:both;max-width: 100%\" loading=\"lazy\" \/><\/p>\n<p><strong>EL NUEVO DIARIO, SANTO DOMINGO.-<\/strong> El nuevo director de la Polic\u00eda Nacional, mayor general <strong>Ernesto Rafael Rodr\u00edguez Garc\u00eda<\/strong>, resalt\u00f3 este martes el compromiso que tiene esa instituci\u00f3n frente al reglamento y su accionar frente a conductas irregulares por parte de sus uniformados.<\/p>\n<p>Durante una visita de cortes\u00eda a<strong> Persio Maldonado S\u00e1nchez<\/strong>, director de El Nuevo Diario, el mayor general Rodr\u00edguez Garc\u00eda, acompa\u00f1ado del vocero de la Polic\u00eda Nacional, coronel <strong>Diego Pesqueira<\/strong>, expres\u00f3 que la entidad que dirige es la instituci\u00f3n \u201cque m\u00e1s sanciona a sus empleados\u201d.<\/p>\n<figure id=\"attachment_3260808\" aria-describedby=\"caption-attachment-3260808\" style=\"width: 1600px\" class=\"wp-caption alignnone\"><img decoding=\"async\" data-recalc-dims=\"1\" loading=\"lazy\" class=\"size-full wp-image-3260808\" src=\"https:\/\/i0.wp.com\/nuevodiario-assets.s3.us-east-2.amazonaws.com\/wp-content\/uploads\/2026\/09\/Diego-Pesqueira-Persio-Maldonado-y-Rodriguez-Garcia.jpeg?resize=640%2C426&quality=100&ssl=1\" alt=\"\" width=\"640\" height=\"426\" \/><figcaption id=\"caption-attachment-3260808\" class=\"wp-caption-text\"><strong>De izquierda a derecha Diego Pesqueira, vocero de la Polic\u00eda Nacional; Persio Maldonado S\u00e1nchez, director de El Nuevo Diario; y el director de la Polic\u00eda Nacional, mayor general Ernesto Rafael Rodr\u00edguez Garc\u00eda (Foto: F\u00e9lix Lara\/ END)<\/strong><\/figcaption><\/figure>\n<p>Asimismo, se\u00f1al\u00f3 la importancia de la Reforma Policial y el papel protag\u00f3nico de la Polic\u00eda, en materia de seguridad, y \u201csiempre con miras a la mejor\u00eda\u201d.<\/p>\n<p>\u201cEl se\u00f1or presidente (Luis Abinader) ha hecho un <strong>esfuerzo extraordinario con esta instituci\u00f3n<\/strong>, dot\u00e1ndonos de medios y herramientas necesarias para ser m\u00e1s efectivos en nosotros, y poder servir a la sociedad\u201d, indic\u00f3.<\/p>\n<p>En ese orden, enfatiz\u00f3 en el <strong>fortalecimiento del \u00e1rea de Recursos Humanos<\/strong>, asegurando que, aunque de la uniformada salen muchos miembros por diferentes razones, han ingresado diversas promociones, poniendo como ejemplo la actual que cuenta con alrededor de dos mil agentes en pasant\u00eda.<\/p>\n<p>Explic\u00f3 que estos son polic\u00edas y cadetes que culminaron el curr\u00edculo, pero que, antes de graduarlos, se mandan tres meses a la calle, para que se vayan familiarizando y poniendo en pr\u00e1ctica lo que aprendieron a las aulas, conjuntamente con los oficiales de experiencia, que le ense\u00f1an el terreno, el funcionamiento como tal.<\/p>\n<figure id=\"attachment_3260815\" aria-describedby=\"caption-attachment-3260815\" style=\"width: 1600px\" class=\"wp-caption alignnone\"><img decoding=\"async\" data-recalc-dims=\"1\" loading=\"lazy\" class=\"size-full wp-image-3260815\" src=\"https:\/\/i0.wp.com\/nuevodiario-assets.s3.us-east-2.amazonaws.com\/wp-content\/uploads\/2026\/09\/Persio-Maldonado-y-director-de-la-PN.jpeg?resize=640%2C413&quality=100&ssl=1\" alt=\"\" width=\"640\" height=\"413\" \/><figcaption id=\"caption-attachment-3260815\" class=\"wp-caption-text\"><strong>Persio Maldonado S\u00e1nchez, director de El Nuevo Diario, junto al director de la Polic\u00eda Nacional, mayor general Ernesto Rafael Rodr\u00edguez Garc\u00eda (Foto: F\u00e9lix Lara\/ END)<\/strong><\/figcaption><\/figure>\n<p>En otro orden, inform\u00f3 que pr\u00f3ximamente ser\u00e1 implementado un <strong>plan piloto<\/strong> del nuevo modelo de patrullaje, basado en cuadrantes y corredores, como parte del proceso de reforma de la instituci\u00f3n.<\/p>\n<p><strong>Rodr\u00edguez Garc\u00eda<\/strong> explic\u00f3 que el pilotaje comenzar\u00e1 en <strong>cuatro departamentos<\/strong> y que posteriormente se incorporar\u00e1n otros 20, para ampliar progresivamente la aplicaci\u00f3n del nuevo modelo policial.<\/p>\n<p>Asimismo, indic\u00f3 que entre <strong>3,000 y 4,000 agentes<\/strong> han salido de la academia y que actualmente ya existe una nueva promoci\u00f3n en proceso de formaci\u00f3n.<\/p>\n<p><strong>\u201cEducaci\u00f3n y doctrina policial\u201d<\/strong><\/p>\n<p>Durante sus declaraciones, el director policial destac\u00f3 que la reforma contempla cambios no solo en la forma de patrullar, sino tambi\u00e9n en la educaci\u00f3n y doctrina policial, con especial \u00e9nfasis en la manera en que los agentes deben abordar a los ciudadanos.<\/p>\n<p>En ese sentido, sostuvo que los nuevos polic\u00edas reciben formaci\u00f3n sobre los procedimientos adecuados para interactuar con la poblaci\u00f3n, mientras que los agentes que ya pertenecen a la instituci\u00f3n son sometidos a procesos de reentrenamiento para complementar los conocimientos que no recibieron durante su formaci\u00f3n inicial.<\/p>\n<figure id=\"attachment_3260819\" aria-describedby=\"caption-attachment-3260819\" style=\"width: 1600px\" class=\"wp-caption alignnone\"><img decoding=\"async\" data-recalc-dims=\"1\" loading=\"lazy\" class=\"size-full wp-image-3260819\" src=\"https:\/\/i0.wp.com\/nuevodiario-assets.s3.us-east-2.amazonaws.com\/wp-content\/uploads\/2026\/09\/Director-de-la-PN-llega-a-END.jpeg?resize=640%2C426&quality=100&ssl=1\" alt=\"\" width=\"640\" height=\"426\" \/><figcaption id=\"caption-attachment-3260819\" class=\"wp-caption-text\"><strong>Persio Maldonado S\u00e1nchez recibe al director de la Polic\u00eda Nacional en las instalaciones de El Nuevo Diario (Foto: F\u00e9lix Lara\/ END)<\/strong><\/figcaption><\/figure>\n<p>\u201cDe eso se trata la reforma. El nuevo modelo de Polic\u00eda, obviamente, es un <strong>nuevo modelo de educaci\u00f3n<\/strong> y de doctrina, y se insiste en esa materia, en cuanto al abordaje\u201d, afirm\u00f3.<\/p>\n<p>Resalt\u00f3 que, los que ya est\u00e1n entrenados, que son miembros de tiempo, est\u00e1n siendo reentrenados, independientemente del nuevo curr\u00edculo, se les completa a los \u201c<strong>viejos polic\u00edas<\/strong>\u201d que no tuvieron la oportunidad de recibir esta materia en las escuelas de formaci\u00f3n.<\/p>\n<p>Explic\u00f3 que estas jornadas incluyen la participaci\u00f3n de distintas \u00e1reas de la instituci\u00f3n y que los organismos de control interno, como Asuntos Internos e Inspector\u00eda, tienen la responsabilidad de dar seguimiento a las actuaciones de los agentes.<\/p>\n<p><strong>Conflictos sociales preocupan a la instituci\u00f3n<\/strong><\/p>\n<p>Al abordar sobre los principales temas que generan preocupaci\u00f3n desde el punto de vista del trabajo policial, el director identific\u00f3 los <strong>conflictos sociales<\/strong> como uno de los asuntos que requieren mayor atenci\u00f3n, incluso por encima de la criminalidad.<\/p>\n<p>Explic\u00f3 que dentro de estos conflictos se encuentran las discusiones y peleas en los barrios, los enfrentamientos entre ciudadanos y la violencia de g\u00e9nero.<\/p>\n<p>Tambi\u00e9n llam\u00f3 la atenci\u00f3n sobre la presencia de armas en los <strong>conflictos cotidianos<\/strong> y la necesidad de trabajar en la prevenci\u00f3n de las conductas violentas.<\/p>\n<p>En ese tenor, el director destac\u00f3 el trabajo que realiza la <strong>Polic\u00eda Comunitaria<\/strong>, mediante charlas en clubes, escuelas y colegios, as\u00ed como el contacto permanente de los comandantes y directores regionales con las comunidades.<\/p>\n<figure id=\"attachment_3260823\" aria-describedby=\"caption-attachment-3260823\" style=\"width: 1600px\" class=\"wp-caption alignnone\"><img decoding=\"async\" data-recalc-dims=\"1\" loading=\"lazy\" class=\"size-full wp-image-3260823\" src=\"https:\/\/i0.wp.com\/nuevodiario-assets.s3.us-east-2.amazonaws.com\/wp-content\/uploads\/2026\/09\/Conversacion-Maldonado-y-Rodriguez-Garcia.jpeg?resize=640%2C366&quality=100&ssl=1\" alt=\"\" width=\"640\" height=\"366\" \/><figcaption id=\"caption-attachment-3260823\" class=\"wp-caption-text\"><strong>Persio Maldonado S\u00e1nchez, director de El Nuevo Diario, junto al director de la Polic\u00eda Nacional, mayor general Ernesto Rafael Rodr\u00edguez Garc\u00eda (Foto: F\u00e9lix Lara\/ END)<\/strong><\/figcaption><\/figure>\n<p>Indic\u00f3 que los agentes mantienen comunicaci\u00f3n con juntas de vecinos y otros sectores comunitarios, en encuentros en los que tambi\u00e9n participan representantes del Ministerio P\u00fablico, sacerdotes y capellanes de la Polic\u00eda.<\/p>\n<p>Sostuvo que la instituci\u00f3n no se limita a actuar cuando ocurre un hecho, sino que tambi\u00e9n desarrolla labores preventivas en las comunidades.<\/p>\n<p><strong>Uso de tecnolog\u00eda y c\u00e1maras<\/strong><\/p>\n<p>Sobre el uso de la tecnolog\u00eda en la<strong> lucha contra la criminalidad<\/strong>, el mayor general destac\u00f3 el aporte del sistema de c\u00e1maras de vigilancia para las investigaciones.<\/p>\n<p>En ese sentido, apunt\u00f3 que existe un proyecto orientado a integrar parte de esas <strong>c\u00e1maras al sistema de vigilancia<\/strong>, con el prop\u00f3sito de ampliar las herramientas tecnol\u00f3gicas disponibles para la Polic\u00eda.<\/p>\n<p>JSB\/<\/p>\n<p>La entrada <a href=\"https:\/\/elnuevodiario.com.do\/director-de-la-pn-asegura-nosotros-somos-la-institucion-que-mas-sanciona-a-sus-empleados-por-una-accion-irregular\/\">Director de la PN asegura \u201cnosotros somos la instituci\u00f3n que m\u00e1s sanciona a sus empleados por una acci\u00f3n irregular\u201d<\/a> se public\u00f3 primero en <a href=\"https:\/\/elnuevodiario.com.do\">El Nuevo Diario (Rep\u00fablica Dominicana)<\/a>.<\/p>\n","protected":false},"excerpt":{"rendered":"EL NUEVO DIARIO, SANTO DOMINGO.- El nuevo director de la Polic\u00eda Nacional,&hellip;\n","protected":false},"author":1,"featured_media":66773,"comment_status":"open","ping_status":"open","sticky":false,"template":"","format":"standard","meta":{"footnotes":""},"categories":[1],"tags":[],"class_list":["post-66772","post","type-post","status-publish","format-standard","has-post-thumbnail","category-nacionales"],"_links":{"self":[{"href":"https:\/\/acronoticias.com\/index.php\/wp-json\/wp\/v2\/posts\/66772","targetHints":{"allow":["GET"]}}],"collection":[{"href":"https:\/\/acronoticias.com\/index.php\/wp-json\/wp\/v2\/posts"}],"about":[{"href":"https:\/\/acronoticias.com\/index.php\/wp-json\/wp\/v2\/types\/post"}],"author":[{"embeddable":true,"href":"https:\/\/acronoticias.com\/index.php\/wp-json\/wp\/v2\/users\/1"}],"replies":[{"embeddable":true,"href":"https:\/\/acronoticias.com\/index.php\/wp-json\/wp\/v2\/comments?post=66772"}],"version-history":[{"count":0,"href":"https:\/\/acronoticias.com\/index.php\/wp-json\/wp\/v2\/posts\/66772\/revisions"}],"wp:featuredmedia":[{"embeddable":true,"href":"https:\/\/acronoticias.com\/index.php\/wp-json\/wp\/v2\/media\/66773"}],"wp:attachment":[{"href":"https:\/\/acronoticias.com\/index.php\/wp-json\/wp\/v2\/media?parent=66772"}],"wp:term":[{"taxonomy":"category","embeddable":true,"href":"https:\/\/acronoticias.com\/index.php\/wp-json\/wp\/v2\/categories?post=66772"},{"taxonomy":"post_tag","embeddable":true,"href":"https:\/\/acronoticias.com\/index.php\/wp-json\/wp\/v2\/tags?post=66772"}],"curies":[{"name":"wp","href":"https:\/\/api.w.org\/{rel}","templated":true}]}}