{"id":66766,"date":"2026-09-02T03:29:45","date_gmt":"2026-09-02T03:29:45","guid":{"rendered":"https:\/\/acronoticias.com\/index.php\/2026\/09\/02\/adp-recorta-horario-de-clases-en-el-gran-santo-domingo-y-exige-respuestas-a-educacion\/"},"modified":"2026-09-02T03:29:45","modified_gmt":"2026-09-02T03:29:45","slug":"adp-recorta-horario-de-clases-en-el-gran-santo-domingo-y-exige-respuestas-a-educacion","status":"publish","type":"post","link":"https:\/\/acronoticias.com\/index.php\/2026\/09\/02\/adp-recorta-horario-de-clases-en-el-gran-santo-domingo-y-exige-respuestas-a-educacion\/","title":{"rendered":"ADP recorta horario de clases en el Gran Santo Domingo y exige respuestas a Educaci\u00f3n"},"content":{"rendered":"<p><img decoding=\"async\" width=\"355\" height=\"200\" src=\"https:\/\/nuevodiario-assets.s3.us-east-2.amazonaws.com\/wp-content\/uploads\/2026\/09\/ADP-recorta-horario-de-clases-en-el-Gran-Santo-Domingo-y-exige-respuestas-a-Educacion-355x200.jpg\" class=\"webfeedsFeaturedVisual wp-post-image\" alt=\"\" style=\"display: block;margin-bottom: 5px;clear:both;max-width: 100%\" loading=\"lazy\" \/><\/p>\n<p>EL NUEVO DIARIO, SANTO DOMINGO.- La Asociaci\u00f3n Dominicana de Profesores (ADP) dispuso una reducci\u00f3n de la jornada laboral en los centros educativos del Gran Santo Domingo, hasta tanto el Ministerio de Educaci\u00f3n atienda una serie de reclamos relacionados con infraestructura, personal, alimentaci\u00f3n escolar y el cumplimiento del Estatuto del Docente.<\/p>\n<p>La decisi\u00f3n fue comunicada por el gremio al magisterio mediante una disposici\u00f3n que establece que los centros de Jornada Escolar Extendida (JEE) trabajar\u00e1n hasta las 3:00 de la tarde, mientras que aquellos que no cuentan con servicio de almuerzo concluir\u00e1n a las 12:00 del mediod\u00eda.<\/p>\n<p>Asimismo, los centros de jornada regular laborar\u00e1n hasta las 2:00 de la tarde, mientras que las jornadas matutina y vespertina mantendr\u00e1n sus respectivos horarios.<\/p>\n<p>La ADP indic\u00f3 que la medida se mantendr\u00e1 hasta que se produzcan soluciones efectivas a los problemas que seg\u00fan el gremio, persisten en los centros educativos.<\/p>\n<p>Entre sus reclamos, la organizaci\u00f3n cit\u00f3 la reparaci\u00f3n y adecuaci\u00f3n de la infraestructura escolar, completar docentes, personal administrativo y de apoyo, as\u00ed como la incorporaci\u00f3n de clases optativas y la habilitaci\u00f3n del horario de almuerzo para los maestros de Jornada Escolar Extendida.<\/p>\n<p>Tambi\u00e9n exigi\u00f3 el cumplimiento del Estatuto del Docente en lo relativo a los traslados y reubicaciones de maestros debidamente justificados.<\/p>\n<p><strong>Reclamos por condiciones de las escuelas<\/strong><\/p>\n<p>La disposici\u00f3n de la ADP se produce d\u00edas despu\u00e9s de que su presidente, Eduardo Hidalgo denunciara dificultades en el inicio del a\u00f1o escolar 2026-2027.<\/p>\n<p>Hidalgo inform\u00f3 que el gremio realiz\u00f3 un levantamiento en 1,010 centros educativos, de los cuales 160, seg\u00fan sus datos, no pudieron iniciar la docencia debido a diferentes situaciones.<\/p>\n<p>Entre los problemas se\u00f1alados figuran obras inconclusas, filtraciones en techos, grietas en paredes y columnas, hundimientos de pisos, deterioro de escaleras, dificultades con el suministro de agua potable y problemas en los ba\u00f1os.<\/p>\n<p>El presidente de la ADP tambi\u00e9n denunci\u00f3 deficiencias relacionadas con la alimentaci\u00f3n escolar. Seg\u00fan sus declaraciones, alrededor del 30 % de los centros evaluados habr\u00eda tenido que interrumpir la jornada por falta de almuerzo, mientras que en el 46 % el desayuno habr\u00eda llegado incompleto.<\/p>\n<p>A estas dificultades se suma, de acuerdo con el gremio, la falta de docentes y personal administrativo y de apoyo, entre ellos conserjes, porteros, serenos, secretarias, digitadores y bibliotecarios.<\/p>\n<p><strong>Educaci\u00f3n advierte que garantizar\u00e1 continuidad de las clases<\/strong><\/p>\n<p>La medida ocurre en medio de diferencias entre la ADP y el Ministerio de Educaci\u00f3n por el inicio del a\u00f1o escolar.<\/p>\n<p>El ministro de Educaci\u00f3n, Luis Miguel De Camps hab\u00eda advertido previamente a las seccionales del gremio que se negaban a iniciar la docencia y se\u00f1al\u00f3 que algunas hab\u00edan desafiado la decisi\u00f3n de la direcci\u00f3n nacional de la ADP de respaldar el comienzo del a\u00f1o lectivo.<\/p>\n<p>De Camps afirm\u00f3 que en caso de que no se acaten las disposiciones, el Ministerio recurrir\u00e1 a las v\u00edas legales correspondientes para garantizar la continuidad de las labores docentes.<\/p>\n<p>El funcionario tambi\u00e9n sostuvo que las autoridades educativas tienen la responsabilidad de garantizar el derecho de los estudiantes a recibir educaci\u00f3n y record\u00f3 decisiones del Tribunal Constitucional relacionadas con este principio.<\/p>\n<p>Con la nueva disposici\u00f3n, la controversia entre el gremio magisterial y las autoridades educativas se extiende ahora al cumplimiento de los horarios de trabajo en los centros escolares del Gran Santo Domingo.<\/p>\n<p>La ADP, por su parte, llam\u00f3 a los docentes a mantenerse unidos y reiter\u00f3 su posici\u00f3n de continuar reclamando soluciones a las situaciones que afectan a las escuelas.<\/p>\n<p>La entrada <a href=\"https:\/\/elnuevodiario.com.do\/adp-recorta-horario-de-clases-en-el-gran-santo-domingo-y-exige-respuestas-a-educacion\/\">ADP recorta horario de clases en el Gran Santo Domingo y exige respuestas a Educaci\u00f3n<\/a> se public\u00f3 primero en <a href=\"https:\/\/elnuevodiario.com.do\">El Nuevo Diario (Rep\u00fablica Dominicana)<\/a>.<\/p>\n","protected":false},"excerpt":{"rendered":"EL NUEVO DIARIO, SANTO DOMINGO.- La Asociaci\u00f3n Dominicana de Profesores (ADP) dispuso&hellip;\n","protected":false},"author":1,"featured_media":66767,"comment_status":"open","ping_status":"open","sticky":false,"template":"","format":"standard","meta":{"footnotes":""},"categories":[1],"tags":[],"class_list":["post-66766","post","type-post","status-publish","format-standard","has-post-thumbnail","category-nacionales"],"_links":{"self":[{"href":"https:\/\/acronoticias.com\/index.php\/wp-json\/wp\/v2\/posts\/66766","targetHints":{"allow":["GET"]}}],"collection":[{"href":"https:\/\/acronoticias.com\/index.php\/wp-json\/wp\/v2\/posts"}],"about":[{"href":"https:\/\/acronoticias.com\/index.php\/wp-json\/wp\/v2\/types\/post"}],"author":[{"embeddable":true,"href":"https:\/\/acronoticias.com\/index.php\/wp-json\/wp\/v2\/users\/1"}],"replies":[{"embeddable":true,"href":"https:\/\/acronoticias.com\/index.php\/wp-json\/wp\/v2\/comments?post=66766"}],"version-history":[{"count":0,"href":"https:\/\/acronoticias.com\/index.php\/wp-json\/wp\/v2\/posts\/66766\/revisions"}],"wp:featuredmedia":[{"embeddable":true,"href":"https:\/\/acronoticias.com\/index.php\/wp-json\/wp\/v2\/media\/66767"}],"wp:attachment":[{"href":"https:\/\/acronoticias.com\/index.php\/wp-json\/wp\/v2\/media?parent=66766"}],"wp:term":[{"taxonomy":"category","embeddable":true,"href":"https:\/\/acronoticias.com\/index.php\/wp-json\/wp\/v2\/categories?post=66766"},{"taxonomy":"post_tag","embeddable":true,"href":"https:\/\/acronoticias.com\/index.php\/wp-json\/wp\/v2\/tags?post=66766"}],"curies":[{"name":"wp","href":"https:\/\/api.w.org\/{rel}","templated":true}]}}