{"id":66763,"date":"2026-09-02T03:13:41","date_gmt":"2026-09-02T03:13:41","guid":{"rendered":"https:\/\/acronoticias.com\/index.php\/2026\/09\/02\/adp-denuncia-que-cinco-escuelas-de-salcedo-continuan-en-reparacion-a-dos-semanas-del-inicio-de-clases\/"},"modified":"2026-09-02T03:13:41","modified_gmt":"2026-09-02T03:13:41","slug":"adp-denuncia-que-cinco-escuelas-de-salcedo-continuan-en-reparacion-a-dos-semanas-del-inicio-de-clases","status":"publish","type":"post","link":"https:\/\/acronoticias.com\/index.php\/2026\/09\/02\/adp-denuncia-que-cinco-escuelas-de-salcedo-continuan-en-reparacion-a-dos-semanas-del-inicio-de-clases\/","title":{"rendered":"ADP denuncia que cinco escuelas de Salcedo contin\u00faan en reparaci\u00f3n a dos semanas del inicio de clases"},"content":{"rendered":"<p><img loading=\"lazy\" decoding=\"async\" width=\"327\" height=\"200\" src=\"https:\/\/nuevodiario-assets.s3.us-east-2.amazonaws.com\/wp-content\/uploads\/2026\/09\/adp-327x200.png\" class=\"webfeedsFeaturedVisual wp-post-image\" alt=\"\" style=\"display: block;margin-bottom: 5px;clear:both;max-width: 100%\" \/><\/p>\n<p class=\"isSelectedEnd\">EL NUEVO DIARIO, SALCEDO.<strong>\u2013<\/strong> La Asociaci\u00f3n Dominicana de Profesores (ADP) denunci\u00f3 que cinco escuelas del municipio de Salcedo contin\u00faan en reparaci\u00f3n a dos semanas del inicio del a\u00f1o escolar, situaci\u00f3n que, seg\u00fan el presidente de la seccional, Tito S\u00e1nchez, ha impedido el desarrollo normal de la docencia en esos planteles.<\/p>\n<p class=\"isSelectedEnd\">S\u00e1nchez afirm\u00f3 que las autoridades iniciaron los trabajos de remozamiento despu\u00e9s de comenzar el a\u00f1o escolar y que, transcurridas dos semanas, las obras todav\u00eda no han sido concluidas.<\/p>\n<p class=\"isSelectedEnd\">\u201cEstamos perdiendo clases y no es por la ADP; es por ustedes, las autoridades\u201d, afirm\u00f3 el presidente de la seccional de Salcedo.<\/p>\n<p class=\"isSelectedEnd\">Los centros educativos se\u00f1alados son Ana Capell\u00e1n, Mart\u00edn Danilo Gonz\u00e1lez, Aurelia Estrella, Diana Antonia Rodr\u00edguez y Pedro Gonz\u00e1lez.<\/p>\n<p class=\"isSelectedEnd\">El dirigente magisterial cuestion\u00f3 que los trabajos no fueran realizados antes del inicio de la docencia y atribuy\u00f3 la situaci\u00f3n a una falta de planificaci\u00f3n por parte de las autoridades educativas.<\/p>\n<p class=\"isSelectedEnd\">\u201cLamentablemente, es una situaci\u00f3n que no es culpa ni de los estudiantes, ni de los maestros, ni de la ADP. Es culpa de las autoridades, porque no pudieron planificar con tiempo la situaci\u00f3n y la problem\u00e1tica de los centros educativos\u201d, expres\u00f3 S\u00e1nchez.<\/p>\n<p class=\"isSelectedEnd\">Sostuvo que la situaci\u00f3n est\u00e1 provocando la p\u00e9rdida de horas de clases para los estudiantes y advirti\u00f3 sobre las consecuencias que representa mantener planteles educativos en reparaci\u00f3n durante el per\u00edodo lectivo.<\/p>\n<p class=\"isSelectedEnd\">\u201cLes est\u00e1n quitando el pan de la ense\u00f1anza a nuestros estudiantes, que son nuestra materia prima. Esta es una falta de planificaci\u00f3n y de coherencia. Es porque estas autoridades no est\u00e1n en lo que tienen que estar\u201d, manifest\u00f3.<\/p>\n<p class=\"isSelectedEnd\">S\u00e1nchez insisti\u00f3 en que la suspensi\u00f3n o retraso de la docencia en estos centros no responde a acciones de la ADP, sino a que los trabajos de infraestructura no fueron previstos ni concluidos antes del inicio del a\u00f1o escolar.<\/p>\n<p>El presidente de la seccional reiter\u00f3 su cuestionamiento a la planificaci\u00f3n de las autoridades educativas, al considerar que las reparaciones debieron completarse antes del regreso de los estudiantes a las aulas.<\/p>\n<p>La entrada <a href=\"https:\/\/elnuevodiario.com.do\/adp-denuncia-que-cinco-escuelas-de-salcedo-continuan-en-reparacion-a-dos-semanas-del-inicio-de-clases\/\">ADP denuncia que cinco escuelas de Salcedo contin\u00faan en reparaci\u00f3n a dos semanas del inicio de clases<\/a> se public\u00f3 primero en <a href=\"https:\/\/elnuevodiario.com.do\">El Nuevo Diario (Rep\u00fablica Dominicana)<\/a>.<\/p>\n","protected":false},"excerpt":{"rendered":"EL NUEVO DIARIO, SALCEDO.\u2013 La Asociaci\u00f3n Dominicana de Profesores (ADP) denunci\u00f3 que&hellip;\n","protected":false},"author":1,"featured_media":66764,"comment_status":"open","ping_status":"open","sticky":false,"template":"","format":"standard","meta":{"footnotes":""},"categories":[1],"tags":[],"class_list":["post-66763","post","type-post","status-publish","format-standard","has-post-thumbnail","category-nacionales"],"_links":{"self":[{"href":"https:\/\/acronoticias.com\/index.php\/wp-json\/wp\/v2\/posts\/66763","targetHints":{"allow":["GET"]}}],"collection":[{"href":"https:\/\/acronoticias.com\/index.php\/wp-json\/wp\/v2\/posts"}],"about":[{"href":"https:\/\/acronoticias.com\/index.php\/wp-json\/wp\/v2\/types\/post"}],"author":[{"embeddable":true,"href":"https:\/\/acronoticias.com\/index.php\/wp-json\/wp\/v2\/users\/1"}],"replies":[{"embeddable":true,"href":"https:\/\/acronoticias.com\/index.php\/wp-json\/wp\/v2\/comments?post=66763"}],"version-history":[{"count":0,"href":"https:\/\/acronoticias.com\/index.php\/wp-json\/wp\/v2\/posts\/66763\/revisions"}],"wp:featuredmedia":[{"embeddable":true,"href":"https:\/\/acronoticias.com\/index.php\/wp-json\/wp\/v2\/media\/66764"}],"wp:attachment":[{"href":"https:\/\/acronoticias.com\/index.php\/wp-json\/wp\/v2\/media?parent=66763"}],"wp:term":[{"taxonomy":"category","embeddable":true,"href":"https:\/\/acronoticias.com\/index.php\/wp-json\/wp\/v2\/categories?post=66763"},{"taxonomy":"post_tag","embeddable":true,"href":"https:\/\/acronoticias.com\/index.php\/wp-json\/wp\/v2\/tags?post=66763"}],"curies":[{"name":"wp","href":"https:\/\/api.w.org\/{rel}","templated":true}]}}