{"id":66761,"date":"2026-09-02T02:57:39","date_gmt":"2026-09-02T02:57:39","guid":{"rendered":"https:\/\/acronoticias.com\/index.php\/2026\/09\/02\/dasac-lleva-asistencia-a-familia-afectada-por-incendio-en-cabral\/"},"modified":"2026-09-02T02:57:39","modified_gmt":"2026-09-02T02:57:39","slug":"dasac-lleva-asistencia-a-familia-afectada-por-incendio-en-cabral","status":"publish","type":"post","link":"https:\/\/acronoticias.com\/index.php\/2026\/09\/02\/dasac-lleva-asistencia-a-familia-afectada-por-incendio-en-cabral\/","title":{"rendered":"DASAC lleva asistencia a familia afectada por incendio en Cabral"},"content":{"rendered":"<p><img loading=\"lazy\" decoding=\"async\" width=\"355\" height=\"200\" src=\"https:\/\/nuevodiario-assets.s3.us-east-2.amazonaws.com\/wp-content\/uploads\/2026\/09\/WhatsApp-Image-2026-09-01-at-10.24.24-PM-355x200.jpeg\" class=\"webfeedsFeaturedVisual wp-post-image\" alt=\"\" style=\"display: block;margin-bottom: 5px;clear:both;max-width: 100%\" \/><\/p>\n<p>Por Ohelmis S\u00e1nchez<\/p>\n<p>EL NUEVO DIARIO, BARAHONA.\u2013 La Direcci\u00f3n de Asistencia Social y Alimentaci\u00f3n Comunitaria (DASAC), Edgar Augusto F\u00e9liz Arbona, dispuso la reparaci\u00f3n del techo de la vivienda de Rosalba Urb\u00e1ez y la entrega de ajuares a su familia, luego de que un incendio afectara su residencia en el sector Barrio Arriba, del municipio de Cabral, en respuesta a una solicitud de asistencia ante una situaci\u00f3n de emergencia.<\/p>\n<p>La intervenci\u00f3n fue gestionada ante DASAC por el alcalde de Cabral, Rolbik Urb\u00e1ez, quien solicit\u00f3 el apoyo de la instituci\u00f3n para contribuir a la recuperaci\u00f3n de la familia damnificada.<\/p>\n<p>Por disposici\u00f3n de F\u00e9liz Arbona, Ver\u00f3nica F\u00e9liz, encargada regional de DASAC, e Iv\u00e1n Galarza, encargado provincial, se trasladaron hasta la vivienda afectada para hacer entrega de los enseres y dar seguimiento a los trabajos realizados.<\/p>\n<p>Los trabajos permitieron rehabilitar el techo de la residencia y reponer parte de los art\u00edculos perdidos durante el incendio, brindando a la familia condiciones m\u00e1s adecuadas para retomar su vida cotidiana tras el siniestro.<\/p>\n<p>La respuesta de DASAC se enmarca en las acciones de asistencia social que impulsa la instituci\u00f3n para atender a familias en condiciones de vulnerabilidad y ofrecer apoyo oportuno ante emergencias que afectan sus hogares.<\/p>\n<p>F\u00e9liz Arbona ha reiterado el compromiso de DASAC de mantener una pol\u00edtica de asistencia cercana a las comunidades, priorizando la atenci\u00f3n de las familias que requieren apoyo ante situaciones que ponen en riesgo su bienestar.<\/p>\n<p>La entrada <a href=\"https:\/\/elnuevodiario.com.do\/dasac-lleva-asistencia-a-familia-afectada-por-incendio-en-cabral\/\">DASAC lleva asistencia a familia afectada por incendio en Cabral<\/a> se public\u00f3 primero en <a href=\"https:\/\/elnuevodiario.com.do\">El Nuevo Diario (Rep\u00fablica Dominicana)<\/a>.<\/p>\n","protected":false},"excerpt":{"rendered":"Por Ohelmis S\u00e1nchez EL NUEVO DIARIO, BARAHONA.\u2013 La Direcci\u00f3n de Asistencia Social&hellip;\n","protected":false},"author":1,"featured_media":66762,"comment_status":"open","ping_status":"open","sticky":false,"template":"","format":"standard","meta":{"footnotes":""},"categories":[1],"tags":[],"class_list":["post-66761","post","type-post","status-publish","format-standard","has-post-thumbnail","category-nacionales"],"_links":{"self":[{"href":"https:\/\/acronoticias.com\/index.php\/wp-json\/wp\/v2\/posts\/66761","targetHints":{"allow":["GET"]}}],"collection":[{"href":"https:\/\/acronoticias.com\/index.php\/wp-json\/wp\/v2\/posts"}],"about":[{"href":"https:\/\/acronoticias.com\/index.php\/wp-json\/wp\/v2\/types\/post"}],"author":[{"embeddable":true,"href":"https:\/\/acronoticias.com\/index.php\/wp-json\/wp\/v2\/users\/1"}],"replies":[{"embeddable":true,"href":"https:\/\/acronoticias.com\/index.php\/wp-json\/wp\/v2\/comments?post=66761"}],"version-history":[{"count":0,"href":"https:\/\/acronoticias.com\/index.php\/wp-json\/wp\/v2\/posts\/66761\/revisions"}],"wp:featuredmedia":[{"embeddable":true,"href":"https:\/\/acronoticias.com\/index.php\/wp-json\/wp\/v2\/media\/66762"}],"wp:attachment":[{"href":"https:\/\/acronoticias.com\/index.php\/wp-json\/wp\/v2\/media?parent=66761"}],"wp:term":[{"taxonomy":"category","embeddable":true,"href":"https:\/\/acronoticias.com\/index.php\/wp-json\/wp\/v2\/categories?post=66761"},{"taxonomy":"post_tag","embeddable":true,"href":"https:\/\/acronoticias.com\/index.php\/wp-json\/wp\/v2\/tags?post=66761"}],"curies":[{"name":"wp","href":"https:\/\/api.w.org\/{rel}","templated":true}]}}