{"id":66759,"date":"2026-09-02T02:41:40","date_gmt":"2026-09-02T02:41:40","guid":{"rendered":"https:\/\/acronoticias.com\/index.php\/2026\/09\/02\/presidente-abinader-llama-a-147-servidores-publicos-graduados-a-poner-sus-conocimientos-al-servicio-de-la-ciudadania\/"},"modified":"2026-09-02T02:41:40","modified_gmt":"2026-09-02T02:41:40","slug":"presidente-abinader-llama-a-147-servidores-publicos-graduados-a-poner-sus-conocimientos-al-servicio-de-la-ciudadania","status":"publish","type":"post","link":"https:\/\/acronoticias.com\/index.php\/2026\/09\/02\/presidente-abinader-llama-a-147-servidores-publicos-graduados-a-poner-sus-conocimientos-al-servicio-de-la-ciudadania\/","title":{"rendered":"Presidente Abinader llama a 147 servidores p\u00fablicos graduados a poner sus conocimientos al servicio de la ciudadan\u00eda"},"content":{"rendered":"<div id=\"mvp-content-main\">\n<h3 id=\"el-mandatario-los-exhorto-a-ejercer-sus-funciones-con-etica-transparencia-y-honestidad\" class=\"wp-block-heading\">-El mandatario los exhort\u00f3 a ejercer sus funciones con \u00e9tica, transparencia y honestidad-<\/h3>\n<p><strong>Santo Domingo.\u2013<\/strong> El\u00a0presidente Luis Abinader\u00a0encabez\u00f3 este martes la graduaci\u00f3n de\u00a0147 servidores p\u00fablicos, 80 mujeres y 67 hombres, correspondientes a la\u00a0segunda cohorte\u00a0de la maestr\u00eda en\u00a0Gesti\u00f3n P\u00fablica y Gobernanza, iniciativa impulsada por el mandatario a trav\u00e9s del Instituto Nacional de Administraci\u00f3n P\u00fablica\u00a0(INAP)\u00a0e impartida por la\u00a0Universidad\u00a0Aut\u00f3noma de Santo Domingo (UASD).<\/p>\n<p>La maestr\u00eda en Gesti\u00f3n P\u00fablica y Gobernanza es una\u00a0iniciativa impulsada por el presidente Luis Abinader\u00a0para fortalecer la\u00a0profesionalizaci\u00f3n y las capacidades de los servidores p\u00fablicos. Con los\u00a0147\u00a0graduados de esta ceremonia y los\u00a0199\u00a0investidos previamente de la misma cohorte, el programa alcanza un\u00a0total de 346 profesionales formados.<\/p>\n<p>En el mismo acto, la UASD invisti\u00f3 a\u00a037 profesionales\u00a0de la maestr\u00eda en\u00a0Procesos Pedag\u00f3gicos y Gesti\u00f3n de la Educaci\u00f3n Infantil, quienes ampliaron sus conocimientos y competencias para contribuir al fortalecimiento de la educaci\u00f3n en la primera infancia en la Rep\u00fablica Dominicana.<\/p>\n<p>Durante la ceremonia, celebrada en el Aula Magna de la UASD, el mandatario exhort\u00f3 a los graduandos a poner los conocimientos adquiridos al servicio de la ciudadan\u00eda y ejercer sus funciones con\u00a0\u00e9tica, transparencia y honestidad, valores\u00a0que consider\u00f3 fundamentales para asumir con responsabilidad el servicio p\u00fablico.<em>\u201cLa primera virtud que debe tener un funcionario p\u00fablico es la transparencia, la honestidad y despu\u00e9s vienen las otras\u201d<\/em>, manifest\u00f3.<\/p>\n<p>El mandatario afirm\u00f3 que la transformaci\u00f3n del pa\u00eds\u00a0no depende \u00fanicamente de las grandes decisiones de un presidente o de un Gobierno, sino tambi\u00e9n de las miles de decisiones que toman cada d\u00eda\u00a0servidores p\u00fablicos responsables, preparados y honestos.<\/p>\n<figure class=\"wp-block-image size-large\"><a href=\"https:\/\/cdn.ultimasnoticias.com.do\/2026\/09\/image-1.jpeg\"><img loading=\"lazy\" decoding=\"async\" width=\"1024\" height=\"790\" alt=\"Image 1\" class=\"wp-image-222724 cwvlazyload\" src=\"https:\/\/cdn.ultimasnoticias.com.do\/2026\/09\/image-1-1024x790.jpeg\" srcset=\"https:\/\/cdn.ultimasnoticias.com.do\/2026\/09\/image-1-1024x790.jpeg 1024w, https:\/\/cdn.ultimasnoticias.com.do\/2026\/09\/image-1-300x232.jpeg 300w, https:\/\/cdn.ultimasnoticias.com.do\/2026\/09\/image-1-768x593.jpeg 768w, https:\/\/cdn.ultimasnoticias.com.do\/2026\/09\/image-1.jpeg 1280w\" data-sizes=\"(max-width: 1024px) 100vw, 1024px\"\/><\/a><\/figure>\n<p>Resalt\u00f3 tambi\u00e9n que la promoci\u00f3n est\u00e1 integrada por\u00a0servidores p\u00fablicos de distintas regiones del pa\u00eds\u00a0y se\u00f1al\u00f3 que las oportunidades de preparaci\u00f3n y crecimiento profesional no deben concentrarse en Santo Domingo.<\/p>\n<p>En ese sentido, indic\u00f3 que el programa ha llegado a provincias como Santiago, La Altagracia, Duarte, San Juan de la Maguana, Salcedo, San Pedro de Macor\u00eds y La Romana, entre otras, bajo la premisa de que\u00a0donde existe una instituci\u00f3n p\u00fablica tambi\u00e9n deben existir servidores capacitados\u00a0para responder a las\u00a0necesidades de la poblaci\u00f3n.<\/p>\n<p>El presidente Abinader inform\u00f3 que\u00a0a finales de a\u00f1o otros 500 servidores p\u00fablicos iniciar\u00e1n esta maestr\u00eda, con formaci\u00f3n en \u00e1reas como transformaci\u00f3n digital, gesti\u00f3n y evaluaci\u00f3n de proyectos, recursos humanos y finanzas p\u00fablicas. Asimismo,\u00a0felicit\u00f3 a los graduandos\u00a0por el esfuerzo realizado para completar el programa y afirm\u00f3 que su prop\u00f3sito trasciende la obtenci\u00f3n de un t\u00edtulo acad\u00e9mico.<em>\u201cSe han preparado mejor para poder servir mejor\u201d,<\/em>expres\u00f3.<\/p>\n<p>El presidente exhort\u00f3 a los nuevos profesionales a\u00a0convertirse en agentes de cambio\u00a0en sus instituciones, provincias y comunidades, mediante la aplicaci\u00f3n de los conocimientos adquiridos para simplificar procesos, aprovechar la tecnolog\u00eda, administrar los recursos con rigor y mejorar los servicios p\u00fablicos.<\/p>\n<p><em>\u201cTrabajamos para la gente. Ese es el sentido profundo del servicio p\u00fablico\u201d,<\/em>afirm\u00f3, al recordar que detr\u00e1s de cada expediente existe una persona y que detr\u00e1s de cada decisi\u00f3n p\u00fablica hay\u00a0recursos que pertenecen a todos los dominicanos.<\/p>\n<p><strong>UASD destaca compromiso con el servicio p\u00fablico<\/strong><\/p>\n<p>El rector de la Universidad Aut\u00f3noma de Santo Domingo (UASD), doctor\u00a0Jorge Asjana, felicit\u00f3 a los graduandos por alcanzar un\u00a0nuevo grado acad\u00e9mico\u00a0y, especialmente, por haber elegido la Gesti\u00f3n P\u00fablica y Gobernanza como \u00e1rea de formaci\u00f3n, al destacar que esta decisi\u00f3n refleja su\u00a0vocaci\u00f3n de servicio y compromiso con la sociedad, al entender la funci\u00f3n p\u00fablica como una responsabilidad que demanda preparaci\u00f3n, honestidad, capacidad y \u00e9tica.<\/p>\n<p>Asjana llam\u00f3 a los maestrantes a poner sus conocimientos al servicio de la transformaci\u00f3n del Estado y del pa\u00eds, y les pidi\u00f3 asumir sus responsabilidades con compromiso, recordar sus ra\u00edces y llevar con orgullo el prestigio de ser egresados de la UASD.<\/p>\n<p><strong>Educaci\u00f3n para fortalecer el Estado<\/strong><\/p>\n<p>De su lado, el director del Instituto Nacional de Administraci\u00f3n P\u00fablica (INAP),\u00a0Gregorio Montero Montero, destac\u00f3 que la educaci\u00f3n constituye una\u00a0herramienta fundamental para fortalecer el Estado y la institucionalidad p\u00fablica, al contribuir a la generaci\u00f3n de conocimientos y a la transformaci\u00f3n de conductas.<\/p>\n<p>Record\u00f3 que hace seis meses se realiz\u00f3 una primera ceremonia en la que fueron investidos 199 maestrantes de esta cohorte, mientras que en esta ocasi\u00f3n se incorporan otros 147 graduados de la Maestr\u00eda en Gesti\u00f3n P\u00fablica y Gobernanza, desarrollada mediante acuerdos entre el INAP, el Ministerio de Administraci\u00f3n P\u00fablica (MAP) y la UASD. Les dijo a los nuevos profesionales aque deben aplicar los conocimientos y experiencias adquiridos en sus instituciones, en el Gobierno y en el pa\u00eds, con el objetivo de contribuir a mejorar\u00a0la calidad de los servicios p\u00fablicos y la calidad de vida de los ciudadanos.<\/p>\n<p><strong>Agradece al presidente por la profesionalizaci\u00f3n del servicio p\u00fablico<\/strong><\/p>\n<p>En representaci\u00f3n de la primera cohorte de la naestr\u00eda en Gesti\u00f3n P\u00fablica y Gobernanza, menci\u00f3n Innovaci\u00f3n y Transformaci\u00f3n Digital, el graduando\u00a0Cecilio Alberto Mej\u00eda\u00a0agradeci\u00f3 a las autoridades por impulsar la\u00a0profesionalizaci\u00f3n del servicio\u00a0p\u00fablico y al presidente Luis Abinader por su visi\u00f3n y\u00a0respaldo al programa.<\/p>\n<figure class=\"wp-block-image size-large\"><a href=\"https:\/\/cdn.ultimasnoticias.com.do\/2026\/09\/image.jpeg\"><img loading=\"lazy\" decoding=\"async\" width=\"1024\" height=\"683\" alt=\"Image\" class=\"wp-image-222723 cwvlazyload\" src=\"https:\/\/cdn.ultimasnoticias.com.do\/2026\/09\/image-1024x683.jpeg\" srcset=\"https:\/\/cdn.ultimasnoticias.com.do\/2026\/09\/image-1024x683.jpeg 1024w, https:\/\/cdn.ultimasnoticias.com.do\/2026\/09\/image-300x200.jpeg 300w, https:\/\/cdn.ultimasnoticias.com.do\/2026\/09\/image-768x512.jpeg 768w, https:\/\/cdn.ultimasnoticias.com.do\/2026\/09\/image.jpeg 1280w\" data-sizes=\"auto, (max-width: 1024px) 100vw, 1024px\"\/><\/a><\/figure>\n<p>Destac\u00f3 que durante los dos a\u00f1os de formaci\u00f3n adquirieron conocimientos y herramientas para fortalecer la gesti\u00f3n p\u00fablica y contribuir a la transformaci\u00f3n de las instituciones.<\/p>\n<p><strong>Cuatro \u00e1reas de especializaci\u00f3n<\/strong><\/p>\n<p>La maestr\u00eda en Gesti\u00f3n P\u00fablica y Gobernanza fue estructurada en\u00a0cuatro menciones: Gesti\u00f3n de Finanzas P\u00fablicas, Innovaci\u00f3n y Transformaci\u00f3n Digital, Gesti\u00f3n de Recursos Humanos y Gesti\u00f3n y Evaluaci\u00f3n de Proyectos, orientadas a fortalecer las\u00a0competencias t\u00e9cnicas y estrat\u00e9gicas\u00a0de los servidores p\u00fablicos para una\u00a0administraci\u00f3n m\u00e1s eficiente y moderna.<\/p>\n<p>Estuvieron presentes el presidente del Senado,\u00a0Ricardo de los Santos; el ministro de Administraci\u00f3n P\u00fablica,\u00a0Sigmund Freund, y de Educaci\u00f3n Superior, Ciencia y Tecnolog\u00eda,\u00a0Rafael Santos Bad\u00eda, as\u00ed como el vicerrector docente de la UASD,\u00a0Rosel Fern\u00e1ndez;\u00a0Antonio Ciriaco Cruz, vicerrector administrativo;\u00a0Juana M. Encarnaci\u00f3n, de Investigaci\u00f3n y Postgrado, y\u00a0Gerardo Roa Ogando, de Extensi\u00f3n, entre otras personalidades.<\/p>\n<\/div>\n","protected":false},"excerpt":{"rendered":"-El mandatario los exhort\u00f3 a ejercer sus funciones con \u00e9tica, transparencia y&hellip;\n","protected":false},"author":1,"featured_media":66760,"comment_status":"open","ping_status":"open","sticky":false,"template":"","format":"standard","meta":{"footnotes":""},"categories":[1],"tags":[],"class_list":["post-66759","post","type-post","status-publish","format-standard","has-post-thumbnail","category-nacionales"],"_links":{"self":[{"href":"https:\/\/acronoticias.com\/index.php\/wp-json\/wp\/v2\/posts\/66759","targetHints":{"allow":["GET"]}}],"collection":[{"href":"https:\/\/acronoticias.com\/index.php\/wp-json\/wp\/v2\/posts"}],"about":[{"href":"https:\/\/acronoticias.com\/index.php\/wp-json\/wp\/v2\/types\/post"}],"author":[{"embeddable":true,"href":"https:\/\/acronoticias.com\/index.php\/wp-json\/wp\/v2\/users\/1"}],"replies":[{"embeddable":true,"href":"https:\/\/acronoticias.com\/index.php\/wp-json\/wp\/v2\/comments?post=66759"}],"version-history":[{"count":0,"href":"https:\/\/acronoticias.com\/index.php\/wp-json\/wp\/v2\/posts\/66759\/revisions"}],"wp:featuredmedia":[{"embeddable":true,"href":"https:\/\/acronoticias.com\/index.php\/wp-json\/wp\/v2\/media\/66760"}],"wp:attachment":[{"href":"https:\/\/acronoticias.com\/index.php\/wp-json\/wp\/v2\/media?parent=66759"}],"wp:term":[{"taxonomy":"category","embeddable":true,"href":"https:\/\/acronoticias.com\/index.php\/wp-json\/wp\/v2\/categories?post=66759"},{"taxonomy":"post_tag","embeddable":true,"href":"https:\/\/acronoticias.com\/index.php\/wp-json\/wp\/v2\/tags?post=66759"}],"curies":[{"name":"wp","href":"https:\/\/api.w.org\/{rel}","templated":true}]}}