{"id":66739,"date":"2026-09-02T01:05:24","date_gmt":"2026-09-02T01:05:24","guid":{"rendered":"https:\/\/acronoticias.com\/index.php\/2026\/09\/02\/ministerio-publico-solicita-prision-para-dos-imputados-de-maltratar-a-ninos-en-el-local-de-una-fundacion-en-san-cristobal\/"},"modified":"2026-09-02T01:05:24","modified_gmt":"2026-09-02T01:05:24","slug":"ministerio-publico-solicita-prision-para-dos-imputados-de-maltratar-a-ninos-en-el-local-de-una-fundacion-en-san-cristobal","status":"publish","type":"post","link":"https:\/\/acronoticias.com\/index.php\/2026\/09\/02\/ministerio-publico-solicita-prision-para-dos-imputados-de-maltratar-a-ninos-en-el-local-de-una-fundacion-en-san-cristobal\/","title":{"rendered":"Ministerio P\u00fablico solicita prisi\u00f3n para dos imputados de maltratar a ni\u00f1os en el local de una fundaci\u00f3n en San Crist\u00f3bal"},"content":{"rendered":"<div id=\"nota-texto\">\n<p><strong>Rep\u00fablica Dominicana<\/strong>.\u2013 El <strong><a href=\"https:\/\/noticiassin.com\/tag\/ministerio-publico\/\" class=\"nsin-auto-tag-link\">Ministerio P\u00fablico<\/a><\/strong> solicit\u00f3 prisi\u00f3n preventiva contra dos hombres imputados por presuntamente cometer actos de maltrato f\u00edsico y psicol\u00f3gico y someter a trabajos o servicios forzados a varios ni\u00f1os, ni\u00f1as y adolescentes que permanec\u00edan en un local donde operaba la <strong>Fundaci\u00f3n Restaurando Vida<\/strong> (Un Muerto que Revive), en el municipio <strong><a href=\"https:\/\/noticiassin.com\/tag\/bajos-de-haina\/\" class=\"nsin-auto-tag-link\">Bajos de Haina<\/a><\/strong>, provincia <strong><a href=\"https:\/\/noticiassin.com\/tag\/san-cristobal\/\" class=\"nsin-auto-tag-link\">San Crist\u00f3bal<\/a><\/strong>.<\/p>\n<p>Los imputados <strong><a href=\"https:\/\/noticiassin.com\/tag\/angel-gabriel-capellan\/\" class=\"nsin-auto-tag-link\">\u00c1ngel Gabriel Capell\u00e1n<\/a><\/strong>, conocido como \u201cel Pastor\u201d o \u201cCapell\u00e1n\u201d, e <strong>Isa\u00edas Ram\u00f3n Mu\u00f1oz Rodr\u00edguez<\/strong> fueron sometidos a la justicia ante la <strong><a href=\"https:\/\/noticiassin.com\/tag\/oficina-judicial-de-servicios-de-atencion-permanente\/\" class=\"nsin-auto-tag-link\">Oficina Judicial de Servicios de Atenci\u00f3n Permanente<\/a> de San Crist\u00f3bal<\/strong>. El tribunal fij\u00f3 para este jueves 3 de septiembre de 2026 la audiencia en la que conocer\u00e1 la solicitud de medida de coerci\u00f3n.<\/p>\n<p>La petici\u00f3n fue presentada por <strong>Yoanna Bejar\u00e1n<\/strong>, titular de la <strong>Procuradur\u00eda Especializada Contra el Tr\u00e1fico Il\u00edcito de Migrantes y Trata de Personas<\/strong> (<strong>PETT<\/strong>), junto a las fiscales <strong>Ramona Santana<\/strong>, titular de la <strong><a href=\"https:\/\/noticiassin.com\/tag\/fiscalia-de-san-cristobal\/\" class=\"nsin-auto-tag-link\">Fiscal\u00eda de San Crist\u00f3bal<\/a><\/strong>, y <strong>Fanny M. Garabitos Guerrero<\/strong>, coordinadora de la <strong>Unidad de Atenci\u00f3n a V\u00edctimas de Violencia de G\u00e9nero, <a href=\"https:\/\/noticiassin.com\/tag\/intrafamiliar-y-delitos-sexuales\/\" class=\"nsin-auto-tag-link\">Intrafamiliar y Delitos Sexuales<\/a><\/strong> (<strong>UAVGIDS<\/strong>).<\/p>\n<h2 id=\"allanamientos-en-haina-y-13-menores-rescatados\" class=\"wp-block-heading\">Allanamientos en Haina y 13 menores rescatados<\/h2>\n<p>Seg\u00fan la instancia depositada por el <strong>Ministerio P\u00fablico<\/strong>, durante una operaci\u00f3n ejecutada entre la noche del 29 y la madrugada del 30 de agosto de 2026 fueron realizados allanamientos simult\u00e1neos en los sectores <strong>La Pared<\/strong> y <strong>El Carril<\/strong>, en <strong>Bajos de Haina<\/strong>.<\/p>\n<p>Durante el operativo fueron rescatados 13 ni\u00f1os, ni\u00f1as y adolescentes, con edades comprendidas entre cuatro meses y 13 a\u00f1os, quienes, de acuerdo con el <strong>Ministerio P\u00fablico<\/strong>, presentaban signos evidentes de maltrato f\u00edsico y psicol\u00f3gico.<\/p>\n<div class=\"nbs-subscribe-box \">\n<p>Suscribete al newsletter de Noticias SIN<\/p>\n<\/div>\n<p>Las autoridades indicaron que el lugar intervenido funcionaba bajo la fachada de una fundaci\u00f3n y un espacio religioso instalado en el interior de una finca.<\/p>\n<p>Los allanamientos fueron ejecutados por la Fiscal\u00eda de <strong>San Crist\u00f3bal<\/strong> y la <strong>PETT<\/strong>, con apoyo del Departamento de Investigaci\u00f3n de Trata y Tr\u00e1fico de Personas de la <strong><a href=\"https:\/\/noticiassin.com\/tag\/policia-nacional\/\" class=\"nsin-auto-tag-link\">Polic\u00eda Nacional<\/a><\/strong> y la Unidad Especializada de Investigaci\u00f3n Conjunta Contra el Tr\u00e1fico Il\u00edcito de Migrantes y Delitos Conexos (<strong>UITIMC<\/strong>). En las labores de protecci\u00f3n participaron la Direcci\u00f3n de Protecci\u00f3n de la Ni\u00f1ez y Adolescencia y el Consejo Nacional para la Ni\u00f1ez y la Adolescencia (<strong>Conani<\/strong>).<\/p>\n<p>La investigaci\u00f3n se inici\u00f3 luego de que uno de los menores que permanec\u00eda en el lugar escapara y se presentara en un destacamento policial, donde alert\u00f3 a las autoridades sobre las condiciones en las que, seg\u00fan su denuncia, se encontraban los ni\u00f1os, ni\u00f1as y adolescentes.<\/p>\n<p>A partir de esta alerta, el <strong>Ministerio P\u00fablico<\/strong> inici\u00f3 las investigaciones y posteriormente obtuvo \u00f3rdenes judiciales para el arresto de los dos imputados.<\/p>\n<p>Como parte de las diligencias, el menor que realiz\u00f3 la denuncia fue sometido a una evaluaci\u00f3n m\u00e9dico-legal. De acuerdo con el informe citado por el <strong>Ministerio P\u00fablico<\/strong>, presentaba m\u00faltiples lesiones en el rostro, miembros superiores e inferiores, dorso y espalda, adem\u00e1s de quemaduras de segundo grado en el dorso de ambas manos, que se encontraban en proceso de cicatrizaci\u00f3n.<\/p>\n<p>El menor tambi\u00e9n fue evaluado por una psic\u00f3loga forense, quien estableci\u00f3, seg\u00fan la acusaci\u00f3n, que no asist\u00eda a la escuela y que era obligado a realizar trabajos con madera destinados a la construcci\u00f3n de una vivienda. Asimismo, habr\u00eda sido sometido de manera constante a maltratos f\u00edsicos y castigos.<\/p>\n<h2 id=\"denuncia-de-un-menor-activo-la-investigacion\" class=\"wp-block-heading\">Denuncia de un menor activ\u00f3 la investigaci\u00f3n<\/h2>\n<p>Durante las labores de inteligencia, las autoridades identificaron a <strong>Isa\u00edas Ram\u00f3n Mu\u00f1oz Rodr\u00edguez<\/strong>, quien, seg\u00fan el expediente, al enterarse del arresto de <strong>Capell\u00e1n<\/strong>, traslad\u00f3 a varios menores desde el inmueble donde funcionaba la <strong>Fundaci\u00f3n Restaurando Vida<\/strong> hasta una vivienda ubicada en el sector <strong>El Carril<\/strong>, <strong>Los Solares<\/strong>.<\/p>\n<p>El <strong>Ministerio P\u00fablico<\/strong> se\u00f1ala que <strong>Mu\u00f1oz Rodr\u00edguez<\/strong> realiz\u00f3 el traslado a bordo de un <strong>Toyota Corolla CE<\/strong>, a\u00f1o 1994, color beige, placa A272601, y permaneci\u00f3 posteriormente en las inmediaciones de la propiedad.<\/p>\n<p>Durante los registros realizados con autorizaci\u00f3n judicial, las autoridades encontraron pertenencias de menores de ambos sexos y diferentes edades; entre ellas, ropa, cuadernos, uniformes, mochilas, juguetes, reconocimientos y recuerdos escolares.<\/p>\n<p>Tambi\u00e9n fueron ocupadas actas de nacimiento y documentos personales correspondientes a personas ajenas al lugar, adem\u00e1s de armas blancas.<\/p>\n<p>En su solicitud de medida de coerci\u00f3n, el <strong>Ministerio P\u00fablico<\/strong> sostiene que la <strong>Fundaci\u00f3n Restaurando Vida<\/strong> (<strong>Un Muerto que Revive<\/strong>) no contaba con autorizaci\u00f3n de la autoridad competente para operar como hogar de acogida de ni\u00f1os, ni\u00f1as y adolescentes.<\/p>\n<p>La <strong>Fiscal\u00eda<\/strong> se\u00f1ala que, debido a esa falta de autorizaci\u00f3n, el funcionamiento del lugar, as\u00ed como la recepci\u00f3n de fondos, donaciones y otros mecanismos de captaci\u00f3n de recursos, se realizaban al margen de la regulaci\u00f3n legal correspondiente.<\/p>\n<p>La audiencia para conocer la solicitud de prisi\u00f3n preventiva contra los dos imputados est\u00e1 pautada para este jueves 3 de septiembre de 2026, ante la <strong>Oficina Judicial de Servicios de Atenci\u00f3n Permanente<\/strong> de <strong>San Crist\u00f3bal<\/strong>.<\/p>\n<section class=\"article-topics\" aria-labelledby=\"article-topics-title\">\n<h3 id=\"article-topics-title\"><span id=\"temas\">Temas<\/span><\/h3>\n<p><a class=\"topic-chip\" href=\"https:\/\/noticiassin.com\/tag\/bajos-de-haina\/\">bajos de haina<\/a><a class=\"topic-chip\" href=\"https:\/\/noticiassin.com\/tag\/conani\/\">conani<\/a><a class=\"topic-chip\" href=\"https:\/\/noticiassin.com\/tag\/maltrato-infantil\/\">maltrato infantil<\/a><a class=\"topic-chip\" href=\"https:\/\/noticiassin.com\/tag\/ministerio-publico\/\">ministerio p\u00fablico<\/a><a class=\"topic-chip\" href=\"https:\/\/noticiassin.com\/tag\/san-cristobal\/\">san crist\u00f3bal<\/a><a class=\"topic-chip\" href=\"https:\/\/noticiassin.com\/tag\/trata-de-personas\/\">trata de personas<\/a><\/section>\n<\/div>\n","protected":false},"excerpt":{"rendered":"Rep\u00fablica Dominicana.\u2013 El Ministerio P\u00fablico solicit\u00f3 prisi\u00f3n preventiva contra dos hombres imputados&hellip;\n","protected":false},"author":1,"featured_media":66740,"comment_status":"open","ping_status":"open","sticky":false,"template":"","format":"standard","meta":{"footnotes":""},"categories":[1],"tags":[],"class_list":["post-66739","post","type-post","status-publish","format-standard","has-post-thumbnail","category-nacionales"],"_links":{"self":[{"href":"https:\/\/acronoticias.com\/index.php\/wp-json\/wp\/v2\/posts\/66739","targetHints":{"allow":["GET"]}}],"collection":[{"href":"https:\/\/acronoticias.com\/index.php\/wp-json\/wp\/v2\/posts"}],"about":[{"href":"https:\/\/acronoticias.com\/index.php\/wp-json\/wp\/v2\/types\/post"}],"author":[{"embeddable":true,"href":"https:\/\/acronoticias.com\/index.php\/wp-json\/wp\/v2\/users\/1"}],"replies":[{"embeddable":true,"href":"https:\/\/acronoticias.com\/index.php\/wp-json\/wp\/v2\/comments?post=66739"}],"version-history":[{"count":0,"href":"https:\/\/acronoticias.com\/index.php\/wp-json\/wp\/v2\/posts\/66739\/revisions"}],"wp:featuredmedia":[{"embeddable":true,"href":"https:\/\/acronoticias.com\/index.php\/wp-json\/wp\/v2\/media\/66740"}],"wp:attachment":[{"href":"https:\/\/acronoticias.com\/index.php\/wp-json\/wp\/v2\/media?parent=66739"}],"wp:term":[{"taxonomy":"category","embeddable":true,"href":"https:\/\/acronoticias.com\/index.php\/wp-json\/wp\/v2\/categories?post=66739"},{"taxonomy":"post_tag","embeddable":true,"href":"https:\/\/acronoticias.com\/index.php\/wp-json\/wp\/v2\/tags?post=66739"}],"curies":[{"name":"wp","href":"https:\/\/api.w.org\/{rel}","templated":true}]}}