{"id":66735,"date":"2026-09-02T00:33:47","date_gmt":"2026-09-02T00:33:47","guid":{"rendered":"https:\/\/acronoticias.com\/index.php\/2026\/09\/02\/foro-de-gestion-gubernamental-aborda-avances-y-desafios-en-educacion-deporte-cultura-salud-y-seguridad-social\/"},"modified":"2026-09-02T00:33:47","modified_gmt":"2026-09-02T00:33:47","slug":"foro-de-gestion-gubernamental-aborda-avances-y-desafios-en-educacion-deporte-cultura-salud-y-seguridad-social","status":"publish","type":"post","link":"https:\/\/acronoticias.com\/index.php\/2026\/09\/02\/foro-de-gestion-gubernamental-aborda-avances-y-desafios-en-educacion-deporte-cultura-salud-y-seguridad-social\/","title":{"rendered":"Foro de Gesti\u00f3n Gubernamental aborda avances y desaf\u00edos en educaci\u00f3n, deporte, cultura, salud y seguridad social"},"content":{"rendered":"<p><img decoding=\"async\" width=\"355\" height=\"200\" src=\"https:\/\/nuevodiario-assets.s3.us-east-2.amazonaws.com\/wp-content\/uploads\/2026\/09\/Foro-de-Gestion-Gubernamental-aborda-avances-y-desafios-en-educacion-deporte-cultura-salud-y-seguridad-social-355x200.jpg\" class=\"webfeedsFeaturedVisual wp-post-image\" alt=\"\" style=\"display: block;margin-bottom: 5px;clear:both;max-width: 100%\" loading=\"lazy\" \/><\/p>\n<p>EL NUEVO DIARIO, SANTO DOMINGO.\u2013 Ministros y directores de instituciones p\u00fablicas participaron este martes en una nueva jornada de la IV edici\u00f3n del Foro de Gesti\u00f3n Gubernamental 2026, organizado por GALA Media Group, que en esta ocasi\u00f3n estuvo dedicado al tema \u201cCalidad y Accesibilidad de los Servicios P\u00fablicos\u201d.<\/p>\n<p class=\"p1\"><span class=\"s1\">El encuentro reuni\u00f3 a autoridades de las \u00e1reas de educaci\u00f3n superior, deportes, cultura, juventud, salud y seguridad social, quienes presentaron avances de sus respectivas gestiones, proyectos en ejecuci\u00f3n y algunos de los principales desaf\u00edos que enfrentan estas \u00e1reas para mejorar los servicios que recibe la ciudadan\u00eda.<\/span><\/p>\n<p class=\"p1\"><span class=\"s1\">La jornada inici\u00f3 con el panel \u201cEducaci\u00f3n Superior, Deportes, Cultura y Juventud\u201d, en el que se abordaron las pol\u00edticas p\u00fablicas orientadas a ampliar las oportunidades de formaci\u00f3n, desarrollo y participaci\u00f3n de las nuevas generaciones.<\/span><\/p>\n<p><a href=\"https:\/\/elnuevodiario.com.do\/foro-de-gestion-gubernamental-aborda-avances-y-desafios-en-educacion-deporte-cultura-salud-y-seguridad-social\/foro-de-gestion-gubernamental-aborda-avances-y-desafios-en-educacion-deporte-cultura-salud-y-seguridad-social-12\/\"><img loading=\"lazy\" decoding=\"async\" data-recalc-dims=\"1\" width=\"132\" height=\"132\" src=\"https:\/\/i0.wp.com\/nuevodiario-assets.s3.us-east-2.amazonaws.com\/wp-content\/uploads\/2026\/09\/Foro-de-Gestion-Gubernamental-aborda-avances-y-desafios-en-educacion-deporte-cultura-salud-y-seguridad-social-12-132x132.jpg?resize=132%2C132&quality=100&ssl=1\" class=\"attachment-thumbnail size-thumbnail\" alt=\"\" \/><\/a><br \/>\n<a href=\"https:\/\/elnuevodiario.com.do\/foro-de-gestion-gubernamental-aborda-avances-y-desafios-en-educacion-deporte-cultura-salud-y-seguridad-social\/foro-de-gestion-gubernamental-aborda-avances-y-desafios-en-educacion-deporte-cultura-salud-y-seguridad-social-3\/\"><img loading=\"lazy\" decoding=\"async\" data-recalc-dims=\"1\" width=\"132\" height=\"132\" src=\"https:\/\/i0.wp.com\/nuevodiario-assets.s3.us-east-2.amazonaws.com\/wp-content\/uploads\/2026\/09\/Foro-de-Gestion-Gubernamental-aborda-avances-y-desafios-en-educacion-deporte-cultura-salud-y-seguridad-social-3-132x132.jpg?resize=132%2C132&quality=100&ssl=1\" class=\"attachment-thumbnail size-thumbnail\" alt=\"\" \/><\/a><br \/>\n<a href=\"https:\/\/elnuevodiario.com.do\/foro-de-gestion-gubernamental-aborda-avances-y-desafios-en-educacion-deporte-cultura-salud-y-seguridad-social\/foro-de-gestion-gubernamental-aborda-avances-y-desafios-en-educacion-deporte-cultura-salud-y-seguridad-social-10\/\"><img decoding=\"async\" data-recalc-dims=\"1\" loading=\"lazy\" width=\"132\" height=\"132\" src=\"https:\/\/i0.wp.com\/nuevodiario-assets.s3.us-east-2.amazonaws.com\/wp-content\/uploads\/2026\/09\/Foro-de-Gestion-Gubernamental-aborda-avances-y-desafios-en-educacion-deporte-cultura-salud-y-seguridad-social-10-132x132.jpg?resize=132%2C132&quality=100&ssl=1\" class=\"attachment-thumbnail size-thumbnail\" alt=\"\" \/><\/a><br \/>\n<a href=\"https:\/\/elnuevodiario.com.do\/foro-de-gestion-gubernamental-aborda-avances-y-desafios-en-educacion-deporte-cultura-salud-y-seguridad-social\/foro-de-gestion-gubernamental-aborda-avances-y-desafios-en-educacion-deporte-cultura-salud-y-seguridad-social-13\/\"><img decoding=\"async\" data-recalc-dims=\"1\" loading=\"lazy\" width=\"132\" height=\"132\" src=\"https:\/\/i0.wp.com\/nuevodiario-assets.s3.us-east-2.amazonaws.com\/wp-content\/uploads\/2026\/09\/Foro-de-Gestion-Gubernamental-aborda-avances-y-desafios-en-educacion-deporte-cultura-salud-y-seguridad-social-13-132x132.jpg?resize=132%2C132&quality=100&ssl=1\" class=\"attachment-thumbnail size-thumbnail\" alt=\"\" \/><\/a><br \/>\n<a href=\"https:\/\/elnuevodiario.com.do\/foro-de-gestion-gubernamental-aborda-avances-y-desafios-en-educacion-deporte-cultura-salud-y-seguridad-social\/foro-de-gestion-gubernamental-aborda-avances-y-desafios-en-educacion-deporte-cultura-salud-y-seguridad-social-14\/\"><img decoding=\"async\" data-recalc-dims=\"1\" loading=\"lazy\" width=\"132\" height=\"132\" src=\"https:\/\/i0.wp.com\/nuevodiario-assets.s3.us-east-2.amazonaws.com\/wp-content\/uploads\/2026\/09\/Foro-de-Gestion-Gubernamental-aborda-avances-y-desafios-en-educacion-deporte-cultura-salud-y-seguridad-social-14-132x132.jpg?resize=132%2C132&quality=100&ssl=1\" class=\"attachment-thumbnail size-thumbnail\" alt=\"\" \/><\/a><br \/>\n<a href=\"https:\/\/elnuevodiario.com.do\/foro-de-gestion-gubernamental-aborda-avances-y-desafios-en-educacion-deporte-cultura-salud-y-seguridad-social\/foro-de-gestion-gubernamental-aborda-avances-y-desafios-en-educacion-deporte-cultura-salud-y-seguridad-social-8\/\"><img decoding=\"async\" data-recalc-dims=\"1\" loading=\"lazy\" width=\"132\" height=\"132\" src=\"https:\/\/i0.wp.com\/nuevodiario-assets.s3.us-east-2.amazonaws.com\/wp-content\/uploads\/2026\/09\/Foro-de-Gestion-Gubernamental-aborda-avances-y-desafios-en-educacion-deporte-cultura-salud-y-seguridad-social-8-132x132.jpg?resize=132%2C132&quality=100&ssl=1\" class=\"attachment-thumbnail size-thumbnail\" alt=\"\" \/><\/a><br \/>\n<a href=\"https:\/\/elnuevodiario.com.do\/foro-de-gestion-gubernamental-aborda-avances-y-desafios-en-educacion-deporte-cultura-salud-y-seguridad-social\/foro-de-gestion-gubernamental-aborda-avances-y-desafios-en-educacion-deporte-cultura-salud-y-seguridad-social-2\/\"><img decoding=\"async\" data-recalc-dims=\"1\" loading=\"lazy\" width=\"132\" height=\"132\" src=\"https:\/\/i0.wp.com\/nuevodiario-assets.s3.us-east-2.amazonaws.com\/wp-content\/uploads\/2026\/09\/Foro-de-Gestion-Gubernamental-aborda-avances-y-desafios-en-educacion-deporte-cultura-salud-y-seguridad-social-2-132x132.jpg?resize=132%2C132&quality=100&ssl=1\" class=\"attachment-thumbnail size-thumbnail\" alt=\"\" \/><\/a><br \/>\n<a href=\"https:\/\/elnuevodiario.com.do\/foro-de-gestion-gubernamental-aborda-avances-y-desafios-en-educacion-deporte-cultura-salud-y-seguridad-social\/foro-de-gestion-gubernamental-aborda-avances-y-desafios-en-educacion-deporte-cultura-salud-y-seguridad-social-6\/\"><img decoding=\"async\" data-recalc-dims=\"1\" loading=\"lazy\" width=\"132\" height=\"132\" src=\"https:\/\/i0.wp.com\/nuevodiario-assets.s3.us-east-2.amazonaws.com\/wp-content\/uploads\/2026\/09\/Foro-de-Gestion-Gubernamental-aborda-avances-y-desafios-en-educacion-deporte-cultura-salud-y-seguridad-social-6-132x132.jpg?resize=132%2C132&quality=100&ssl=1\" class=\"attachment-thumbnail size-thumbnail\" alt=\"\" \/><\/a><\/p>\n<p class=\"p1\"><span class=\"s1\">El ministro de Educaci\u00f3n Superior, Rafael Santos Bad\u00eda, explic\u00f3 los avances del proceso de transformaci\u00f3n educativa impulsado a partir del Decreto n\u00fam. 309-26 y destac\u00f3 la realizaci\u00f3n de una consulta nacional como parte de la revisi\u00f3n del sistema.<\/span><\/p>\n<p class=\"p1\"><span class=\"s1\">\u201cA trav\u00e9s del mandato del Decreto 309-26 avanzamos en una consulta nacional para un cambio total del sistema educativo\u201d, expres\u00f3 Santos Bad\u00eda, quien tambi\u00e9n anunci\u00f3 la entrega este mes de 10,000 becas nacionales para licenciaturas, maestr\u00edas y carreras t\u00e9cnicas vinculadas a la tecnolog\u00eda y la Cuarta Revoluci\u00f3n Industrial.<\/span><\/p>\n<p><a href=\"https:\/\/elnuevodiario.com.do\/foro-de-gestion-gubernamental-aborda-avances-y-desafios-en-educacion-deporte-cultura-salud-y-seguridad-social\/foro-de-gestion-gubernamental-aborda-avances-y-desafios-en-educacion-deporte-cultura-salud-y-seguridad-social-14\/\"><img decoding=\"async\" data-recalc-dims=\"1\" loading=\"lazy\" width=\"132\" height=\"132\" src=\"https:\/\/i0.wp.com\/nuevodiario-assets.s3.us-east-2.amazonaws.com\/wp-content\/uploads\/2026\/09\/Foro-de-Gestion-Gubernamental-aborda-avances-y-desafios-en-educacion-deporte-cultura-salud-y-seguridad-social-14-132x132.jpg?resize=132%2C132&quality=100&ssl=1\" class=\"attachment-thumbnail size-thumbnail\" alt=\"\" \/><\/a><br \/>\n<a href=\"https:\/\/elnuevodiario.com.do\/foro-de-gestion-gubernamental-aborda-avances-y-desafios-en-educacion-deporte-cultura-salud-y-seguridad-social\/foro-de-gestion-gubernamental-aborda-avances-y-desafios-en-educacion-deporte-cultura-salud-y-seguridad-social-6\/\"><img decoding=\"async\" data-recalc-dims=\"1\" loading=\"lazy\" width=\"132\" height=\"132\" src=\"https:\/\/i0.wp.com\/nuevodiario-assets.s3.us-east-2.amazonaws.com\/wp-content\/uploads\/2026\/09\/Foro-de-Gestion-Gubernamental-aborda-avances-y-desafios-en-educacion-deporte-cultura-salud-y-seguridad-social-6-132x132.jpg?resize=132%2C132&quality=100&ssl=1\" class=\"attachment-thumbnail size-thumbnail\" alt=\"\" \/><\/a><br \/>\n<a href=\"https:\/\/elnuevodiario.com.do\/foro-de-gestion-gubernamental-aborda-avances-y-desafios-en-educacion-deporte-cultura-salud-y-seguridad-social\/foro-de-gestion-gubernamental-aborda-avances-y-desafios-en-educacion-deporte-cultura-salud-y-seguridad-social-4\/\"><img decoding=\"async\" data-recalc-dims=\"1\" loading=\"lazy\" width=\"132\" height=\"132\" src=\"https:\/\/i0.wp.com\/nuevodiario-assets.s3.us-east-2.amazonaws.com\/wp-content\/uploads\/2026\/09\/Foro-de-Gestion-Gubernamental-aborda-avances-y-desafios-en-educacion-deporte-cultura-salud-y-seguridad-social-4-132x132.jpg?resize=132%2C132&quality=100&ssl=1\" class=\"attachment-thumbnail size-thumbnail\" alt=\"\" \/><\/a><br \/>\n<a href=\"https:\/\/elnuevodiario.com.do\/foro-de-gestion-gubernamental-aborda-avances-y-desafios-en-educacion-deporte-cultura-salud-y-seguridad-social\/foro-de-gestion-gubernamental-aborda-avances-y-desafios-en-educacion-deporte-cultura-salud-y-seguridad-social-2\/\"><img decoding=\"async\" data-recalc-dims=\"1\" loading=\"lazy\" width=\"132\" height=\"132\" src=\"https:\/\/i0.wp.com\/nuevodiario-assets.s3.us-east-2.amazonaws.com\/wp-content\/uploads\/2026\/09\/Foro-de-Gestion-Gubernamental-aborda-avances-y-desafios-en-educacion-deporte-cultura-salud-y-seguridad-social-2-132x132.jpg?resize=132%2C132&quality=100&ssl=1\" class=\"attachment-thumbnail size-thumbnail\" alt=\"\" \/><\/a><br \/>\n<a href=\"https:\/\/elnuevodiario.com.do\/foro-de-gestion-gubernamental-aborda-avances-y-desafios-en-educacion-deporte-cultura-salud-y-seguridad-social\/foro-de-gestion-gubernamental-aborda-avances-y-desafios-en-educacion-deporte-cultura-salud-y-seguridad-social-7\/\"><img decoding=\"async\" data-recalc-dims=\"1\" loading=\"lazy\" width=\"132\" height=\"132\" src=\"https:\/\/i0.wp.com\/nuevodiario-assets.s3.us-east-2.amazonaws.com\/wp-content\/uploads\/2026\/09\/Foro-de-Gestion-Gubernamental-aborda-avances-y-desafios-en-educacion-deporte-cultura-salud-y-seguridad-social-7-132x132.jpg?resize=132%2C132&quality=100&ssl=1\" class=\"attachment-thumbnail size-thumbnail\" alt=\"\" \/><\/a><br \/>\n<a href=\"https:\/\/elnuevodiario.com.do\/foro-de-gestion-gubernamental-aborda-avances-y-desafios-en-educacion-deporte-cultura-salud-y-seguridad-social\/foro-de-gestion-gubernamental-aborda-avances-y-desafios-en-educacion-deporte-cultura-salud-y-seguridad-social-11\/\"><img decoding=\"async\" data-recalc-dims=\"1\" loading=\"lazy\" width=\"132\" height=\"132\" src=\"https:\/\/i0.wp.com\/nuevodiario-assets.s3.us-east-2.amazonaws.com\/wp-content\/uploads\/2026\/09\/Foro-de-Gestion-Gubernamental-aborda-avances-y-desafios-en-educacion-deporte-cultura-salud-y-seguridad-social-11-132x132.jpg?resize=132%2C132&quality=100&ssl=1\" class=\"attachment-thumbnail size-thumbnail\" alt=\"\" \/><\/a><br \/>\n<a href=\"https:\/\/elnuevodiario.com.do\/foro-de-gestion-gubernamental-aborda-avances-y-desafios-en-educacion-deporte-cultura-salud-y-seguridad-social\/foro-de-gestion-gubernamental-aborda-avances-y-desafios-en-educacion-deporte-cultura-salud-y-seguridad-social-9\/\"><img decoding=\"async\" data-recalc-dims=\"1\" loading=\"lazy\" width=\"132\" height=\"132\" src=\"https:\/\/i0.wp.com\/nuevodiario-assets.s3.us-east-2.amazonaws.com\/wp-content\/uploads\/2026\/09\/Foro-de-Gestion-Gubernamental-aborda-avances-y-desafios-en-educacion-deporte-cultura-salud-y-seguridad-social-9-132x132.jpg?resize=132%2C132&quality=100&ssl=1\" class=\"attachment-thumbnail size-thumbnail\" alt=\"\" \/><\/a><br \/>\n<a href=\"https:\/\/elnuevodiario.com.do\/foro-de-gestion-gubernamental-aborda-avances-y-desafios-en-educacion-deporte-cultura-salud-y-seguridad-social\/foro-de-gestion-gubernamental-aborda-avances-y-desafios-en-educacion-deporte-cultura-salud-y-seguridad-social-5\/\"><img decoding=\"async\" data-recalc-dims=\"1\" loading=\"lazy\" width=\"132\" height=\"132\" src=\"https:\/\/i0.wp.com\/nuevodiario-assets.s3.us-east-2.amazonaws.com\/wp-content\/uploads\/2026\/09\/Foro-de-Gestion-Gubernamental-aborda-avances-y-desafios-en-educacion-deporte-cultura-salud-y-seguridad-social-5-132x132.jpg?resize=132%2C132&quality=100&ssl=1\" class=\"attachment-thumbnail size-thumbnail\" alt=\"\" \/><\/a><\/p>\n<p class=\"p1\"><span class=\"s1\">De su lado, el ministro de Deportes, Kelvin Cruz, destac\u00f3 las inversiones realizadas en infraestructura deportiva y el respaldo a los atletas dominicanos. Se\u00f1al\u00f3 que actualmente se desarrollan 32 techados multiusos de manera simult\u00e1nea en el Gran Santo Domingo, adem\u00e1s de otras obras en diferentes puntos del pa\u00eds.<\/span><\/p>\n<p class=\"p1\"><span class=\"s1\">Cruz resalt\u00f3 tambi\u00e9n los resultados obtenidos por la delegaci\u00f3n dominicana en los XXV Juegos Centroamericanos y del Caribe Santo Domingo 2026, donde, seg\u00fan explic\u00f3, se alcanz\u00f3 un r\u00e9cord de 150 medallas, tras un proceso de preparaci\u00f3n anticipada que implic\u00f3 una inversi\u00f3n superior a los mil millones de pesos.<\/span><\/p>\n<p class=\"p1\"><span class=\"s1\">Durante el panel, el ministro de Cultura, Roberto \u00c1ngel Salcedo, expuso las iniciativas dirigidas a descentralizar el acceso a la cultura, entre ellas la apertura de nuevas escuelas de Bellas Artes en distintas provincias. Asimismo, destac\u00f3 un primer ciclo de RD$500 millones en pr\u00e9stamos blandos destinados a la industria art\u00edstica y las acciones para fortalecer la proyecci\u00f3n internacional de la literatura dominicana.<\/span><\/p>\n<p class=\"p1\"><span class=\"s1\">El ministro de la Juventud, Carlos Valdez, abord\u00f3 los esfuerzos para vincular la formaci\u00f3n de los j\u00f3venes con las necesidades del mercado laboral. Entre las iniciativas mencion\u00f3 Mi Primera Oportunidad, el programa de transporte universitario TURNO y la ampliaci\u00f3n a RD$250 millones del fondo crediticio Campo Joven 2.0.<\/span><\/p>\n<p class=\"p1\"><span class=\"s1\">Mientras, el director ejecutivo del Instituto Nacional de Educaci\u00f3n F\u00edsica (INEFI), Alberto Rodr\u00edguez, present\u00f3 avances en infraestructura y formaci\u00f3n deportiva escolar, destacando la creaci\u00f3n de espacios integrales para la pr\u00e1ctica deportiva, aulas de motricidad y programas de capacitaci\u00f3n dirigidos a docentes.<\/span><\/p>\n<p class=\"p1\"><span class=\"s1\">Reconocimiento a Kelvin Cruz<\/span><\/p>\n<p class=\"p1\"><span class=\"s1\">En el marco de la jornada, el presidente ejecutivo de GALA Media Group, Ruddy de los Santos, entreg\u00f3 un reconocimiento especial al ministro Kelvin Cruz por su liderazgo, compromiso y destacada gesti\u00f3n en la celebraci\u00f3n de los XXV Juegos Centroamericanos y del Caribe Santo Domingo 2026, as\u00ed como por su contribuci\u00f3n al fortalecimiento y proyecci\u00f3n del deporte nacional.<\/span><\/p>\n<p class=\"p1\"><span class=\"s1\">Salud y seguridad social: prevenci\u00f3n, cobertura y fortalecimiento de la red p\u00fablica<\/span><\/p>\n<p class=\"p1\"><span class=\"s1\">El segundo panel, \u201cSalud y Seguridad Social\u201d, estuvo dedicado a los avances y desaf\u00edos relacionados con la prevenci\u00f3n, la atenci\u00f3n sanitaria, el aseguramiento, el fortalecimiento de la red p\u00fablica de salud y la protecci\u00f3n de los trabajadores.<\/span><\/p>\n<p class=\"p1\"><span class=\"s1\">El ministro de Salud P\u00fablica, V\u00edctor Atallah, destac\u00f3 los resultados de la estrategia nacional \u201cGan\u00e9mosle al Dengue\u201d, impulsada como parte de las pol\u00edticas de prevenci\u00f3n y control de enfermedades transmitidas por vectores.<\/span><\/p>\n<p class=\"p1\"><span class=\"s1\">\u201cDecidimos llevar el dengue al Consejo de Ministros y creamos una estrategia nacional\u201d, se\u00f1al\u00f3 Atallah afirm\u00f3 que las acciones implementadas permitieron reducir significativamente los casos y que en 2025 el pa\u00eds cerr\u00f3 con cero muertes por dengue.<\/span><\/p>\n<p class=\"p1\"><span class=\"s1\">Por su parte, el director ejecutivo del Seguro Nacional de Salud (SeNaSa), Edward Guzm\u00e1n Padilla, present\u00f3 iniciativas dirigidas a mejorar la experiencia y ampliar los servicios disponibles para los afiliados. Entre ellas destac\u00f3 la implementaci\u00f3n de una plataforma propia de dispensaci\u00f3n de medicamentos, que, seg\u00fan explic\u00f3, ha permitido reducir significativamente los tiempos de espera en las farmacias.<\/span><\/p>\n<p class=\"p1\"><span class=\"s1\">Guzm\u00e1n Padilla tambi\u00e9n inform\u00f3 sobre la entrada en vigencia de SeNaSa Ultra, un plan complementario que incorpora m\u00e1s de 800 nuevos servicios y coberturas, entre ellos procedimientos de cirug\u00eda rob\u00f3tica y bari\u00e1trica.\u201d<\/span><\/p>\n<p class=\"p1\"><span class=\"s1\">El director ejecutivo del Servicio Nacional de Salud (SNS), Julio C\u00e9sar Landr\u00f3n, resalt\u00f3 el fortalecimiento de la red p\u00fablica y asegur\u00f3 que durante los primeros siete meses de 2026 se ofrecieron m\u00e1s de 29 millones de servicios de salud y se realizaron m\u00e1s de 327 mil procedimientos quir\u00fargicos.<\/span><\/p>\n<p class=\"p1\"><span class=\"s1\">Landr\u00f3n indic\u00f3 adem\u00e1s que han sido remozados m\u00e1s de 1,100 centros de atenci\u00f3n primaria, como parte de las acciones orientadas a acercar los servicios y aumentar la capacidad de respuesta del sistema p\u00fablico de salud.<\/span><\/p>\n<p class=\"p1\"><span class=\"s1\">De su lado, el director ejecutivo del Instituto Dominicano de Prevenci\u00f3n y Protecci\u00f3n de Riesgos Laborales (IDOPPRIL), Agust\u00edn Burgos, plante\u00f3 la necesidad de continuar transformando la instituci\u00f3n hacia un modelo cada vez m\u00e1s enfocado en la prevenci\u00f3n de accidentes y enfermedades laborales.<\/span><\/p>\n<p class=\"p1\"><span class=\"s1\">Burgos se\u00f1al\u00f3 que, de los m\u00e1s de mil millones de pesos pagados en indemnizaciones de salud, el 43.7 % corresponde a accidentes de tr\u00e1nsito y que el 73.2 % de estos involucra motocicletas, datos que, a su juicio, evidencian la necesidad de fortalecer las alianzas con empleadores y trabajadores para desarrollar una mayor cultura de prevenci\u00f3n.<\/span><\/p>\n<p class=\"p1\"><span class=\"s1\">Los dos paneles fueron moderados por la periodista y comunicadora Danylsa Vargas, mientras que Evelyn Soto tuvo a su cargo la conducci\u00f3n general del evento.<\/span><\/p>\n<p class=\"p1\"><span class=\"s1\">Con esta nueva jornada, GALA Media Group reafirma el Foro de Gesti\u00f3n Gubernamental como una plataforma de di\u00e1logo sobre la gesti\u00f3n p\u00fablica, sus resultados y desaf\u00edos, reuniendo a autoridades, sectores productivos, acad\u00e9micos, comunicadores y representantes de la sociedad civil.<\/span><\/p>\n<p>La entrada <a href=\"https:\/\/elnuevodiario.com.do\/foro-de-gestion-gubernamental-aborda-avances-y-desafios-en-educacion-deporte-cultura-salud-y-seguridad-social\/\">Foro de Gesti\u00f3n Gubernamental aborda avances y desaf\u00edos en educaci\u00f3n, deporte, cultura, salud y seguridad social<\/a> se public\u00f3 primero en <a href=\"https:\/\/elnuevodiario.com.do\">El Nuevo Diario (Rep\u00fablica Dominicana)<\/a>.<\/p>\n","protected":false},"excerpt":{"rendered":"EL NUEVO DIARIO, SANTO DOMINGO.\u2013 Ministros y directores de instituciones p\u00fablicas participaron&hellip;\n","protected":false},"author":1,"featured_media":66736,"comment_status":"open","ping_status":"open","sticky":false,"template":"","format":"standard","meta":{"footnotes":""},"categories":[1],"tags":[],"class_list":["post-66735","post","type-post","status-publish","format-standard","has-post-thumbnail","category-nacionales"],"_links":{"self":[{"href":"https:\/\/acronoticias.com\/index.php\/wp-json\/wp\/v2\/posts\/66735","targetHints":{"allow":["GET"]}}],"collection":[{"href":"https:\/\/acronoticias.com\/index.php\/wp-json\/wp\/v2\/posts"}],"about":[{"href":"https:\/\/acronoticias.com\/index.php\/wp-json\/wp\/v2\/types\/post"}],"author":[{"embeddable":true,"href":"https:\/\/acronoticias.com\/index.php\/wp-json\/wp\/v2\/users\/1"}],"replies":[{"embeddable":true,"href":"https:\/\/acronoticias.com\/index.php\/wp-json\/wp\/v2\/comments?post=66735"}],"version-history":[{"count":0,"href":"https:\/\/acronoticias.com\/index.php\/wp-json\/wp\/v2\/posts\/66735\/revisions"}],"wp:featuredmedia":[{"embeddable":true,"href":"https:\/\/acronoticias.com\/index.php\/wp-json\/wp\/v2\/media\/66736"}],"wp:attachment":[{"href":"https:\/\/acronoticias.com\/index.php\/wp-json\/wp\/v2\/media?parent=66735"}],"wp:term":[{"taxonomy":"category","embeddable":true,"href":"https:\/\/acronoticias.com\/index.php\/wp-json\/wp\/v2\/categories?post=66735"},{"taxonomy":"post_tag","embeddable":true,"href":"https:\/\/acronoticias.com\/index.php\/wp-json\/wp\/v2\/tags?post=66735"}],"curies":[{"name":"wp","href":"https:\/\/api.w.org\/{rel}","templated":true}]}}