{"id":66731,"date":"2026-09-02T00:25:38","date_gmt":"2026-09-02T00:25:38","guid":{"rendered":"https:\/\/acronoticias.com\/index.php\/2026\/09\/02\/oposicion-venezolana-ve-reforma-de-ley-como-un-paso-mas-para-un-supremo-independiente\/"},"modified":"2026-09-02T00:25:38","modified_gmt":"2026-09-02T00:25:38","slug":"oposicion-venezolana-ve-reforma-de-ley-como-un-paso-mas-para-un-supremo-independiente","status":"publish","type":"post","link":"https:\/\/acronoticias.com\/index.php\/2026\/09\/02\/oposicion-venezolana-ve-reforma-de-ley-como-un-paso-mas-para-un-supremo-independiente\/","title":{"rendered":"Oposici\u00f3n venezolana ve reforma de ley como \u00abun paso m\u00e1s\u00bb para un Supremo \u00abindependiente\u00bb"},"content":{"rendered":"<div id=\"nota-texto\">\n<p>La delegaci\u00f3n opositora en el di\u00e1logo con el Gobierno de <strong>Venezuela<\/strong> considera la reforma de la Ley Org\u00e1nica del <strong><a href=\"https:\/\/noticiassin.com\/tag\/tribunal-supremo\/\" class=\"nsin-auto-tag-link\">Tribunal Supremo<\/a> de Justicia<\/strong> (<strong>TSJ<\/strong>), aprobada este martes por el Parlamento, como \u00abun paso m\u00e1s\u00bb para que el pa\u00eds tenga una alta corte \u00abindependiente\u00bb y \u00abal servicio de la Constituci\u00f3n y de todos\u00bb los ciudadanos.<\/p>\n<p>La reforma \u2014la segunda que se hace de la ley este a\u00f1o\u2014 ampl\u00eda el comit\u00e9 encargado de seleccionar a los candidatos a magistrados del <strong>Tribunal Supremo<\/strong>, cuya renovaci\u00f3n total fue acordada por el chavismo y la oposici\u00f3n en el proceso de negociaci\u00f3n, promovido por <strong>Estados Unidos<\/strong>.<\/p>\n<p>La delegaci\u00f3n opositora asegur\u00f3 que comienza \u00abuna etapa que llevar\u00e1 a la designaci\u00f3n de todos los magistrados del <strong>TSJ<\/strong>, y requerir\u00e1 del compromiso de toda la ciudadan\u00eda\u00bb.<\/p>\n<p>En ese sentido, se\u00f1al\u00f3 que se necesitar\u00e1 que representantes de la sociedad civil \u00absean los ojos de <strong>Venezuela<\/strong> dentro del comit\u00e9\u00bb y que juristas \u00abintegren el <strong>Consejo Independiente de Revisi\u00f3n de Credenciales<\/strong> para verificar el estricto cumplimiento de los requisitos constitucionales de los postulados\u00bb.<\/p>\n<ul class=\"wp-block-list\">\n<li>Asimismo, indic\u00f3, se requerir\u00eda de<strong> \u00abhombres y mujeres del derecho dispuestos a asumir <\/strong>la responsabilidad de transformar el sistema de justicia y a postularse como magistrados para el nuevo TSJ\u00bb. <\/li>\n<li>\u00ab<strong>Seguiremos trabajando junto <\/strong>a la sociedad civil para lograrlo e informando cada paso de este proceso\u00bb, agreg\u00f3.<\/li>\n<\/ul>\n<p>El Legislativo, de mayor\u00eda oficialista, aprob\u00f3 de manera un\u00e1nime y sin objeciones la reforma, por lo que ahora el <strong>Comit\u00e9 de Postulaciones Judiciales<\/strong> estar\u00e1 integrado por 23 personas: 11 diputados y 12 representantes de la sociedad civil, en vez de 21, como estaba establecido anteriormente.<\/p>\n<div class=\"nbs-subscribe-box \">\n<p>Suscribete al newsletter de Noticias SIN<\/p>\n<\/div>\n<p>El primer vicepresidente del Parlamento, el chavista <strong>Pedro Infante<\/strong>, explic\u00f3 el jueves pasado que se reiniciar\u00e1 el proceso de renovaci\u00f3n de magistrados del <strong>TSJ<\/strong>, que hab\u00eda comenzado en abril pasado y que estaba en la fase de revisi\u00f3n de credenciales y de impugnaciones cuando ocurri\u00f3 el doble terremoto del 24 de junio.<\/p>\n<p>El Parlamento aprob\u00f3, en mayo pasado, cuando impulsaba la primera reforma de esta ley en el a\u00f1o, aumentar de 20 a un total de 32 el n\u00famero de magistrados del m\u00e1ximo tribunal, actualmente encabezado por la chavista <strong>Caryslia Rodr\u00edguez<\/strong> y se\u00f1alado por organizaciones no gubernamentales y la oposici\u00f3n como af\u00edn al oficialismo.<\/p>\n<p>Tras la captura de <strong><a href=\"https:\/\/noticiassin.com\/tag\/nicolas-maduro\/\" class=\"nsin-auto-tag-link\">Nicol\u00e1s Maduro<\/a><\/strong> por parte de <strong>Estados Unidos<\/strong> durante un ataque militar en <strong>Caracas<\/strong>, en enero pasado, el Gobierno de la ahora presidenta encargada, <strong>Delcy Rodr\u00edguez<\/strong>, impuls\u00f3 un proceso de cambios en las instituciones, entre ellos, en el \u00e1mbito judicial.\u00a0<\/p>\n<\/div>\n","protected":false},"excerpt":{"rendered":"La delegaci\u00f3n opositora en el di\u00e1logo con el Gobierno de Venezuela considera&hellip;\n","protected":false},"author":1,"featured_media":66732,"comment_status":"open","ping_status":"open","sticky":false,"template":"","format":"standard","meta":{"footnotes":""},"categories":[3],"tags":[],"class_list":["post-66731","post","type-post","status-publish","format-standard","has-post-thumbnail","category-internacionales"],"_links":{"self":[{"href":"https:\/\/acronoticias.com\/index.php\/wp-json\/wp\/v2\/posts\/66731","targetHints":{"allow":["GET"]}}],"collection":[{"href":"https:\/\/acronoticias.com\/index.php\/wp-json\/wp\/v2\/posts"}],"about":[{"href":"https:\/\/acronoticias.com\/index.php\/wp-json\/wp\/v2\/types\/post"}],"author":[{"embeddable":true,"href":"https:\/\/acronoticias.com\/index.php\/wp-json\/wp\/v2\/users\/1"}],"replies":[{"embeddable":true,"href":"https:\/\/acronoticias.com\/index.php\/wp-json\/wp\/v2\/comments?post=66731"}],"version-history":[{"count":0,"href":"https:\/\/acronoticias.com\/index.php\/wp-json\/wp\/v2\/posts\/66731\/revisions"}],"wp:featuredmedia":[{"embeddable":true,"href":"https:\/\/acronoticias.com\/index.php\/wp-json\/wp\/v2\/media\/66732"}],"wp:attachment":[{"href":"https:\/\/acronoticias.com\/index.php\/wp-json\/wp\/v2\/media?parent=66731"}],"wp:term":[{"taxonomy":"category","embeddable":true,"href":"https:\/\/acronoticias.com\/index.php\/wp-json\/wp\/v2\/categories?post=66731"},{"taxonomy":"post_tag","embeddable":true,"href":"https:\/\/acronoticias.com\/index.php\/wp-json\/wp\/v2\/tags?post=66731"}],"curies":[{"name":"wp","href":"https:\/\/api.w.org\/{rel}","templated":true}]}}