{"id":66727,"date":"2026-09-02T00:02:03","date_gmt":"2026-09-02T00:02:03","guid":{"rendered":"https:\/\/acronoticias.com\/index.php\/2026\/09\/02\/elmerk-jonas-anuncia-primer-foro-legislativo-plus-tras-reunirse-con-senadores\/"},"modified":"2026-09-02T00:02:03","modified_gmt":"2026-09-02T00:02:03","slug":"elmerk-jonas-anuncia-primer-foro-legislativo-plus-tras-reunirse-con-senadores","status":"publish","type":"post","link":"https:\/\/acronoticias.com\/index.php\/2026\/09\/02\/elmerk-jonas-anuncia-primer-foro-legislativo-plus-tras-reunirse-con-senadores\/","title":{"rendered":"Elmerk Jonas anuncia primer Foro Legislativo Plus tras reunirse con senadores"},"content":{"rendered":"<p><img loading=\"lazy\" decoding=\"async\" width=\"355\" height=\"200\" src=\"https:\/\/nuevodiario-assets.s3.us-east-2.amazonaws.com\/wp-content\/uploads\/2026\/09\/Elmerk-Jonas-anuncia-primer-Foro-Legislativo-Plus-tras-reunirse-con-senadores-2-355x200.jpeg\" class=\"webfeedsFeaturedVisual wp-post-image\" alt=\"\" style=\"display: block;margin-bottom: 5px;clear:both;max-width: 100%\" \/><\/p>\n<p class=\"isSelectedEnd\">EL NUEVO DIARIO, SANTO DOMINGO.<strong>\u2013<\/strong> El empresario y director de Los Plus, Elmerk Jonas, anunci\u00f3 la preparaci\u00f3n del primer Foro Legislativo Plus, una iniciativa que busca reunir a legisladores, j\u00f3venes, empresarios, profesionales y representantes de distintos sectores para discutir los desaf\u00edos de las provincias y el desarrollo nacional.<\/p>\n<p class=\"isSelectedEnd\">El anuncio fue realizado luego de un encuentro en el Senado de la Rep\u00fablica con los senadores Franklin Romero, de la provincia Duarte, y Santiago Zorrilla, de El Seibo, con quienes abord\u00f3 las principales necesidades de las regiones y la participaci\u00f3n de los j\u00f3venes en las discusiones sobre desarrollo.<\/p>\n<p class=\"isSelectedEnd\">Jonas explic\u00f3 que el foro pretende servir como un espacio para escuchar las inquietudes de los ciudadanos y conocer las propuestas que surgen desde las distintas provincias, adem\u00e1s de facilitar un mayor acercamiento entre la poblaci\u00f3n y el Congreso Nacional.<\/p>\n<p><a href=\"https:\/\/elnuevodiario.com.do\/elmerk-jonas-anuncia-primer-foro-legislativo-plus-tras-reunirse-con-senadores\/elmerk-jonas-anuncia-primer-foro-legislativo-plus-tras-reunirse-con-senadores-1\/\"><img loading=\"lazy\" decoding=\"async\" data-recalc-dims=\"1\" width=\"640\" height=\"426\" src=\"https:\/\/i0.wp.com\/nuevodiario-assets.s3.us-east-2.amazonaws.com\/wp-content\/uploads\/2026\/09\/Elmerk-Jonas-anuncia-primer-Foro-Legislativo-Plus-tras-reunirse-con-senadores-1.jpeg?resize=640%2C426&quality=100&ssl=1\" class=\"attachment-full size-full\" alt=\"\" \/><\/a><\/p>\n<p class=\"isSelectedEnd\">Como parte de la iniciativa, se contempla la participaci\u00f3n de varios senadores de la regi\u00f3n del Cibao y el traslado del encuentro a La Vega, donde los ciudadanos podr\u00e1n conocer de cerca el funcionamiento del Senado, sus iniciativas y el papel de los legisladores.<\/p>\n<p class=\"isSelectedEnd\">\u201cLos j\u00f3venes que creemos en el desarrollo tenemos que crear espacios donde podamos escuchar, proponer y acercarnos a quienes tienen la responsabilidad de legislar. Queremos que Los Plus sea tambi\u00e9n un puente entre la ciudadan\u00eda y sus representantes\u201d, expres\u00f3 Jonas.<\/p>\n<p class=\"isSelectedEnd\">El empresario inform\u00f3 que pr\u00f3ximamente se dar\u00e1 a conocer la fecha oficial del foro, para el cual se proyecta la participaci\u00f3n de m\u00e1s de ocho senadores de diferentes provincias del pa\u00eds.<\/p>\n<p class=\"isSelectedEnd\">En la reuni\u00f3n tambi\u00e9n participaron los j\u00f3venes Bismarch G\u00f3mez y Deiby Serrano, quienes expusieron ante los legisladores inquietudes y perspectivas relacionadas con las necesidades de las nuevas generaciones y su inter\u00e9s en participar en los debates sobre el presente y futuro del pa\u00eds.<\/p>\n<p>Con el foro, Los Plus plantea ampliar sus encuentros hacia el \u00e1mbito legislativo, con temas relacionados con desarrollo territorial, juventud, pol\u00edticas p\u00fablicas y los desaf\u00edos particulares de las distintas regiones de la Rep\u00fablica Dominicana.<\/p>\n<p>La entrada <a href=\"https:\/\/elnuevodiario.com.do\/elmerk-jonas-anuncia-primer-foro-legislativo-plus-tras-reunirse-con-senadores\/\">Elmerk Jonas anuncia primer Foro Legislativo Plus tras reunirse con senadores<\/a> se public\u00f3 primero en <a href=\"https:\/\/elnuevodiario.com.do\">El Nuevo Diario (Rep\u00fablica Dominicana)<\/a>.<\/p>\n","protected":false},"excerpt":{"rendered":"EL NUEVO DIARIO, SANTO DOMINGO.\u2013 El empresario y director de Los Plus,&hellip;\n","protected":false},"author":1,"featured_media":66728,"comment_status":"open","ping_status":"open","sticky":false,"template":"","format":"standard","meta":{"footnotes":""},"categories":[1],"tags":[],"class_list":["post-66727","post","type-post","status-publish","format-standard","has-post-thumbnail","category-nacionales"],"_links":{"self":[{"href":"https:\/\/acronoticias.com\/index.php\/wp-json\/wp\/v2\/posts\/66727","targetHints":{"allow":["GET"]}}],"collection":[{"href":"https:\/\/acronoticias.com\/index.php\/wp-json\/wp\/v2\/posts"}],"about":[{"href":"https:\/\/acronoticias.com\/index.php\/wp-json\/wp\/v2\/types\/post"}],"author":[{"embeddable":true,"href":"https:\/\/acronoticias.com\/index.php\/wp-json\/wp\/v2\/users\/1"}],"replies":[{"embeddable":true,"href":"https:\/\/acronoticias.com\/index.php\/wp-json\/wp\/v2\/comments?post=66727"}],"version-history":[{"count":0,"href":"https:\/\/acronoticias.com\/index.php\/wp-json\/wp\/v2\/posts\/66727\/revisions"}],"wp:featuredmedia":[{"embeddable":true,"href":"https:\/\/acronoticias.com\/index.php\/wp-json\/wp\/v2\/media\/66728"}],"wp:attachment":[{"href":"https:\/\/acronoticias.com\/index.php\/wp-json\/wp\/v2\/media?parent=66727"}],"wp:term":[{"taxonomy":"category","embeddable":true,"href":"https:\/\/acronoticias.com\/index.php\/wp-json\/wp\/v2\/categories?post=66727"},{"taxonomy":"post_tag","embeddable":true,"href":"https:\/\/acronoticias.com\/index.php\/wp-json\/wp\/v2\/tags?post=66727"}],"curies":[{"name":"wp","href":"https:\/\/api.w.org\/{rel}","templated":true}]}}