{"id":66724,"date":"2026-09-01T23:29:46","date_gmt":"2026-09-01T23:29:46","guid":{"rendered":"https:\/\/acronoticias.com\/index.php\/2026\/09\/01\/mescyt-destaca-avances-del-instituto-juan-bosch-para-reconocerlo-como-institucion-de-educacion-superior\/"},"modified":"2026-09-01T23:29:46","modified_gmt":"2026-09-01T23:29:46","slug":"mescyt-destaca-avances-del-instituto-juan-bosch-para-reconocerlo-como-institucion-de-educacion-superior","status":"publish","type":"post","link":"https:\/\/acronoticias.com\/index.php\/2026\/09\/01\/mescyt-destaca-avances-del-instituto-juan-bosch-para-reconocerlo-como-institucion-de-educacion-superior\/","title":{"rendered":"MESCyT destaca avances del Instituto Juan Bosch para reconocerlo como instituci\u00f3n de educaci\u00f3n superior"},"content":{"rendered":"<p><img decoding=\"async\" width=\"355\" height=\"200\" src=\"https:\/\/nuevodiario-assets.s3.us-east-2.amazonaws.com\/wp-content\/uploads\/2026\/09\/MESCyT-destaca-avances-en-evaluacion-del-Instituto-Profesor-Juan-Bosch-para-reconocimiento-como-institucion-de-educacion-superior-1-355x200.jpeg\" class=\"webfeedsFeaturedVisual wp-post-image\" alt=\"\" style=\"display: block;margin-bottom: 5px;clear:both;max-width: 100%\" loading=\"lazy\" \/><\/p>\n<p class=\"isSelectedEnd\">EL NUEVO DIARIO, SANTO DOMINGO.<strong>\u2013<\/strong> El Ministerio de Educaci\u00f3n Superior, Ciencia y Tecnolog\u00eda (MESCyT) destac\u00f3 avances favorables en la evaluaci\u00f3n del Instituto de Formaci\u00f3n Pol\u00edtica Profesor Juan Bosch, cuyo expediente ser\u00e1 conocido nuevamente el pr\u00f3ximo viernes por la comisi\u00f3n t\u00e9cnica como parte del proceso para determinar si cumple con los requisitos para ser reconocido como instituci\u00f3n de educaci\u00f3n superior.<\/p>\n<p class=\"isSelectedEnd\">El ministro del MESCyT, Rafael Santos Bad\u00eda recibi\u00f3 una comisi\u00f3n del Consejo Acad\u00e9mico del instituto, con la que abord\u00f3 el desarrollo del proceso y los resultados de las evaluaciones realizadas a los componentes acad\u00e9micos, organizativos y normativos de la entidad.<\/p>\n<p class=\"isSelectedEnd\">Santos Bad\u00eda explic\u00f3 que la revisi\u00f3n comprende el plan acad\u00e9mico, la estructura institucional y los reglamentos, elementos que seg\u00fan indic\u00f3 re\u00fanen las condiciones requeridas para avanzar hacia el reconocimiento.<\/p>\n<p class=\"isSelectedEnd\">\u201cMe da mucho gusto informar al pa\u00eds que todas las evaluaciones del plan acad\u00e9mico, la estructura y los reglamentos de este instituto re\u00fanen las condiciones para otorgarle el reconocimiento\u201d, afirm\u00f3 el ministro.<\/p>\n<p class=\"isSelectedEnd\">El funcionario inform\u00f3 que la comisi\u00f3n t\u00e9cnica responsable de evaluar el expediente se reunir\u00e1 el pr\u00f3ximo viernes, luego de haber realizado la visita de evaluaci\u00f3n al instituto. Se\u00f1al\u00f3 que espera que el proceso contin\u00fae favorablemente, aunque precis\u00f3 que la decisi\u00f3n deber\u00e1 producirse conforme a las instancias t\u00e9cnicas, normativas e institucionales correspondientes.<\/p>\n<p class=\"isSelectedEnd\">Santos Bad\u00eda destac\u00f3 la importancia de que iniciativas de este tipo contribuyan al fortalecimiento de la formaci\u00f3n acad\u00e9mica en el pa\u00eds, especialmente en \u00e1reas vinculadas con la ciudadan\u00eda, la gesti\u00f3n p\u00fablica, el pensamiento pol\u00edtico y los desaf\u00edos derivados de la transformaci\u00f3n tecnol\u00f3gica.<\/p>\n<p><a href=\"https:\/\/elnuevodiario.com.do\/mescyt-destaca-avances-del-instituto-juan-bosch-para-reconocerlo-como-institucion-de-educacion-superior\/mescyt-destaca-avances-en-evaluacion-del-instituto-profesor-juan-bosch-para-reconocimiento-como-institucion-de-educacion-superior-2\/\"><img decoding=\"async\" data-recalc-dims=\"1\" loading=\"lazy\" width=\"640\" height=\"480\" src=\"https:\/\/i0.wp.com\/nuevodiario-assets.s3.us-east-2.amazonaws.com\/wp-content\/uploads\/2026\/09\/MESCyT-destaca-avances-en-evaluacion-del-Instituto-Profesor-Juan-Bosch-para-reconocimiento-como-institucion-de-educacion-superior-2.jpeg?resize=640%2C480&quality=100&ssl=1\" class=\"attachment-full size-full\" alt=\"\" \/><\/a><\/p>\n<p class=\"isSelectedEnd\">En ese sentido, valor\u00f3 que la propuesta acad\u00e9mica del Instituto Profesor Juan Bosch haya sido concebida para trascender el \u00e1mbito partidario y estar abierta a ciudadanos interesados en una formaci\u00f3n especializada.<\/p>\n<p class=\"isSelectedEnd\">\u201cEs muy importante que ese instituto funcione. Para m\u00ed es un placer recibir esta comisi\u00f3n. Es un partido que ha contribuido mucho a la democracia en Rep\u00fablica Dominicana y nosotros no podemos menos que respetar el esfuerzo que han hecho para tener una instituci\u00f3n de formaci\u00f3n acad\u00e9mica, donde no solo van a estudiar militantes del PLD, sino ciudadanos de Rep\u00fablica Dominicana. As\u00ed que cuenten con mi apoyo y mi consideraci\u00f3n\u201d, expres\u00f3 Santos Bad\u00eda.<\/p>\n<p class=\"isSelectedEnd\">Durante el encuentro, el secretario general del Partido de la Liberaci\u00f3n Dominicana (PLD), Johnny Pujols agradeci\u00f3 al ministro y al equipo t\u00e9cnico del MESCyT por la atenci\u00f3n prestada al proceso y resalt\u00f3 la importancia que tiene para la organizaci\u00f3n la creaci\u00f3n de espacios formales de formaci\u00f3n.<\/p>\n<p class=\"isSelectedEnd\">Pujols explic\u00f3 que el proyecto busca combinar la formaci\u00f3n pol\u00edtica con los conocimientos tecnol\u00f3gicos, ante los desaf\u00edos que enfrenta la sociedad dominicana y particularmente, la actividad pol\u00edtica en medio de la transformaci\u00f3n digital.<\/p>\n<p class=\"isSelectedEnd\">\u201cPara nosotros es clave la formaci\u00f3n, la formaci\u00f3n pol\u00edtica, pero tambi\u00e9n en tecnolog\u00eda. Es un gran desaf\u00edo que tiene la pol\u00edtica y que tiene el pa\u00eds\u201d, expres\u00f3.<\/p>\n<p class=\"isSelectedEnd\">De su lado, Alejandrina Germ\u00e1n, presidenta del Instituto de Formaci\u00f3n Pol\u00edtica Profesor Juan Bosch calific\u00f3 como significativo el proceso de evaluaci\u00f3n que podr\u00eda permitir a la entidad alcanzar la categor\u00eda de instituci\u00f3n de educaci\u00f3n superior.<\/p>\n<p class=\"isSelectedEnd\">\u201cEs fundamental, es muy importante y ser\u00e1 para m\u00ed un alto honor que esa gran instituci\u00f3n pueda contar con la categor\u00eda de Instituto de Educaci\u00f3n Superior\u201d, manifest\u00f3 Germ\u00e1n.<\/p>\n<p class=\"isSelectedEnd\">El proceso se desarrolla dentro de las competencias del MESCyT para evaluar el cumplimiento de los requisitos acad\u00e9micos, institucionales y normativos establecidos para las entidades que aspiran a ser reconocidas como instituciones de educaci\u00f3n superior.<\/p>\n<p>De concretarse el reconocimiento, el Instituto de Formaci\u00f3n Pol\u00edtica Profesor Juan Bosch podr\u00e1 ampliar su propuesta acad\u00e9mica dentro del marco regulatorio de la educaci\u00f3n superior dominicana y conforme al alcance de la autorizaci\u00f3n que eventualmente sea otorgada, con programas vinculados al pensamiento pol\u00edtico, la ciudadan\u00eda, la gesti\u00f3n p\u00fablica y los desaf\u00edos tecnol\u00f3gicos contempor\u00e1neos.<\/p>\n<p>La entrada <a href=\"https:\/\/elnuevodiario.com.do\/mescyt-destaca-avances-del-instituto-juan-bosch-para-reconocerlo-como-institucion-de-educacion-superior\/\">MESCyT destaca avances del Instituto Juan Bosch para reconocerlo como instituci\u00f3n de educaci\u00f3n superior<\/a> se public\u00f3 primero en <a href=\"https:\/\/elnuevodiario.com.do\">El Nuevo Diario (Rep\u00fablica Dominicana)<\/a>.<\/p>\n","protected":false},"excerpt":{"rendered":"EL NUEVO DIARIO, SANTO DOMINGO.\u2013 El Ministerio de Educaci\u00f3n Superior, Ciencia y&hellip;\n","protected":false},"author":1,"featured_media":66712,"comment_status":"open","ping_status":"open","sticky":false,"template":"","format":"standard","meta":{"footnotes":""},"categories":[1],"tags":[],"class_list":["post-66724","post","type-post","status-publish","format-standard","has-post-thumbnail","category-nacionales"],"_links":{"self":[{"href":"https:\/\/acronoticias.com\/index.php\/wp-json\/wp\/v2\/posts\/66724","targetHints":{"allow":["GET"]}}],"collection":[{"href":"https:\/\/acronoticias.com\/index.php\/wp-json\/wp\/v2\/posts"}],"about":[{"href":"https:\/\/acronoticias.com\/index.php\/wp-json\/wp\/v2\/types\/post"}],"author":[{"embeddable":true,"href":"https:\/\/acronoticias.com\/index.php\/wp-json\/wp\/v2\/users\/1"}],"replies":[{"embeddable":true,"href":"https:\/\/acronoticias.com\/index.php\/wp-json\/wp\/v2\/comments?post=66724"}],"version-history":[{"count":0,"href":"https:\/\/acronoticias.com\/index.php\/wp-json\/wp\/v2\/posts\/66724\/revisions"}],"wp:featuredmedia":[{"embeddable":true,"href":"https:\/\/acronoticias.com\/index.php\/wp-json\/wp\/v2\/media\/66712"}],"wp:attachment":[{"href":"https:\/\/acronoticias.com\/index.php\/wp-json\/wp\/v2\/media?parent=66724"}],"wp:term":[{"taxonomy":"category","embeddable":true,"href":"https:\/\/acronoticias.com\/index.php\/wp-json\/wp\/v2\/categories?post=66724"},{"taxonomy":"post_tag","embeddable":true,"href":"https:\/\/acronoticias.com\/index.php\/wp-json\/wp\/v2\/tags?post=66724"}],"curies":[{"name":"wp","href":"https:\/\/api.w.org\/{rel}","templated":true}]}}