{"id":66719,"date":"2026-09-01T23:12:37","date_gmt":"2026-09-01T23:12:37","guid":{"rendered":"https:\/\/acronoticias.com\/index.php\/2026\/09\/01\/selinee-mendez-llama-a-revisar-fundaciones-que-albergan-menores-tras-hallazgo-de-14-ninos-en-condiciones-deplorables\/"},"modified":"2026-09-01T23:12:37","modified_gmt":"2026-09-01T23:12:37","slug":"selinee-mendez-llama-a-revisar-fundaciones-que-albergan-menores-tras-hallazgo-de-14-ninos-en-condiciones-deplorables","status":"publish","type":"post","link":"https:\/\/acronoticias.com\/index.php\/2026\/09\/01\/selinee-mendez-llama-a-revisar-fundaciones-que-albergan-menores-tras-hallazgo-de-14-ninos-en-condiciones-deplorables\/","title":{"rendered":"Selin\u00e9e M\u00e9ndez llama a revisar fundaciones que albergan menores tras hallazgo de 14 ni\u00f1os en condiciones deplorables"},"content":{"rendered":"<p><img decoding=\"async\" width=\"355\" height=\"200\" src=\"https:\/\/nuevodiario-assets.s3.us-east-2.amazonaws.com\/wp-content\/uploads\/2025\/03\/06133038\/Selinee-Mendez-355x200.jpeg\" class=\"webfeedsFeaturedVisual wp-post-image\" alt=\"\" style=\"display: block;margin-bottom: 5px;clear:both;max-width: 100%\" loading=\"lazy\" \/><\/p>\n<p>EL NUEVO DIARIO, SANTO DOMINGO.- La diputada Selin\u00e9e M\u00e9ndez hizo un llamado a las autoridades a realizar una revisi\u00f3n exhaustiva de las fundaciones, organizaciones y centros que tienen bajo su responsabilidad a ni\u00f1os, ni\u00f1as y adolescentes, a ra\u00edz del hallazgo de 14 menores en condiciones que calific\u00f3 como \u201cun infierno\u201d en Haina, provincia San Crist\u00f3bal.<\/p>\n<p>M\u00e9ndez expres\u00f3 su preocupaci\u00f3n por las informaciones publicadas sobre el caso y sobre todo por la versi\u00f3n atribuida al Consejo Nacional para la Ni\u00f1ez y la Adolescencia (Conani), seg\u00fan la cual el centro donde fueron encontrados los menores habr\u00eda sido intervenido hace aproximadamente un a\u00f1o.<\/p>\n<p>La legisladora manifest\u00f3 que espera que las autoridades confirmen la veracidad de esa informaci\u00f3n antes de sacar conclusiones definitivas, aunque consider\u00f3 que de comprobarse ser\u00eda un hecho sumamente grave que evidenciar\u00eda fallas en los mecanismos de supervisi\u00f3n.<\/p>\n<p>\u201cSi eso es cierto, pues definitivamente aqu\u00ed las autoridades no se respetan\u201d, manifest\u00f3 M\u00e9ndez, al insistir en que el caso debe servir para revisar qu\u00e9 est\u00e1 ocurriendo en otros centros que tienen ni\u00f1os bajo su custodia.<\/p>\n<p>La diputada sostuvo que los menores no merecen vivir en condiciones de abandono o vulnerabilidad y cuestion\u00f3 que en ocasiones las autoridades solo reaccionen despu\u00e9s de que ocurre una tragedia.<\/p>\n<p>\u201c\u00bfHasta cu\u00e1ndo vamos a seguir as\u00ed?\u201d, cuestion\u00f3 la legisladora, quien plante\u00f3 que las instituciones responsables deben actuar preventivamente y no esperar a que sucedan hechos lamentables para intervenir.<\/p>\n<p>M\u00e9ndez tambi\u00e9n consider\u00f3 necesario revisar \u201ctodas las famosas fundaciones\u201d que reciben menores bajo su cuidado, al advertir que algunas personas o entidades podr\u00edan no estar en condiciones de asumir la responsabilidad de proteger a ni\u00f1os y adolescentes.<\/p>\n<p>En ese sentido, subray\u00f3 que el Estado es el responsable de garantizar la protecci\u00f3n de los menores que, por distintas circunstancias, no pueden permanecer junto a sus padres.<\/p>\n<p>\u201cEs la responsabilidad del Gobierno, porque para eso tenemos presupuesto y tenemos Conani\u201d, sostuvo la diputada, al se\u00f1alar que el sistema de protecci\u00f3n debe garantizar condiciones dignas y seguras para los ni\u00f1os que se encuentran bajo tutela institucional.<\/p>\n<p>Asimismo, tambi\u00e9n llam\u00f3 la atenci\u00f3n sobre la importancia de escuchar las denuncias de los propios menores y de la comunidad.<\/p>\n<p>\u201cEn ese lugar seguro que los vecinos tienen que saber, pero aqu\u00ed la gente no le cree\u201d, afirm\u00f3 M\u00e9ndez, quien lament\u00f3 que muchas veces las denuncias de situaciones de abuso o maltrato no sean atendidas hasta que ocurre una tragedia.<\/p>\n<p>M\u00e9ndez insisti\u00f3 en que el caso debe generar una revisi\u00f3n nacional del sistema de protecci\u00f3n infantil, para determinar en qu\u00e9 condiciones funcionan los centros y fundaciones que albergan a menores, cu\u00e1les son los mecanismos de supervisi\u00f3n y qu\u00e9 medidas se adoptan cuando se detectan irregularidades.<\/p>\n<p>La legisladora llam\u00f3 a las autoridades a asumir el caso como una oportunidad para fortalecer la vigilancia y protecci\u00f3n de la ni\u00f1ez dominicana, al advertir que \u201cen este pa\u00eds solamente se le pone el candado cuando hay una tragedia muy grande\u201d.<\/p>\n<p><a href=\"https:\/\/nuevodiario-assets.s3.us-east-2.amazonaws.com\/wp-content\/uploads\/2026\/09\/La-diputada-Selinee-Mendez.-Fuente-externa.mp4\">La diputada Selin\u00e9e M\u00e9ndez. (Fuente externa)<\/a><\/p>\n<p>La entrada <a href=\"https:\/\/elnuevodiario.com.do\/selinee-mendez-llama-a-revisar-fundaciones-que-albergan-menores-tras-hallazgo-de-14-ninos-en-condiciones-deplorables\/\">Selin\u00e9e M\u00e9ndez llama a revisar fundaciones que albergan menores tras hallazgo de 14 ni\u00f1os en condiciones deplorables<\/a> se public\u00f3 primero en <a href=\"https:\/\/elnuevodiario.com.do\">El Nuevo Diario (Rep\u00fablica Dominicana)<\/a>.<\/p>\n","protected":false},"excerpt":{"rendered":"EL NUEVO DIARIO, SANTO DOMINGO.- La diputada Selin\u00e9e M\u00e9ndez hizo un llamado&hellip;\n","protected":false},"author":1,"featured_media":38043,"comment_status":"open","ping_status":"open","sticky":false,"template":"","format":"standard","meta":{"footnotes":""},"categories":[1],"tags":[],"class_list":["post-66719","post","type-post","status-publish","format-standard","has-post-thumbnail","category-nacionales"],"_links":{"self":[{"href":"https:\/\/acronoticias.com\/index.php\/wp-json\/wp\/v2\/posts\/66719","targetHints":{"allow":["GET"]}}],"collection":[{"href":"https:\/\/acronoticias.com\/index.php\/wp-json\/wp\/v2\/posts"}],"about":[{"href":"https:\/\/acronoticias.com\/index.php\/wp-json\/wp\/v2\/types\/post"}],"author":[{"embeddable":true,"href":"https:\/\/acronoticias.com\/index.php\/wp-json\/wp\/v2\/users\/1"}],"replies":[{"embeddable":true,"href":"https:\/\/acronoticias.com\/index.php\/wp-json\/wp\/v2\/comments?post=66719"}],"version-history":[{"count":0,"href":"https:\/\/acronoticias.com\/index.php\/wp-json\/wp\/v2\/posts\/66719\/revisions"}],"wp:featuredmedia":[{"embeddable":true,"href":"https:\/\/acronoticias.com\/index.php\/wp-json\/wp\/v2\/media\/38043"}],"wp:attachment":[{"href":"https:\/\/acronoticias.com\/index.php\/wp-json\/wp\/v2\/media?parent=66719"}],"wp:term":[{"taxonomy":"category","embeddable":true,"href":"https:\/\/acronoticias.com\/index.php\/wp-json\/wp\/v2\/categories?post=66719"},{"taxonomy":"post_tag","embeddable":true,"href":"https:\/\/acronoticias.com\/index.php\/wp-json\/wp\/v2\/tags?post=66719"}],"curies":[{"name":"wp","href":"https:\/\/api.w.org\/{rel}","templated":true}]}}