{"id":66715,"date":"2026-09-01T22:41:05","date_gmt":"2026-09-01T22:41:05","guid":{"rendered":"https:\/\/acronoticias.com\/index.php\/2026\/09\/01\/joven-dominicano-es-nominado-a-los-motor-film-awards-por-cortometraje-automotriz\/"},"modified":"2026-09-01T22:41:05","modified_gmt":"2026-09-01T22:41:05","slug":"joven-dominicano-es-nominado-a-los-motor-film-awards-por-cortometraje-automotriz","status":"publish","type":"post","link":"https:\/\/acronoticias.com\/index.php\/2026\/09\/01\/joven-dominicano-es-nominado-a-los-motor-film-awards-por-cortometraje-automotriz\/","title":{"rendered":"Joven dominicano es nominado a los Motor Film Awards por cortometraje automotriz"},"content":{"rendered":"<p><img loading=\"lazy\" decoding=\"async\" width=\"355\" height=\"200\" src=\"https:\/\/nuevodiario-assets.s3.us-east-2.amazonaws.com\/wp-content\/uploads\/2026\/09\/95942aae-0721-4176-b710-11d31f7580f6-355x200.jpg\" class=\"webfeedsFeaturedVisual wp-post-image\" alt=\"\" style=\"display: block;margin-bottom: 5px;clear:both;max-width: 100%\" \/><\/p>\n<p>EL NUEVO DIARIO, SANTO DOMINGO. \u2013 La pasi\u00f3n por los autom\u00f3viles, la producci\u00f3n audiovisual y el deseo de demostrar el talento dominicano m\u00e1s all\u00e1 de las fronteras han llevado al especialista en cinematograf\u00eda automotriz Danny Rosario y a un equipo de j\u00f3venes dominicanos a competir en uno de los principales escenarios internacionales de la industria.<\/p>\n<p>Rosario fue nominado, junto a los dem\u00e1s integrantes del proyecto, a los Motor Film Awards, considerados uno de los reconocimientos de mayor relevancia dentro de la cinematograf\u00eda vinculada al mundo automotriz, por el cortometraje independiente \u201cMeant to be Driven\u201d.<\/p>\n<p>La producci\u00f3n fue seleccionada en la categor\u00eda Independent Film, luego de competir entre m\u00e1s de 200 participantes, seg\u00fan inform\u00f3 Rosario.<\/p>\n<p>Indic\u00f3 que la ceremonia de premiaci\u00f3n est\u00e1 prevista para el 14 de noviembre en Los \u00c1ngeles, California, espec\u00edficamente en el Petersen Automotive Museum, reconocido internacionalmente por su v\u00ednculo con la historia y la cultura del autom\u00f3vil.<\/p>\n<p>El experto ofreci\u00f3 la informaci\u00f3n al ser entrevistado por los comunicadores Jaime Rinc\u00f3n, Aneudy Ram\u00edrez, Julio Samuel Sierra, Nilson Batista, Raquel Rodr\u00edguez y Maria Maria, en el programa \u201cEl Nuevo Diario en la Tarde\u201d, transmitido por la plataforma digital de \u201cEl Nuevo Diario TV\u201d.<\/p>\n<p>(Ver programa)<\/p>\n<div class=\"jetpack-video-wrapper\"><\/div>\n<p>Rosario explic\u00f3 que el proyecto no corresponde a una producci\u00f3n cinematogr\u00e1fica comercial, sino a un cortometraje independiente de aproximadamente diez minutos, realizado por un equipo integrado \u00fanicamente por cinco j\u00f3venes, quienes han desarrollado gran parte de sus conocimientos mediante la pr\u00e1ctica y el perfeccionamiento de sus propias habilidades.<\/p>\n<p>\u201cRealmente el grupo no ha participado en una pel\u00edcula comercial, sino que desarroll\u00f3 de manera independiente un cortometraje de aproximadamente diez minutos, realizado por un equipo integrado por apenas cinco j\u00f3venes\u201d, explic\u00f3 Rosario.<\/p>\n<p>El especialista destac\u00f3 que la producci\u00f3n naci\u00f3 de la inquietud y pasi\u00f3n de sus integrantes por los autom\u00f3viles y la creaci\u00f3n audiovisual, con la intenci\u00f3n de demostrar hasta d\u00f3nde pod\u00edan llegar con los recursos, conocimientos y capacidades desarrollados de manera independiente.<\/p>\n<p>Una reflexi\u00f3n sobre la pasi\u00f3n por los autom\u00f3viles<\/p>\n<p>Rosario explic\u00f3 que el cortometraje invita a los propietarios de autom\u00f3viles ex\u00f3ticos a disfrutar realmente de sus veh\u00edculos, conducirlos y experimentar las prestaciones de m\u00e1quinas que, en muchos casos, permanecen almacenadas durante a\u00f1os.<\/p>\n<p>\u201cEl corto b\u00e1sicamente llama a los coleccionistas de veh\u00edculos ex\u00f3ticos a darles uso a los veh\u00edculos que realmente est\u00e1n destinados a ser manejados, a darles millas, no dejarlos cogiendo polvo\u201d, sostuvo.<\/p>\n<p>Argument\u00f3 que la producci\u00f3n muestra las dos perspectivas que existen dentro de ese universo: la de los coleccionistas que poseen numerosos veh\u00edculos y mantienen buena parte de ellos almacenados y la de aquellos propietarios que optan por conducir sus autom\u00f3viles, acumular kil\u00f3metros y disfrutar plenamente de ellos.<\/p>\n<p>El resultado de cinco j\u00f3venes<\/p>\n<p>Rosario resalt\u00f3 que uno de los aspectos m\u00e1s significativos de la experiencia es la dimensi\u00f3n visual alcanzada por una producci\u00f3n realizada por un equipo tan reducido.<\/p>\n<p>Seg\u00fan explic\u00f3, al observar el resultado final podr\u00eda pensarse que detr\u00e1s del cortometraje trabaj\u00f3 un equipo de entre 20 y 30 personas, cuando en realidad fueron \u00fanicamente cinco j\u00f3venes los responsables de desarrollar el proyecto.<\/p>\n<p>Para el especialista, el resultado constituye una muestra del potencial creativo y t\u00e9cnico existente entre j\u00f3venes dominicanos que, aun fuera de los esquemas tradicionales de formaci\u00f3n, pueden desarrollar capacidades capaces de competir en escenarios internacionales.<\/p>\n<p>\u00a0<\/p>\n<p>\u00a0<\/p>\n<p>La entrada <a href=\"https:\/\/elnuevodiario.com.do\/joven-dominicano-es-nominado-a-los-motor-film-awards-por-cortometraje-automotriz\/\">Joven dominicano es nominado a los Motor Film Awards por cortometraje automotriz<\/a> se public\u00f3 primero en <a href=\"https:\/\/elnuevodiario.com.do\">El Nuevo Diario (Rep\u00fablica Dominicana)<\/a>.<\/p>\n","protected":false},"excerpt":{"rendered":"EL NUEVO DIARIO, SANTO DOMINGO. \u2013 La pasi\u00f3n por los autom\u00f3viles, la&hellip;\n","protected":false},"author":1,"featured_media":66716,"comment_status":"open","ping_status":"open","sticky":false,"template":"","format":"standard","meta":{"footnotes":""},"categories":[1],"tags":[],"class_list":["post-66715","post","type-post","status-publish","format-standard","has-post-thumbnail","category-nacionales"],"_links":{"self":[{"href":"https:\/\/acronoticias.com\/index.php\/wp-json\/wp\/v2\/posts\/66715","targetHints":{"allow":["GET"]}}],"collection":[{"href":"https:\/\/acronoticias.com\/index.php\/wp-json\/wp\/v2\/posts"}],"about":[{"href":"https:\/\/acronoticias.com\/index.php\/wp-json\/wp\/v2\/types\/post"}],"author":[{"embeddable":true,"href":"https:\/\/acronoticias.com\/index.php\/wp-json\/wp\/v2\/users\/1"}],"replies":[{"embeddable":true,"href":"https:\/\/acronoticias.com\/index.php\/wp-json\/wp\/v2\/comments?post=66715"}],"version-history":[{"count":0,"href":"https:\/\/acronoticias.com\/index.php\/wp-json\/wp\/v2\/posts\/66715\/revisions"}],"wp:featuredmedia":[{"embeddable":true,"href":"https:\/\/acronoticias.com\/index.php\/wp-json\/wp\/v2\/media\/66716"}],"wp:attachment":[{"href":"https:\/\/acronoticias.com\/index.php\/wp-json\/wp\/v2\/media?parent=66715"}],"wp:term":[{"taxonomy":"category","embeddable":true,"href":"https:\/\/acronoticias.com\/index.php\/wp-json\/wp\/v2\/categories?post=66715"},{"taxonomy":"post_tag","embeddable":true,"href":"https:\/\/acronoticias.com\/index.php\/wp-json\/wp\/v2\/tags?post=66715"}],"curies":[{"name":"wp","href":"https:\/\/api.w.org\/{rel}","templated":true}]}}