{"id":66705,"date":"2026-09-01T21:52:45","date_gmt":"2026-09-01T21:52:45","guid":{"rendered":"https:\/\/acronoticias.com\/index.php\/2026\/09\/01\/dos-sacerdotes-celebran-25-anos-al-servicio-de-la-iglesia\/"},"modified":"2026-09-01T21:52:45","modified_gmt":"2026-09-01T21:52:45","slug":"dos-sacerdotes-celebran-25-anos-al-servicio-de-la-iglesia","status":"publish","type":"post","link":"https:\/\/acronoticias.com\/index.php\/2026\/09\/01\/dos-sacerdotes-celebran-25-anos-al-servicio-de-la-iglesia\/","title":{"rendered":"Dos sacerdotes celebran 25 a\u00f1os al servicio de la Iglesia"},"content":{"rendered":"<p><img loading=\"lazy\" decoding=\"async\" width=\"355\" height=\"200\" src=\"https:\/\/nuevodiario-assets.s3.us-east-2.amazonaws.com\/wp-content\/uploads\/2026\/09\/WhatsApp-Image-2026-09-01-at-10.00.31-AM-355x200.jpeg\" class=\"webfeedsFeaturedVisual wp-post-image\" alt=\"\" style=\"display: block;margin-bottom: 5px;clear:both;max-width: 100%\" \/><\/p>\n<p class=\"isSelectedEnd\"><strong>Por Ohelmis S\u00e1nchez<\/strong><\/p>\n<p class=\"isSelectedEnd\"><strong>EL NUEVO DIARIO, BARAHONA .\u2013<\/strong> La Di\u00f3cesis de Barahona celebr\u00f3 con una eucarist\u00eda de acci\u00f3n de gracias los <strong>25 a\u00f1os de ordenaci\u00f3n sacerdotal de los reverendos padres Marco Antonio P\u00e9rez P\u00e9rez y Secilio Espinal Espinal<\/strong>, en el marco de las actividades conmemorativas por el 50 aniversario de la creaci\u00f3n de esta jurisdicci\u00f3n eclesi\u00e1stica.<\/p>\n<p class=\"isSelectedEnd\">La ceremonia, realizada en la <strong>Catedral Nuestra Se\u00f1ora del Rosario<\/strong>, reuni\u00f3 a obispos, sacerdotes, di\u00e1conos, autoridades legislativas, civiles y militares, familiares, amigos y fieles procedentes de distintas comunidades, quienes acompa\u00f1aron a los dos sacerdotes en esta significativa fecha de su trayectoria ministerial.<\/p>\n<p class=\"isSelectedEnd\">La eucarist\u00eda fue presidida por el obispo de Ban\u00ed y administrador apost\u00f3lico de la Di\u00f3cesis de Barahona, <strong>monse\u00f1or Faustino Burgos Brisman<\/strong>, quien destac\u00f3 la perseverancia, fidelidad y entrega de ambos religiosos durante sus 25 a\u00f1os de servicio a la Iglesia y a las comunidades donde han ejercido su ministerio.<\/p>\n<p class=\"isSelectedEnd\">En su reflexi\u00f3n, monse\u00f1or Burgos Brisman afirm\u00f3 que el aniversario constituye una oportunidad para agradecer a Dios por el don de la vocaci\u00f3n sacerdotal y por la fidelidad de quienes han respondido al llamado.<\/p>\n<p class=\"isSelectedEnd\">\u201cA quien el Se\u00f1or llama, lo capacita, les da esa plenitud, ese don, no para guardarlo, sino para ponerlo al servicio de los dem\u00e1s\u201d.<\/p>\n<p class=\"isSelectedEnd\">El prelado resalt\u00f3 que los padres Marco Antonio y Secilio Espinal han atravesado dificultades durante sus procesos de formaci\u00f3n y ministerio, pero han permanecido firmes en la fe y en su compromiso pastoral, afrontando las adversidades con confianza en Dios y \u201cremando de la mano del Se\u00f1or\u201d.<\/p>\n<h3 id=\"\"><img loading=\"lazy\" decoding=\"async\" data-recalc-dims=\"1\" class=\"alignnone size-medium wp-image-3261410\" src=\"https:\/\/i0.wp.com\/nuevodiario-assets.s3.us-east-2.amazonaws.com\/wp-content\/uploads\/2026\/09\/WhatsApp-Image-2026-09-01-at-10.00.31-AM-2-400x267.jpeg?resize=400%2C267&quality=100&ssl=1\" alt=\"\" width=\"400\" height=\"267\" \/><\/h3>\n<h3 id=\"una-vida-marcada-por-la-vocacion\"><strong>Una vida marcada por la vocaci\u00f3n<\/strong><\/h3>\n<p class=\"isSelectedEnd\">El reverendo padre <strong>Marco Antonio P\u00e9rez P\u00e9rez<\/strong>, oriundo de Duverg\u00e9, fue ordenado sacerdote el <strong>11 de agosto de 2001<\/strong>, junto al padre Secilio Espinal Espinal. Desde entonces ha desempe\u00f1ado diversas responsabilidades pastorales y ha desarrollado una importante trayectoria en el \u00e1mbito educativo y universitario.<\/p>\n<p class=\"isSelectedEnd\">Actualmente ejerce como <strong>rector de la Universidad Cat\u00f3lica Tecnol\u00f3gica de Barahona (UCATEBA)<\/strong>.<\/p>\n<p class=\"isSelectedEnd\">Durante su intervenci\u00f3n, P\u00e9rez P\u00e9rez puso especial \u00e9nfasis en la importancia de transmitir a las nuevas generaciones las experiencias relacionadas con la vocaci\u00f3n sacerdotal, como una v\u00eda para ayudar a los j\u00f3venes a identificar y responder al llamado de Dios.<\/p>\n<p class=\"isSelectedEnd\">\u201cCada llamado es \u00fanico e irrepetible\u201d, manifest\u00f3, al considerar que compartir estos testimonios puede contribuir a que los j\u00f3venes \u201cvean el camino, escuchen la voz de Dios que llama y respondan\u201d.<\/p>\n<p class=\"isSelectedEnd\">De su lado, el reverendo padre <strong>Secilio Espinal Espinal<\/strong>, hijo de la Di\u00f3cesis de Barahona, agradeci\u00f3 a Dios por haber sostenido su vocaci\u00f3n durante estos 25 a\u00f1os y reafirm\u00f3 que el sacerdocio trasciende cualquier proyecto individual.<\/p>\n<p class=\"isSelectedEnd\">\u201cEl sacerdocio no es un proyecto personal, sino una iniciativa de Dios\u201d, expres\u00f3, al se\u00f1alar que, despu\u00e9s de un cuarto de siglo de ministerio, contin\u00faa escuchando la voz divina que lo invita a \u201cechar las redes\u201d en su nombre.<\/p>\n<p class=\"isSelectedEnd\">Espinal Espinal tambi\u00e9n ha desarrollado una significativa labor en el \u00e1mbito educativo y universitario. Fue rector de UCATEBA y actualmente se desempe\u00f1a como <strong>rector de la Pontificia Universidad Cat\u00f3lica Madre y Maestra (PUCMM)<\/strong>.<\/p>\n<h3 id=\"amplia-representacion-eclesial-y-academica\"><strong>Amplia representaci\u00f3n eclesial y acad\u00e9mica<\/strong><\/h3>\n<p class=\"isSelectedEnd\">La celebraci\u00f3n cont\u00f3 adem\u00e1s con la presencia de <strong>monse\u00f1or Jos\u00e9 Dolores Grull\u00f3n Estrella<\/strong>, obispo em\u00e9rito de la Di\u00f3cesis de San Juan de la Maguana, y <strong>monse\u00f1or Andr\u00e9s Napole\u00f3n Romero C\u00e1rdenas<\/strong>, obispo de la Di\u00f3cesis de La Vega.<\/p>\n<p class=\"isSelectedEnd\">Entre las personalidades del \u00e1mbito acad\u00e9mico estuvieron el reverendo padre doctor <strong>Isaac Garc\u00eda de la Cruz<\/strong>, rector de la Universidad Cat\u00f3lica Nordestana (UCNE) y presidente de la Asociaci\u00f3n Dominicana de Rectores de Universidades (ADRU); el reverendo padre doctor <strong>Francisco Antonio Jim\u00e9nez Rosario<\/strong>, vicerrector ejecutivo de la Universidad Cat\u00f3lica del Cibao (UCATECI); el maestro <strong>Ram\u00f3n Alberto L\u00f3pez Ynoa<\/strong>, subdirector acad\u00e9mico de la UASD Recinto Barahona, en representaci\u00f3n de su directora general, doctora Ana Luc\u00eda Beltr\u00e9; y el doctor <strong>Radham\u00e9s Silverio Gonz\u00e1lez<\/strong>, acad\u00e9mico de la Universidad Aut\u00f3noma de Santo Domingo (UASD).<\/p>\n<p>La celebraci\u00f3n de los 25 a\u00f1os de sacerdocio de los padres Marco Antonio P\u00e9rez P\u00e9rez y Secilio Espinal Espinal se convirti\u00f3 as\u00ed en un momento de acci\u00f3n de gracias y reconocimiento a dos trayectorias vinculadas estrechamente al servicio pastoral, la educaci\u00f3n y la formaci\u00f3n de nuevas generaciones, dentro de las celebraciones por el <strong>medio siglo de historia de la Di\u00f3cesis de Barahona<\/strong>.<\/p>\n<p>La entrada <a href=\"https:\/\/elnuevodiario.com.do\/dos-sacerdotes-celebran-25-anos-al-servicio-de-la-iglesia\/\">Dos sacerdotes celebran 25 a\u00f1os al servicio de la Iglesia<\/a> se public\u00f3 primero en <a href=\"https:\/\/elnuevodiario.com.do\">El Nuevo Diario (Rep\u00fablica Dominicana)<\/a>.<\/p>\n","protected":false},"excerpt":{"rendered":"Por Ohelmis S\u00e1nchez EL NUEVO DIARIO, BARAHONA .\u2013 La Di\u00f3cesis de Barahona&hellip;\n","protected":false},"author":1,"featured_media":66706,"comment_status":"open","ping_status":"open","sticky":false,"template":"","format":"standard","meta":{"footnotes":""},"categories":[1],"tags":[],"class_list":["post-66705","post","type-post","status-publish","format-standard","has-post-thumbnail","category-nacionales"],"_links":{"self":[{"href":"https:\/\/acronoticias.com\/index.php\/wp-json\/wp\/v2\/posts\/66705","targetHints":{"allow":["GET"]}}],"collection":[{"href":"https:\/\/acronoticias.com\/index.php\/wp-json\/wp\/v2\/posts"}],"about":[{"href":"https:\/\/acronoticias.com\/index.php\/wp-json\/wp\/v2\/types\/post"}],"author":[{"embeddable":true,"href":"https:\/\/acronoticias.com\/index.php\/wp-json\/wp\/v2\/users\/1"}],"replies":[{"embeddable":true,"href":"https:\/\/acronoticias.com\/index.php\/wp-json\/wp\/v2\/comments?post=66705"}],"version-history":[{"count":0,"href":"https:\/\/acronoticias.com\/index.php\/wp-json\/wp\/v2\/posts\/66705\/revisions"}],"wp:featuredmedia":[{"embeddable":true,"href":"https:\/\/acronoticias.com\/index.php\/wp-json\/wp\/v2\/media\/66706"}],"wp:attachment":[{"href":"https:\/\/acronoticias.com\/index.php\/wp-json\/wp\/v2\/media?parent=66705"}],"wp:term":[{"taxonomy":"category","embeddable":true,"href":"https:\/\/acronoticias.com\/index.php\/wp-json\/wp\/v2\/categories?post=66705"},{"taxonomy":"post_tag","embeddable":true,"href":"https:\/\/acronoticias.com\/index.php\/wp-json\/wp\/v2\/tags?post=66705"}],"curies":[{"name":"wp","href":"https:\/\/api.w.org\/{rel}","templated":true}]}}