{"id":66703,"date":"2026-09-01T21:36:36","date_gmt":"2026-09-01T21:36:36","guid":{"rendered":"https:\/\/acronoticias.com\/index.php\/2026\/09\/01\/exsubdirector-del-indrhi-sugiere-conjunto-de-medidas-para-enfrentar-falta-de-agua-por-fuerte-sequia\/"},"modified":"2026-09-01T21:36:36","modified_gmt":"2026-09-01T21:36:36","slug":"exsubdirector-del-indrhi-sugiere-conjunto-de-medidas-para-enfrentar-falta-de-agua-por-fuerte-sequia","status":"publish","type":"post","link":"https:\/\/acronoticias.com\/index.php\/2026\/09\/01\/exsubdirector-del-indrhi-sugiere-conjunto-de-medidas-para-enfrentar-falta-de-agua-por-fuerte-sequia\/","title":{"rendered":"Exsubdirector del Indrhi sugiere conjunto de medidas para enfrentar falta de agua por fuerte sequ\u00eda"},"content":{"rendered":"<p><img loading=\"lazy\" decoding=\"async\" width=\"355\" height=\"200\" src=\"https:\/\/nuevodiario-assets.s3.us-east-2.amazonaws.com\/wp-content\/uploads\/2026\/09\/Exsubdirector-del-Indrhi-sugiere-conjunto-de-medidas-para-enfrentar-falta-de-agua-por-fuerte-sequia-355x200.jpg\" class=\"webfeedsFeaturedVisual wp-post-image\" alt=\"\" style=\"display: block;margin-bottom: 5px;clear:both;max-width: 100%\" \/><\/p>\n<p>EL NUEVO DIARIO, SANTO DOMINGO.\u2013 Un exsubdirector del Instituto Nacional de Recursos Hidr\u00e1ulicos (Indrhi) sugiri\u00f3 a las autoridades adoptar un conjunto de medidas preventivas ante la fuerte crisis de agua potable que afecta a gran parte de la poblaci\u00f3n, producto de la sequ\u00eda provocada por la falta de precipitaciones.<\/p>\n<p>\u201cEl pa\u00eds no hab\u00eda presentado, hasta el mes de junio del a\u00f1o en curso 2026, los problemas extremos de sequ\u00eda por falta de precipitaciones como los que est\u00e1n afectando a Puerto Rico. No obstante, debe verse antes en el espejo de emergencia de ese pa\u00eds insular a causa de la sequ\u00eda\u201d, se\u00f1al\u00f3 el ingeniero Teodoro Tejada.<\/p>\n<p>Record\u00f3 que, en marzo de 2026, el Indrhi inform\u00f3 que las vaguadas de abril de ese a\u00f1o aportaron al Sistema Nacional de Presas 360.47 millones de metros c\u00fabicos, lo que elev\u00f3 las reservas de agua a 1,779.41 millones de metros c\u00fabicos al inicio de mayo de 2026, equivalente al 88.15 % de la capacidad m\u00e1xima nacional.<\/p>\n<p>Por esta raz\u00f3n, Tejada sugiri\u00f3 al Gobierno establecer un plan de control de la sedimentaci\u00f3n de las presas a nivel nacional, debido a que, del 88.15 % de la capacidad m\u00e1xima nacional reportada por el Indrhi, en t\u00e9rminos absolutos, esto significa el 50 % de la capacidad de almacenamiento de los embalses de las presas, debido a que la sedimentaci\u00f3n alcanza el 50 % de su volumen de dise\u00f1o.<\/p>\n<p>Explic\u00f3 que la presa de Valdesia debe ser dragada urgentemente para extraer el alto nivel de sedimentaci\u00f3n que presenta, con el prop\u00f3sito de garantizar la seguridad h\u00eddrica de las comunidades que abastece y asegurar los seis metros c\u00fabicos por segundo de agua para el Gran Santo Domingo y Ban\u00ed, as\u00ed como un metro c\u00fabico por segundo para el acueducto de San Crist\u00f3bal.<\/p>\n<p>\u201cOtro elemento esencial lo constituye la reforestaci\u00f3n de la cuenca hidrogr\u00e1fica del r\u00edo Nizao, el cual abastece cuatro importantes presas a lo largo de su recorrido. Las dos primeras que se construyeron en los a\u00f1os 70 fueron Valdesia y su contraembalse Las Bar\u00edas, inauguradas en 1975\u201d, puntualiz\u00f3 el tambi\u00e9n expresidente del Colegio Dominicano de Ingenieros, Arquitectos y Agrimensores (Codia).<\/p>\n<p>El exsubdirector del Indrhi record\u00f3 que la falta de precipitaciones, producto del fen\u00f3meno de El Ni\u00f1o, que ocurre de manera natural desde hace miles de a\u00f1os, podr\u00eda registrarse entre los episodios m\u00e1s intensos documentados desde 1726.<\/p>\n<p>Martes 1 de septiembre de 2026<\/p>\n<p>La entrada <a href=\"https:\/\/elnuevodiario.com.do\/exsubdirector-del-indrhi-sugiere-conjunto-de-medidas-para-enfrentar-falta-de-agua-por-fuerte-sequia\/\">Exsubdirector del Indrhi sugiere conjunto de medidas para enfrentar falta de agua por fuerte sequ\u00eda<\/a> se public\u00f3 primero en <a href=\"https:\/\/elnuevodiario.com.do\">El Nuevo Diario (Rep\u00fablica Dominicana)<\/a>.<\/p>\n","protected":false},"excerpt":{"rendered":"EL NUEVO DIARIO, SANTO DOMINGO.\u2013 Un exsubdirector del Instituto Nacional de Recursos&hellip;\n","protected":false},"author":1,"featured_media":66704,"comment_status":"open","ping_status":"open","sticky":false,"template":"","format":"standard","meta":{"footnotes":""},"categories":[1],"tags":[],"class_list":["post-66703","post","type-post","status-publish","format-standard","has-post-thumbnail","category-nacionales"],"_links":{"self":[{"href":"https:\/\/acronoticias.com\/index.php\/wp-json\/wp\/v2\/posts\/66703","targetHints":{"allow":["GET"]}}],"collection":[{"href":"https:\/\/acronoticias.com\/index.php\/wp-json\/wp\/v2\/posts"}],"about":[{"href":"https:\/\/acronoticias.com\/index.php\/wp-json\/wp\/v2\/types\/post"}],"author":[{"embeddable":true,"href":"https:\/\/acronoticias.com\/index.php\/wp-json\/wp\/v2\/users\/1"}],"replies":[{"embeddable":true,"href":"https:\/\/acronoticias.com\/index.php\/wp-json\/wp\/v2\/comments?post=66703"}],"version-history":[{"count":0,"href":"https:\/\/acronoticias.com\/index.php\/wp-json\/wp\/v2\/posts\/66703\/revisions"}],"wp:featuredmedia":[{"embeddable":true,"href":"https:\/\/acronoticias.com\/index.php\/wp-json\/wp\/v2\/media\/66704"}],"wp:attachment":[{"href":"https:\/\/acronoticias.com\/index.php\/wp-json\/wp\/v2\/media?parent=66703"}],"wp:term":[{"taxonomy":"category","embeddable":true,"href":"https:\/\/acronoticias.com\/index.php\/wp-json\/wp\/v2\/categories?post=66703"},{"taxonomy":"post_tag","embeddable":true,"href":"https:\/\/acronoticias.com\/index.php\/wp-json\/wp\/v2\/tags?post=66703"}],"curies":[{"name":"wp","href":"https:\/\/api.w.org\/{rel}","templated":true}]}}