{"id":66695,"date":"2026-09-01T21:04:45","date_gmt":"2026-09-01T21:04:45","guid":{"rendered":"https:\/\/acronoticias.com\/index.php\/2026\/09\/01\/padres-de-estudiante-y-comunitarios-piden-al-minerd-intervenir-escuela-en-zambrana\/"},"modified":"2026-09-01T21:04:45","modified_gmt":"2026-09-01T21:04:45","slug":"padres-de-estudiante-y-comunitarios-piden-al-minerd-intervenir-escuela-en-zambrana","status":"publish","type":"post","link":"https:\/\/acronoticias.com\/index.php\/2026\/09\/01\/padres-de-estudiante-y-comunitarios-piden-al-minerd-intervenir-escuela-en-zambrana\/","title":{"rendered":"Padres de estudiante y comunitarios piden al Minerd intervenir escuela en Zambrana"},"content":{"rendered":"<p><img decoding=\"async\" width=\"355\" height=\"200\" src=\"https:\/\/nuevodiario-assets.s3.us-east-2.amazonaws.com\/wp-content\/uploads\/2026\/09\/Denunciantes-355x200.jpeg\" class=\"webfeedsFeaturedVisual wp-post-image\" alt=\"\" style=\"display: block;margin-bottom: 5px;clear:both;max-width: 100%\" loading=\"lazy\" \/><\/p>\n<p>EL NUEVO DIARIO, S\u00c1NCHEZ RAM\u00cdREZ.- Padres y representantes de juntas de vecinos de la comunidad Guardianon, en el distrito municipal de Zambrana, municipio Cotu\u00ed, en S\u00e1nchez Ram\u00edrez, hicieron un llamado este martes a las autoridades del Ministerio de Educaci\u00f3n de Rep\u00fablica Dominicana (Minerd) a intervenir de manera inmediata la infraestructura de la escuela de la localidad, que se encuentra en total deterioro.<\/p>\n<p>El llamado al Minerd lo hizo el presidente de la Junta de Vecinos, Carlos Hern\u00e1ndez Ch\u00e1vez, quien se\u00f1al\u00f3 los problemas de la infraestructura que presenta el centro educativo.<\/p>\n<p><img loading=\"lazy\" decoding=\"async\" data-recalc-dims=\"1\" class=\"alignnone size-full wp-image-3261343\" src=\"https:\/\/i0.wp.com\/nuevodiario-assets.s3.us-east-2.amazonaws.com\/wp-content\/uploads\/2026\/09\/Situacion-escuela.jpeg?resize=640%2C884&quality=100&ssl=1\" alt=\"\" width=\"640\" height=\"884\" \/><\/p>\n<p>Se realiz\u00f3 mediante una comunicaci\u00f3n escrita de manera formal, depositada y debidamente recibida ante las autoridades de Educaci\u00f3n con asiento en Cotu\u00ed.<\/p>\n<p>En su llamado se\u00f1alaron que hace un per\u00edodo de cuatro a\u00f1os que la comunidad con ayuda de las autoridades locales, construyeron varias aulas en madera, las cuales est\u00e1n en total deterioro, a los fines de poder trabajar a plenitud con la capacidad estudiantil de la comunidad, resaltando que hay un aumento poblacional.<\/p>\n<p><a href=\"https:\/\/nuevodiario-assets.s3.us-east-2.amazonaws.com\/wp-content\/uploads\/2026\/09\/Denuncia.mp4\">Denuncia<\/a><\/p>\n<p>Destac\u00f3 que las aulas construidas de manera provisional, aparte de ayudar con el crecimiento estudiantil, tambi\u00e9n hizo posible el desarrollo de la jornada extendida.<\/p>\n<p>Dijeron esperar que el ministro de Educaci\u00f3n, Luis Miguel De Camps, ponga su mirada en esta comunidad y ordene a su equipo especializado hacer los levantamientos y corregir este grave problema.<\/p>\n<p><img loading=\"lazy\" decoding=\"async\" data-recalc-dims=\"1\" class=\"alignnone size-full wp-image-3261351\" src=\"https:\/\/i0.wp.com\/nuevodiario-assets.s3.us-east-2.amazonaws.com\/wp-content\/uploads\/2026\/09\/Escuela.jpeg?resize=576%2C1280&quality=100&ssl=1\" alt=\"\" width=\"576\" height=\"1280\" \/><\/p>\n<p>Cabe destacar que este es uno de los principales pedidos que hace la Asociaci\u00f3n Dominicana de Profesores (ADP) de Cotu\u00ed, en las tantas exigencias que tienen plasmado en su agenda de lucha.<\/p>\n<p>La entrada <a href=\"https:\/\/elnuevodiario.com.do\/padres-de-estudiante-y-comunitarios-piden-al-minerd-intervenir-escuela-en-zambrana\/\">Padres de estudiante y comunitarios piden al Minerd intervenir escuela en Zambrana<\/a> se public\u00f3 primero en <a href=\"https:\/\/elnuevodiario.com.do\">El Nuevo Diario (Rep\u00fablica Dominicana)<\/a>.<\/p>\n","protected":false},"excerpt":{"rendered":"EL NUEVO DIARIO, S\u00c1NCHEZ RAM\u00cdREZ.- Padres y representantes de juntas de vecinos&hellip;\n","protected":false},"author":1,"featured_media":66696,"comment_status":"open","ping_status":"open","sticky":false,"template":"","format":"standard","meta":{"footnotes":""},"categories":[1],"tags":[],"class_list":["post-66695","post","type-post","status-publish","format-standard","has-post-thumbnail","category-nacionales"],"_links":{"self":[{"href":"https:\/\/acronoticias.com\/index.php\/wp-json\/wp\/v2\/posts\/66695","targetHints":{"allow":["GET"]}}],"collection":[{"href":"https:\/\/acronoticias.com\/index.php\/wp-json\/wp\/v2\/posts"}],"about":[{"href":"https:\/\/acronoticias.com\/index.php\/wp-json\/wp\/v2\/types\/post"}],"author":[{"embeddable":true,"href":"https:\/\/acronoticias.com\/index.php\/wp-json\/wp\/v2\/users\/1"}],"replies":[{"embeddable":true,"href":"https:\/\/acronoticias.com\/index.php\/wp-json\/wp\/v2\/comments?post=66695"}],"version-history":[{"count":0,"href":"https:\/\/acronoticias.com\/index.php\/wp-json\/wp\/v2\/posts\/66695\/revisions"}],"wp:featuredmedia":[{"embeddable":true,"href":"https:\/\/acronoticias.com\/index.php\/wp-json\/wp\/v2\/media\/66696"}],"wp:attachment":[{"href":"https:\/\/acronoticias.com\/index.php\/wp-json\/wp\/v2\/media?parent=66695"}],"wp:term":[{"taxonomy":"category","embeddable":true,"href":"https:\/\/acronoticias.com\/index.php\/wp-json\/wp\/v2\/categories?post=66695"},{"taxonomy":"post_tag","embeddable":true,"href":"https:\/\/acronoticias.com\/index.php\/wp-json\/wp\/v2\/tags?post=66695"}],"curies":[{"name":"wp","href":"https:\/\/api.w.org\/{rel}","templated":true}]}}