{"id":66693,"date":"2026-09-01T20:49:09","date_gmt":"2026-09-01T20:49:09","guid":{"rendered":"https:\/\/acronoticias.com\/index.php\/2026\/09\/01\/red-de-trabajadores-de-la-cultura-realizara-recital-poetico-en-solidaridad-con-cuba\/"},"modified":"2026-09-01T20:49:09","modified_gmt":"2026-09-01T20:49:09","slug":"red-de-trabajadores-de-la-cultura-realizara-recital-poetico-en-solidaridad-con-cuba","status":"publish","type":"post","link":"https:\/\/acronoticias.com\/index.php\/2026\/09\/01\/red-de-trabajadores-de-la-cultura-realizara-recital-poetico-en-solidaridad-con-cuba\/","title":{"rendered":"Red de Trabajadores de la Cultura realizar\u00e1 Recital Po\u00e9tico en Solidaridad con Cuba"},"content":{"rendered":"<p><img loading=\"lazy\" decoding=\"async\" width=\"355\" height=\"200\" src=\"https:\/\/nuevodiario-assets.s3.us-east-2.amazonaws.com\/wp-content\/uploads\/2026\/09\/Ramon-Tejeda-Read-Foto-Red-de-Trabajadores-de-la-Cultura-355x200.jpeg\" class=\"webfeedsFeaturedVisual wp-post-image\" alt=\"\" style=\"display: block;margin-bottom: 5px;clear:both;max-width: 100%\" \/><\/p>\n<p>EL NUEVO DIARIO, SANTO DOMINGO.- La Red Nacional de Trabajadores de la Cultura y el equipo coordinador del Recital Po\u00e9tico en Solidaridad con Cuba convocaron a la poblaci\u00f3n a asistir al Recital L\u00edrico Po\u00e9tico en Solidaridad con el Pueblo de Cuba, que se realizar\u00e1 en el Paraninfo de la Facultad de Humanidades de la UASD.<\/p>\n<p>En el Recital, que se realizar\u00e1 el 8 de septiembre, en horario de 5:00 a 7:00 de la tarde, participar\u00e1n importantes artistas y poetas nacionales quienes recitar\u00e1n poemas y cantar\u00e1n a la solidaridad con el pueblo cubano.<\/p>\n<p>Mediante un comunicado, los organizadores detallaron que \u201cla expresi\u00f3n de amor y solidaridad con la patria de Jos\u00e9 Mart\u00ed, en este momento cr\u00edtico de su Historia\u201d, est\u00e1 siendo coordinada por la Red Nacional de Trabajadores de la Cultura y por los poetas V\u00edctor Salda\u00f1a, Julio Cuevas, Ram\u00f3n Tejeda Read y Luis Tom\u00e1s Oviedo Pe\u00f1a.<\/p>\n<p>Entre los artistas que han confirmado su participaci\u00f3n est\u00e1n Juan Freddy Armando, Lissette Vega de Purcell, Luis Carvajal, Luis Tom\u00e1s Oviedo Pe\u00f1a, Pablo Reyes, el poeta y pintor Eladio de los Santos, C\u00e9sar S\u00e1nchez Beras y el cantautor F\u00e9lix Ram\u00edrez Sep\u00falveda.<\/p>\n<p>Tambi\u00e9n la pintora y pianista M\u00e1delin Mart\u00ednez, el cineasta y poeta \u00c1ngel Ruiz Baz\u00e1n, Ernesto Vantroy, Rafael Pineda, Jos\u00e9 Miguel Gonz\u00e1lez Rossi, Lorenzo Araujo, Gladys Almonte, Carlos S\u00e1nchez y Pablo Henr\u00edquez Severino.<\/p>\n<p>De igual modo, Dilando S\u00e1nchez, Domingo Acevedo, Juan Galv\u00e1n, V\u00edctor Salda\u00f1a, Ram\u00f3n Tejeda Read, Julio Cuevas, y todos los artistas que quieran unir sus nombres \u201ca la lista de la solidaridad con la patria bloqueada y agredida de Jos\u00e9 Mart\u00ed\u201d.<\/p>\n<p>ADDP\/<\/p>\n<p>La entrada <a href=\"https:\/\/elnuevodiario.com.do\/red-de-trabajadores-de-la-cultura-realizara-recital-poetico-en-solidaridad-con-cuba\/\">Red de Trabajadores de la Cultura realizar\u00e1 Recital Po\u00e9tico en Solidaridad con Cuba<\/a> se public\u00f3 primero en <a href=\"https:\/\/elnuevodiario.com.do\">El Nuevo Diario (Rep\u00fablica Dominicana)<\/a>.<\/p>\n","protected":false},"excerpt":{"rendered":"EL NUEVO DIARIO, SANTO DOMINGO.- La Red Nacional de Trabajadores de la&hellip;\n","protected":false},"author":1,"featured_media":66694,"comment_status":"open","ping_status":"open","sticky":false,"template":"","format":"standard","meta":{"footnotes":""},"categories":[1],"tags":[],"class_list":["post-66693","post","type-post","status-publish","format-standard","has-post-thumbnail","category-nacionales"],"_links":{"self":[{"href":"https:\/\/acronoticias.com\/index.php\/wp-json\/wp\/v2\/posts\/66693","targetHints":{"allow":["GET"]}}],"collection":[{"href":"https:\/\/acronoticias.com\/index.php\/wp-json\/wp\/v2\/posts"}],"about":[{"href":"https:\/\/acronoticias.com\/index.php\/wp-json\/wp\/v2\/types\/post"}],"author":[{"embeddable":true,"href":"https:\/\/acronoticias.com\/index.php\/wp-json\/wp\/v2\/users\/1"}],"replies":[{"embeddable":true,"href":"https:\/\/acronoticias.com\/index.php\/wp-json\/wp\/v2\/comments?post=66693"}],"version-history":[{"count":0,"href":"https:\/\/acronoticias.com\/index.php\/wp-json\/wp\/v2\/posts\/66693\/revisions"}],"wp:featuredmedia":[{"embeddable":true,"href":"https:\/\/acronoticias.com\/index.php\/wp-json\/wp\/v2\/media\/66694"}],"wp:attachment":[{"href":"https:\/\/acronoticias.com\/index.php\/wp-json\/wp\/v2\/media?parent=66693"}],"wp:term":[{"taxonomy":"category","embeddable":true,"href":"https:\/\/acronoticias.com\/index.php\/wp-json\/wp\/v2\/categories?post=66693"},{"taxonomy":"post_tag","embeddable":true,"href":"https:\/\/acronoticias.com\/index.php\/wp-json\/wp\/v2\/tags?post=66693"}],"curies":[{"name":"wp","href":"https:\/\/api.w.org\/{rel}","templated":true}]}}