{"id":66691,"date":"2026-09-01T20:33:21","date_gmt":"2026-09-01T20:33:21","guid":{"rendered":"https:\/\/acronoticias.com\/index.php\/2026\/09\/01\/presidente-abinader-exhorta-a-147-nuevos-servidores-publicos-a-servir-al-pais\/"},"modified":"2026-09-01T20:33:21","modified_gmt":"2026-09-01T20:33:21","slug":"presidente-abinader-exhorta-a-147-nuevos-servidores-publicos-a-servir-al-pais","status":"publish","type":"post","link":"https:\/\/acronoticias.com\/index.php\/2026\/09\/01\/presidente-abinader-exhorta-a-147-nuevos-servidores-publicos-a-servir-al-pais\/","title":{"rendered":"Presidente Abinader exhorta a 147 nuevos servidores p\u00fablicos a servir al pa\u00eds"},"content":{"rendered":"<p><img decoding=\"async\" width=\"355\" height=\"200\" src=\"https:\/\/nuevodiario-assets.s3.us-east-2.amazonaws.com\/wp-content\/uploads\/2026\/09\/Presidente-Abinader-Foto-Fuente-Externa-355x200.jpeg\" class=\"webfeedsFeaturedVisual wp-post-image\" alt=\"\" style=\"display: block;margin-bottom: 5px;clear:both;max-width: 100%\" loading=\"lazy\" \/><\/p>\n<p>EL NUEVO DIARIO, SANTO DOMINGO. \u2013 El presidente Luis Abinader encabez\u00f3 este martes la graduaci\u00f3n de 147 servidores p\u00fablicos, 80 mujeres y 67 hombres, correspondientes a la segunda cohorte de la Maestr\u00eda en Gesti\u00f3n P\u00fablica y Gobernanza, iniciativa impulsada por el mandatario a trav\u00e9s del Instituto Nacional de Administraci\u00f3n P\u00fablica (INAP) e impartida por la Universidad Aut\u00f3noma de Santo Domingo (UASD), para fortalecer la formaci\u00f3n y profesionalizaci\u00f3n del servicio p\u00fablico.<\/p>\n<p>La Maestr\u00eda en Gesti\u00f3n P\u00fablica y Gobernanza es una iniciativa impulsada por el presidente Luis Abinader para fortalecer la profesionalizaci\u00f3n y las capacidades de los servidores p\u00fablicos. Con los 147 graduados de esta ceremonia y los 199 investidos previamente de la misma cohorte, el programa alcanza un total de 346 profesionales formados.<\/p>\n<p>En el mismo acto, la UASD invisti\u00f3 a 37 profesionales de la Maestr\u00eda en Procesos Pedag\u00f3gicos y Gesti\u00f3n de la Educaci\u00f3n Infantil, quienes ampliaron sus conocimientos y competencias para contribuir al fortalecimiento de la educaci\u00f3n en la primera infancia en la Rep\u00fablica Dominicana.<\/p>\n<figure id=\"attachment_3261242\" aria-describedby=\"caption-attachment-3261242\" style=\"width: 1280px\" class=\"wp-caption alignnone\"><img loading=\"lazy\" decoding=\"async\" data-recalc-dims=\"1\" class=\"size-full wp-image-3261242\" src=\"https:\/\/i0.wp.com\/nuevodiario-assets.s3.us-east-2.amazonaws.com\/wp-content\/uploads\/2026\/09\/El-presidente-Luis-Abinader-encabezo-la-graduacion-de-147-servidores-publicos-Foto-Fuente-Externa.jpeg?resize=640%2C427&quality=100&ssl=1\" alt=\"\" width=\"640\" height=\"427\" \/><figcaption id=\"caption-attachment-3261242\" class=\"wp-caption-text\"><strong>El presidente Luis Abinader encabez\u00f3 la graduaci\u00f3n de 147 servidores p\u00fablicos (Foto: Fuente Externa)<\/strong><\/figcaption><\/figure>\n<p>Durante la ceremonia, celebrada en el Aula Magna de la UASD, el mandatario exhort\u00f3 a los graduandos a poner los conocimientos adquiridos al servicio de la ciudadan\u00eda y ejercer sus funciones con \u00e9tica, transparencia y honestidad, valores que consider\u00f3 fundamentales para asumir con responsabilidad el servicio p\u00fablico. \u201cLa primera virtud que debe tener un funcionario p\u00fablico es la transparencia, la honestidad y despu\u00e9s vienen las otras\u201d, manifest\u00f3.<\/p>\n<figure id=\"attachment_3261241\" aria-describedby=\"caption-attachment-3261241\" style=\"width: 1280px\" class=\"wp-caption alignnone\"><img loading=\"lazy\" decoding=\"async\" data-recalc-dims=\"1\" class=\"size-full wp-image-3261241\" src=\"https:\/\/i0.wp.com\/nuevodiario-assets.s3.us-east-2.amazonaws.com\/wp-content\/uploads\/2026\/09\/El-presidente-Luis-Abinader-encabezo-la-graduacion-de-147-servidores-publicos-Foto-Fuente-Externa-2.jpeg?resize=640%2C495&quality=100&ssl=1\" alt=\"\" width=\"640\" height=\"495\" \/><figcaption id=\"caption-attachment-3261241\" class=\"wp-caption-text\"><strong>El presidente Luis Abinader encabez\u00f3 la graduaci\u00f3n de 147 servidores p\u00fablicos (Foto Fuente Externa)<\/strong><\/figcaption><\/figure>\n<p>El mandatario afirm\u00f3 que la transformaci\u00f3n del pa\u00eds no depende \u00fanicamente de las grandes decisiones de un presidente o de un Gobierno, sino tambi\u00e9n de las miles de decisiones que toman cada d\u00eda servidores p\u00fablicos responsables, preparados y honestos y resalt\u00f3 que la promoci\u00f3n est\u00e1 integrada por servidores p\u00fablicos de distintas regiones del pa\u00eds y se\u00f1al\u00f3 que las oportunidades de preparaci\u00f3n y crecimiento profesional no deben concentrarse en Santo Domingo.<\/p>\n<p><img decoding=\"async\" data-recalc-dims=\"1\" loading=\"lazy\" class=\"alignnone size-full wp-image-3261249\" src=\"https:\/\/i0.wp.com\/nuevodiario-assets.s3.us-east-2.amazonaws.com\/wp-content\/uploads\/2026\/09\/El-presidente-Luis-Abinader-encabezo-la-graduacion-de-147-servidores-publicos-Foto-Fuente-Externa-4.jpeg?resize=640%2C427&quality=100&ssl=1\" alt=\"\" width=\"640\" height=\"427\" \/><\/p>\n<p>En ese sentido, indic\u00f3 que el programa ha llegado a provincias como Santiago, La Altagracia, Duarte, San Juan de la Maguana, Salcedo, San Pedro de Macor\u00eds y La Romana, entre otras, bajo la premisa de que donde existe una instituci\u00f3n p\u00fablica tambi\u00e9n deben existir servidores capacitados para responder a las necesidades de la poblaci\u00f3n.<\/p>\n<p><a href=\"https:\/\/nuevodiario-assets.s3.us-east-2.amazonaws.com\/wp-content\/uploads\/2026\/09\/El-presidente-Luis-Abinader-encabezo-la-graduacion-de-147-servidores-publicos-Video-Fuente-Externa-2.mp4\">El presidente Luis Abinader encabez\u00f3 la graduaci\u00f3n de 147 servidores p\u00fablicos (Video Fuente Externa) (2)<\/a><\/p>\n<p>Abinader inform\u00f3 que a finales de a\u00f1o otros 500 servidores p\u00fablicos iniciar\u00e1n esta maestr\u00eda, con formaci\u00f3n en \u00e1reas como transformaci\u00f3n digital, gesti\u00f3n y evaluaci\u00f3n de proyectos, recursos humanos y finanzas p\u00fablicas. Asimismo, felicit\u00f3 a los graduandos por el esfuerzo realizado para completar el programa y afirm\u00f3 que su prop\u00f3sito trasciende la obtenci\u00f3n de un t\u00edtulo acad\u00e9mico. \u201cSe han preparado mejor para poder servir mejor\u201d, expres\u00f3.<\/p>\n<p>El presidente exhort\u00f3 a los nuevos profesionales a convertirse en agentes de cambio en sus instituciones, provincias y comunidades, mediante la aplicaci\u00f3n de los conocimientos adquiridos para simplificar procesos, aprovechar la tecnolog\u00eda, administrar los recursos con rigor y mejorar los servicios p\u00fablicos.<\/p>\n<p><a href=\"https:\/\/nuevodiario-assets.s3.us-east-2.amazonaws.com\/wp-content\/uploads\/2026\/09\/El-presidente-Luis-Abinader-encabezo-la-graduacion-de-147-servidores-publicos-Video-Fuente-Externa.mp4\">El presidente Luis Abinader encabez\u00f3 la graduaci\u00f3n de 147 servidores p\u00fablicos (Video Fuente Externa)<\/a><\/p>\n<p>\u201cTrabajamos para la gente. Ese es el sentido profundo del servicio p\u00fablico\u201d, afirm\u00f3, al recordar que detr\u00e1s de cada expediente existe una persona y que detr\u00e1s de cada decisi\u00f3n p\u00fablica hay recursos que pertenecen a todos los dominicanos.<\/p>\n<p><strong>UASD destaca compromiso con el servicio p\u00fablico<\/strong><\/p>\n<p>El rector de la Universidad Aut\u00f3noma de Santo Domingo (UASD), doctor Jorge Asjana, felicit\u00f3 a los graduandos por alcanzar un nuevo grado acad\u00e9mico y, especialmente, por haber elegido la Gesti\u00f3n P\u00fablica y Gobernanza como \u00e1rea de formaci\u00f3n, al destacar que esta decisi\u00f3n refleja su vocaci\u00f3n de servicio y compromiso con la sociedad, al entender la funci\u00f3n p\u00fablica como una responsabilidad que demanda preparaci\u00f3n, honestidad, capacidad y \u00e9tica.<\/p>\n<p>Asjana llam\u00f3 a los maestrantes a poner sus conocimientos al servicio de la transformaci\u00f3n del Estado y del pa\u00eds, y les pidi\u00f3 asumir sus responsabilidades con compromiso, recordar sus ra\u00edces y llevar con orgullo el prestigio de ser egresados de la UASD.<\/p>\n<p><strong>Educaci\u00f3n para fortalecer el Estado<\/strong><\/p>\n<p>De su lado, el director del Instituto Nacional de Administraci\u00f3n P\u00fablica (INAP), Gregorio Montero Montero, destac\u00f3 que la educaci\u00f3n constituye una herramienta fundamental para fortalecer el Estado y la institucionalidad p\u00fablica, al contribuir a la generaci\u00f3n de conocimientos y a la transformaci\u00f3n de conductas.<\/p>\n<p>Record\u00f3 que hace seis meses se realiz\u00f3 una primera ceremonia en la que fueron investidos 199 maestrantes de esta cohorte, mientras que en esta ocasi\u00f3n se incorporan otros 147 graduados de la Maestr\u00eda en Gesti\u00f3n P\u00fablica y Gobernanza, desarrollada mediante acuerdos entre el INAP, el Ministerio de Administraci\u00f3n P\u00fablica (MAP) y la UASD. Les dijo a los nuevos profesionales aque deben de aplicar los conocimientos y experiencias adquiridos en sus instituciones, en el Gobierno y en el pa\u00eds, con el objetivo de contribuir a mejorar la calidad de los servicios p\u00fablicos y la calidad de vida de los ciudadanos.<\/p>\n<p><strong>Agradece al presidente por la profesionalizaci\u00f3n del servicio p\u00fablico<\/strong><\/p>\n<p>En representaci\u00f3n de la primera cohorte de la Maestr\u00eda en Gesti\u00f3n P\u00fablica y Gobernanza, menci\u00f3n Innovaci\u00f3n y Transformaci\u00f3n Digital, el graduando Cecilio Alberto Mej\u00eda agradeci\u00f3 a las autoridades por impulsar la profesionalizaci\u00f3n del servicio p\u00fablico y al presidente Luis Abinader por su visi\u00f3n y respaldo al programa.<\/p>\n<p>Destac\u00f3 que durante los dos a\u00f1os de formaci\u00f3n adquirieron conocimientos y herramientas para fortalecer la gesti\u00f3n p\u00fablica y contribuir a la transformaci\u00f3n de las instituciones.<\/p>\n<p><strong>Cuatro \u00e1reas de especializaci\u00f3n<\/strong><\/p>\n<p>La Maestr\u00eda en Gesti\u00f3n P\u00fablica y Gobernanza fue estructurada en cuatro menciones: Gesti\u00f3n de Finanzas P\u00fablicas, Innovaci\u00f3n y Transformaci\u00f3n Digital, Gesti\u00f3n de Recursos Humanos y Gesti\u00f3n y Evaluaci\u00f3n de Proyectos, orientadas a fortalecer las competencias t\u00e9cnicas y estrat\u00e9gicas de los servidores p\u00fablicos para una administraci\u00f3n m\u00e1s eficiente y moderna.<\/p>\n<p>Estuvieron presentes el presidente del Senado Ricardo de los Santos; los ministros de Administraci\u00f3n P\u00fablica, Sigmund Freund, y de Educaci\u00f3n Superior, Ciencia y Tecnolog\u00eda, Rafael Santos Bad\u00eda; as\u00ed como los vicerrectores de la UASD Rosel Fern\u00e1ndez, Docente; Antonio Ciriaco Cruz, Administrativo; Juana M. Encarnaci\u00f3n, de Investigaci\u00f3n y Postgrado; y Gerardo Roa Ogando, de Extensi\u00f3n, entre otras personalidades.<\/p>\n<p>ENV\/<\/p>\n<p>La entrada <a href=\"https:\/\/elnuevodiario.com.do\/presidente-abinader-llama-a-147-servidores-publicos-graduados-a-poner-sus-conocimientos-al-servicio-de-la-ciudadania\/\">Presidente Abinader exhorta a 147 nuevos servidores p\u00fablicos a servir al pa\u00eds<\/a> se public\u00f3 primero en <a href=\"https:\/\/elnuevodiario.com.do\">El Nuevo Diario (Rep\u00fablica Dominicana)<\/a>.<\/p>\n","protected":false},"excerpt":{"rendered":"EL NUEVO DIARIO, SANTO DOMINGO. \u2013 El presidente Luis Abinader encabez\u00f3 este&hellip;\n","protected":false},"author":1,"featured_media":66692,"comment_status":"open","ping_status":"open","sticky":false,"template":"","format":"standard","meta":{"footnotes":""},"categories":[1],"tags":[],"class_list":["post-66691","post","type-post","status-publish","format-standard","has-post-thumbnail","category-nacionales"],"_links":{"self":[{"href":"https:\/\/acronoticias.com\/index.php\/wp-json\/wp\/v2\/posts\/66691","targetHints":{"allow":["GET"]}}],"collection":[{"href":"https:\/\/acronoticias.com\/index.php\/wp-json\/wp\/v2\/posts"}],"about":[{"href":"https:\/\/acronoticias.com\/index.php\/wp-json\/wp\/v2\/types\/post"}],"author":[{"embeddable":true,"href":"https:\/\/acronoticias.com\/index.php\/wp-json\/wp\/v2\/users\/1"}],"replies":[{"embeddable":true,"href":"https:\/\/acronoticias.com\/index.php\/wp-json\/wp\/v2\/comments?post=66691"}],"version-history":[{"count":0,"href":"https:\/\/acronoticias.com\/index.php\/wp-json\/wp\/v2\/posts\/66691\/revisions"}],"wp:featuredmedia":[{"embeddable":true,"href":"https:\/\/acronoticias.com\/index.php\/wp-json\/wp\/v2\/media\/66692"}],"wp:attachment":[{"href":"https:\/\/acronoticias.com\/index.php\/wp-json\/wp\/v2\/media?parent=66691"}],"wp:term":[{"taxonomy":"category","embeddable":true,"href":"https:\/\/acronoticias.com\/index.php\/wp-json\/wp\/v2\/categories?post=66691"},{"taxonomy":"post_tag","embeddable":true,"href":"https:\/\/acronoticias.com\/index.php\/wp-json\/wp\/v2\/tags?post=66691"}],"curies":[{"name":"wp","href":"https:\/\/api.w.org\/{rel}","templated":true}]}}