{"id":66687,"date":"2026-09-01T20:21:55","date_gmt":"2026-09-01T20:21:55","guid":{"rendered":"https:\/\/acronoticias.com\/index.php\/2026\/09\/01\/mexico-captura-a-presunto-implicado-en-el-atentado-con-carro-bomba-en-zacatecas\/"},"modified":"2026-09-01T20:21:55","modified_gmt":"2026-09-01T20:21:55","slug":"mexico-captura-a-presunto-implicado-en-el-atentado-con-carro-bomba-en-zacatecas","status":"publish","type":"post","link":"https:\/\/acronoticias.com\/index.php\/2026\/09\/01\/mexico-captura-a-presunto-implicado-en-el-atentado-con-carro-bomba-en-zacatecas\/","title":{"rendered":"M\u00e9xico captura a presunto implicado en el atentado con carro bomba en Zacatecas"},"content":{"rendered":"<div id=\"nota-texto\">\n<p><strong><a href=\"https:\/\/noticiassin.com\/tag\/ciudad-de-mexico\/\" class=\"nsin-auto-tag-link\">Ciudad de M\u00e9xico<\/a><\/strong>.\u2013 Autoridades mexicanas detuvieron a una persona presuntamente implicada en el ataque con un veh\u00edculo cargado de explosivos contra la Comandancia de la Polic\u00eda Municipal de <strong>Ojocaliente<\/strong>, en el c\u00e9ntrico estado de <strong>Zacatecas<\/strong>, seg\u00fan confirm\u00f3 el secretario general de Gobierno de la entidad, <strong>Rodrigo Reyes Mug\u00fcerza<\/strong>.<\/p>\n<p>La aprehensi\u00f3n ocurri\u00f3 como parte de los despliegues de las fuerzas de seguridad estatales y federales tras el ataque en <strong>Ojocaliente<\/strong>.<\/p>\n<p>La explosi\u00f3n se produjo horas despu\u00e9s de la captura en el municipio de <strong>Villa Garc\u00eda<\/strong> de <strong>William Ariel<\/strong> \u2018N\u2019, un joven de 18 a\u00f1os originario de <strong>Aguascalientes<\/strong>, a quien las autoridades identificaron como presunto sicario del <strong><a href=\"https:\/\/noticiassin.com\/tag\/cartel-jalisco-nueva-generacion\/\" class=\"nsin-auto-tag-link\">C\u00e1rtel Jalisco Nueva Generaci\u00f3n<\/a><\/strong> (<strong>CJNG<\/strong>) y responsable de detonar una motocicleta cargada con explosivos al paso de una patrulla.<\/p>\n<h2 id=\"saldo-de-heridos-en-ojocaliente\" class=\"wp-block-heading\">Saldo de heridos en Ojocaliente<\/h2>\n<p>El atentado con el carro bomba dej\u00f3 un saldo de al menos 10 personas heridas, dos de ellas en estado grave, entre agentes de las corporaciones y civiles, seg\u00fan detall\u00f3 en entrevista radiof\u00f3nica el fiscal general del estado de <strong>Zacatecas<\/strong>, <strong>Cristian Paul Camacho<\/strong>.<\/p>\n<p>El titular de la fiscal\u00eda estatal explic\u00f3 que la agresi\u00f3n armada contra la sede policial involucr\u00f3 un artefacto explosivo improvisado, compuesto por un tubo de metal con p\u00f3lvora comprimida, instalado en un veh\u00edculo con reporte de robo desde abril de 2026 en el vecino estado de <strong>Jalisco<\/strong>.<\/p>\n<div class=\"nbs-subscribe-box \">\n<p>Suscribete al newsletter de Noticias SIN<\/p>\n<\/div>\n<p>Los reportes e investigaciones iniciales de las autoridades se\u00f1alan que el atentado habr\u00eda sido orquestado por sicarios del <strong>CJNG<\/strong> como un acto de represalia directo tras la detenci\u00f3n previa de William Ariel \u2018N\u2019 en la zona lim\u00edtrofe con <strong>Aguascalientes<\/strong>.<\/p>\n<h2 id=\"investigacion-y-refuerzo-federal\" class=\"wp-block-heading\">Investigaci\u00f3n y refuerzo federal<\/h2>\n<p>Ante la gravedad de los hechos, el Gabinete de Seguridad del Gobierno mexicano inform\u00f3 que instituciones como la <strong>Secretar\u00eda de Seguridad<\/strong>, <strong>Defensa<\/strong>, la <strong>Marina<\/strong>, la <strong><a href=\"https:\/\/noticiassin.com\/tag\/guardia-nacional\/\" class=\"nsin-auto-tag-link\">Guardia Nacional<\/a><\/strong> y la <strong>FGR<\/strong> colaboran activamente con las autoridades locales para esclarecer el ataque y reforzar el operativo de protecci\u00f3n a la ciudadan\u00eda.<\/p>\n<p>Por su parte, <strong>Reyes Mug\u00fcerza<\/strong> reafirm\u00f3, a trav\u00e9s de un mensaje oficial, el compromiso de las instituciones de seguridad en la contenci\u00f3n de los grupos criminales que disputan el control territorial en la regi\u00f3n.<\/p>\n<p>El uso de estos artefactos marca un peligroso repunte en las t\u00e1cticas de la delincuencia organizada en <strong>Zacatecas<\/strong>, un estado clave para las rutas del narcotr\u00e1fico hacia el norte del pa\u00eds, donde el <strong>CJNG<\/strong> mantiene una cruenta disputa territorial con el <strong>Cartel del Pac\u00edfico<\/strong>.<\/p>\n<\/div>\n","protected":false},"excerpt":{"rendered":"Ciudad de M\u00e9xico.\u2013 Autoridades mexicanas detuvieron a una persona presuntamente implicada en&hellip;\n","protected":false},"author":1,"featured_media":66688,"comment_status":"open","ping_status":"open","sticky":false,"template":"","format":"standard","meta":{"footnotes":""},"categories":[3],"tags":[],"class_list":["post-66687","post","type-post","status-publish","format-standard","has-post-thumbnail","category-internacionales"],"_links":{"self":[{"href":"https:\/\/acronoticias.com\/index.php\/wp-json\/wp\/v2\/posts\/66687","targetHints":{"allow":["GET"]}}],"collection":[{"href":"https:\/\/acronoticias.com\/index.php\/wp-json\/wp\/v2\/posts"}],"about":[{"href":"https:\/\/acronoticias.com\/index.php\/wp-json\/wp\/v2\/types\/post"}],"author":[{"embeddable":true,"href":"https:\/\/acronoticias.com\/index.php\/wp-json\/wp\/v2\/users\/1"}],"replies":[{"embeddable":true,"href":"https:\/\/acronoticias.com\/index.php\/wp-json\/wp\/v2\/comments?post=66687"}],"version-history":[{"count":0,"href":"https:\/\/acronoticias.com\/index.php\/wp-json\/wp\/v2\/posts\/66687\/revisions"}],"wp:featuredmedia":[{"embeddable":true,"href":"https:\/\/acronoticias.com\/index.php\/wp-json\/wp\/v2\/media\/66688"}],"wp:attachment":[{"href":"https:\/\/acronoticias.com\/index.php\/wp-json\/wp\/v2\/media?parent=66687"}],"wp:term":[{"taxonomy":"category","embeddable":true,"href":"https:\/\/acronoticias.com\/index.php\/wp-json\/wp\/v2\/categories?post=66687"},{"taxonomy":"post_tag","embeddable":true,"href":"https:\/\/acronoticias.com\/index.php\/wp-json\/wp\/v2\/tags?post=66687"}],"curies":[{"name":"wp","href":"https:\/\/api.w.org\/{rel}","templated":true}]}}