{"id":66681,"date":"2026-09-01T19:42:36","date_gmt":"2026-09-01T19:42:36","guid":{"rendered":"https:\/\/acronoticias.com\/index.php\/2026\/09\/01\/comunitarios-encadenan-escuela-en-reclamo-de-aulas-y-cancha-deportiva-en-mella-independencia\/"},"modified":"2026-09-01T19:42:36","modified_gmt":"2026-09-01T19:42:36","slug":"comunitarios-encadenan-escuela-en-reclamo-de-aulas-y-cancha-deportiva-en-mella-independencia","status":"publish","type":"post","link":"https:\/\/acronoticias.com\/index.php\/2026\/09\/01\/comunitarios-encadenan-escuela-en-reclamo-de-aulas-y-cancha-deportiva-en-mella-independencia\/","title":{"rendered":"Comunitarios encadenan escuela en reclamo de aulas y cancha deportiva en Mella, Independencia"},"content":{"rendered":"<p><img decoding=\"async\" width=\"355\" height=\"200\" src=\"https:\/\/nuevodiario-assets.s3.us-east-2.amazonaws.com\/wp-content\/uploads\/2026\/09\/Comunitarios-encadenan-escuela-en-reclamo-de-aulas-y-cancha-deportiva-en-Mella-Independencia-2-355x200.jpg\" class=\"webfeedsFeaturedVisual wp-post-image\" alt=\"\" style=\"display: block;margin-bottom: 5px;clear:both;max-width: 100%\" loading=\"lazy\" \/><\/p>\n<p>EL NUEVO DIARIO, INDEPENDENCIA.- Padres, madres y comunitarios mantuvieron este martes encadenada la puerta principal de la escuela Juan De la Rosa Heredia en demanda de la construcci\u00f3n de nuevas aulas, readecuaci\u00f3n y una cancha deportiva para el centro educativo en la comunidad El Jap\u00f3n, en el municipio de Mella, provincia Independencia.<\/p>\n<p>La protesta es encabezada por la Asociaci\u00f3n de Padres, Madres y Amigos de la Escuela (Apmae) y la junta de vecinos del sector, cuyos integrantes iniciaron una vigilia por tiempo indefinido desde el lunes e impiden el acceso del personal docente, por lo que califican como inadecuadas las condiciones del plantel ante la falta de ventilaci\u00f3n, cobertura con planchuelas de zinc e impartici\u00f3n de educaci\u00f3n f\u00edsica a la intemperie en medio del lodo.<\/p>\n<p>Los manifestantes reclaman al Ministerio de Educaci\u00f3n (Minerd) la construcci\u00f3n de aulas para mejorar las condiciones en que reciben docencia los estudiantes y la habilitaci\u00f3n de una cancha deportiva dentro del centro para que los ni\u00f1os reciban una educaci\u00f3n digna.<\/p>\n<p><a href=\"https:\/\/nuevodiario-assets.s3.us-east-2.amazonaws.com\/wp-content\/uploads\/2026\/09\/Comunitarios-encadenan-escuela-en-reclamo-de-aulas-y-cancha-deportiva-en-Mella-Independencia.-Foto-Willy-Guzman.mp4\">Comunitarios encadenan escuela en reclamo de aulas y cancha deportiva en Mella, Independencia. (Video: Willy Guzm\u00e1n).<\/a><\/p>\n<p>Los comunitarios advirtieron que mantendr\u00e1n la escuela cerrada y no permitir\u00e1n el inicio de las actividades acad\u00e9micas hasta recibir una respuesta concreta y por escrito de las autoridades educativas.<\/p>\n<figure id=\"attachment_3261112\" aria-describedby=\"caption-attachment-3261112\" style=\"width: 1200px\" class=\"wp-caption alignnone\"><img loading=\"lazy\" decoding=\"async\" data-recalc-dims=\"1\" class=\"size-full wp-image-3261112\" src=\"https:\/\/i0.wp.com\/nuevodiario-assets.s3.us-east-2.amazonaws.com\/wp-content\/uploads\/2026\/09\/Comunitarios-encadenan-escuela-en-reclamo-de-aulas-y-cancha-deportiva-en-Mella-Independencia.jpg?resize=640%2C853&quality=100&ssl=1\" alt=\"\" width=\"640\" height=\"853\" \/><figcaption id=\"caption-attachment-3261112\" class=\"wp-caption-text\"><strong>Escuela Juan De la Rosa Heredia encadenada en la comunidad El Jap\u00f3n, en el municipio de Mella. (Foto: Willy Guzm\u00e1n).<\/strong><\/figcaption><\/figure>\n<p>\u201cNos mantendremos en pie de lucha y en vigilia permanente. No vamos a permitir que nuestros hijos sigan recibiendo docencia en condiciones deficientes y sin un espacio adecuado para la recreaci\u00f3n y el deporte\u201d, expresaron madres durante la protesta.<\/p>\n<p><a href=\"https:\/\/elnuevodiario.com.do\/comunitarios-encadenan-escuela-en-reclamo-de-aulas-y-cancha-deportiva-en-mella-independencia\/planchuelas-de-zinc-techando-paredes-de-aulas-en-la-comunidad-el-japon-en-el-municipio-de-mella-foto-willy-guzman\/\"><img loading=\"lazy\" decoding=\"async\" data-recalc-dims=\"1\" width=\"640\" height=\"288\" src=\"https:\/\/i0.wp.com\/nuevodiario-assets.s3.us-east-2.amazonaws.com\/wp-content\/uploads\/2026\/09\/Planchuelas-de-zinc-techando-paredes-de-aulas-en-la-comunidad-El-Japon-en-el-municipio-de-Mella.-Foto-Willy-Guzman.jpeg?resize=640%2C288&quality=100&ssl=1\" class=\"attachment-full size-full\" alt=\"\" \/><\/a><br \/>\n<a href=\"https:\/\/elnuevodiario.com.do\/comunitarios-encadenan-escuela-en-reclamo-de-aulas-y-cancha-deportiva-en-mella-independencia\/lodazal-a-las-afueras-de-escuela-juan-de-la-rosa-heredia-encadenada-en-la-comunidad-el-japon-en-el-municipio-de-mella-foto-willy-guzman\/\"><img decoding=\"async\" data-recalc-dims=\"1\" loading=\"lazy\" width=\"640\" height=\"1066\" src=\"https:\/\/i0.wp.com\/nuevodiario-assets.s3.us-east-2.amazonaws.com\/wp-content\/uploads\/2026\/09\/Lodazal-a-las-afueras-de-Escuela-Juan-De-la-Rosa-Heredia-encadenada-en-la-comunidad-El-Japon-en-el-municipio-de-Mella.-Foto-Willy-Guzman.jpeg?resize=640%2C1066&quality=100&ssl=1\" class=\"attachment-full size-full\" alt=\"\" \/><\/a><\/p>\n<p>El centro educativo pertenece al Distrito Educativo 18-05 de Duverg\u00e9, correspondiente a la Regional 18 de Educaci\u00f3n, en la provincia Independencia.<\/p>\n<p>NLP\/<\/p>\n<p>La entrada <a href=\"https:\/\/elnuevodiario.com.do\/comunitarios-encadenan-escuela-en-reclamo-de-aulas-y-cancha-deportiva-en-mella-independencia\/\">Comunitarios encadenan escuela en reclamo de aulas y cancha deportiva en Mella, Independencia<\/a> se public\u00f3 primero en <a href=\"https:\/\/elnuevodiario.com.do\">El Nuevo Diario (Rep\u00fablica Dominicana)<\/a>.<\/p>\n","protected":false},"excerpt":{"rendered":"EL NUEVO DIARIO, INDEPENDENCIA.- Padres, madres y comunitarios mantuvieron este martes encadenada&hellip;\n","protected":false},"author":1,"featured_media":66682,"comment_status":"open","ping_status":"open","sticky":false,"template":"","format":"standard","meta":{"footnotes":""},"categories":[1],"tags":[],"class_list":["post-66681","post","type-post","status-publish","format-standard","has-post-thumbnail","category-nacionales"],"_links":{"self":[{"href":"https:\/\/acronoticias.com\/index.php\/wp-json\/wp\/v2\/posts\/66681","targetHints":{"allow":["GET"]}}],"collection":[{"href":"https:\/\/acronoticias.com\/index.php\/wp-json\/wp\/v2\/posts"}],"about":[{"href":"https:\/\/acronoticias.com\/index.php\/wp-json\/wp\/v2\/types\/post"}],"author":[{"embeddable":true,"href":"https:\/\/acronoticias.com\/index.php\/wp-json\/wp\/v2\/users\/1"}],"replies":[{"embeddable":true,"href":"https:\/\/acronoticias.com\/index.php\/wp-json\/wp\/v2\/comments?post=66681"}],"version-history":[{"count":0,"href":"https:\/\/acronoticias.com\/index.php\/wp-json\/wp\/v2\/posts\/66681\/revisions"}],"wp:featuredmedia":[{"embeddable":true,"href":"https:\/\/acronoticias.com\/index.php\/wp-json\/wp\/v2\/media\/66682"}],"wp:attachment":[{"href":"https:\/\/acronoticias.com\/index.php\/wp-json\/wp\/v2\/media?parent=66681"}],"wp:term":[{"taxonomy":"category","embeddable":true,"href":"https:\/\/acronoticias.com\/index.php\/wp-json\/wp\/v2\/categories?post=66681"},{"taxonomy":"post_tag","embeddable":true,"href":"https:\/\/acronoticias.com\/index.php\/wp-json\/wp\/v2\/tags?post=66681"}],"curies":[{"name":"wp","href":"https:\/\/api.w.org\/{rel}","templated":true}]}}