{"id":66675,"date":"2026-09-01T19:21:20","date_gmt":"2026-09-01T19:21:20","guid":{"rendered":"https:\/\/acronoticias.com\/index.php\/2026\/09\/01\/cabo-de-la-policia-hiere-de-bala-a-un-civil-tras-accidente-en-santo-domingo-este\/"},"modified":"2026-09-01T19:21:20","modified_gmt":"2026-09-01T19:21:20","slug":"cabo-de-la-policia-hiere-de-bala-a-un-civil-tras-accidente-en-santo-domingo-este","status":"publish","type":"post","link":"https:\/\/acronoticias.com\/index.php\/2026\/09\/01\/cabo-de-la-policia-hiere-de-bala-a-un-civil-tras-accidente-en-santo-domingo-este\/","title":{"rendered":"Cabo de la Polic\u00eda hiere de bala a un civil tras accidente en Santo Domingo Este"},"content":{"rendered":"<div>\n<div class=\"c-detail__author full\">\n<div>\n<div class=\"c-detail__author__thumb\">\n<figure>\n                                <picture src=\"https:\/\/imagenes.hoy.com.do\/files\/image_square_xs\/uploads\/2025\/11\/10\/6911b3b5d935b.png\" data-size=\"w:40,h:40\">\n                                    <img decoding=\"async\" loading=\"lazy\" alt=\"Hoy .\" width=\"40\" height=\"40\" src=\"https:\/\/imagenes.hoy.com.do\/files\/image_square_xs\/uploads\/2025\/11\/10\/6911b3b5d935b.png\"\/>\n                                <\/picture>\n                                <\/figure>\n<\/div>\n<\/div>\n<\/div>\n<p>                                                                                            <!-- --><\/p>\n<p class=\"paragraph\">Un cabo de la Polic\u00eda Nacional hiri\u00f3 de bala a un civil durante un incidente ocurrido este martes en la avenida Coronel Rafael Fern\u00e1ndez Dom\u00ednguez, pr\u00f3ximo a la urbanizaci\u00f3n Italia, en Santo Domingo Este.<\/p>\n<p class=\"paragraph\">El agente fue identificado como <b>Andr\u00e9s Miguel Montero Montero<\/b>, mientras que la v\u00edctima es <b>Joel Ferreras Amador<\/b>, de 34 a\u00f1os.<\/p>\n<p class=\"paragraph\">De acuerdo con el informe preliminar, el hecho se origin\u00f3 luego de un accidente de tr\u00e1nsito en el que se vio involucrado el agente, quien se encontraba fuera de su horario de servicio. Agrega que posteriormente, habr\u00eda sido perseguido por <b>Ferreras Amador<\/b>\u00a0y varias personas que se desplazaban en motocicletas.<\/p>\n<p class=\"paragraph\">\u201cSeg\u00fan las informaciones recopiladas, el cabo ingres\u00f3 al cuartel m\u00f3vil de la urbanizaci\u00f3n Italia, donde presuntamente varias de las personas que lo persegu\u00edan intentaron despojarlo de su arma de reglamento mediante el uso de un arma blanca\u201d, dijo la Polic\u00eda.<\/p>\n<div class=\"c-detail__box \">\n<article class=\"c-detail__sumario \">\n<figure class=\"c-detail__sumario__thumb\" style=\"display: block;\">\n            <a href=\"#\" title=\"\">\n                <picture data-size=\"w:140,h:140\" loading=\"lazy\" src=\"https:\/\/imagenes.hoy.com.do\/files\/related_image\/uploads\/2026\/09\/01\/6a96d5d6650e6.jpeg\" data-full-src=\"https:\/\/imagenes.hoy.com.do\/uploads\/2026\/09\/01\/6a96d5d6650e6.jpeg\">\n                    <img loading=\"lazy\" decoding=\"async\" width=\"140\" height=\"140\" alt=\"Times Square\" src=\"https:\/\/imagenes.hoy.com.do\/uploads\/2026\/09\/01\/6a96d5d6650e6.jpeg\"\/>\n                <\/picture>\n            <\/a><br \/>\n        <\/figure>\n<\/article>\n<\/div>\n<p class=\"paragraph\">Indica que ante esta situaci\u00f3n, conforme a la versi\u00f3n preliminar, el agente realiz\u00f3 varios disparos, resultando herido Ferreras Amador, quien fue trasladado al Hospital Traumatol\u00f3gico Dr. Dar\u00edo Contreras, donde recibi\u00f3 atenci\u00f3n m\u00e9dica.<\/p>\n<p class=\"paragraph\">La instituci\u00f3n precis\u00f3 que el agente fue remitido al Ministerio P\u00fablico, mientras los \u00f3rganos de control interno policial profundizan las investigaciones para establecer con precisi\u00f3n las circunstancias del hecho y determinar las responsabilidades que correspondan.<\/p>\n<p class=\"paragraph\">La Polic\u00eda Nacional reiter\u00f3 su compromiso con el debido proceso, la transparencia y la investigaci\u00f3n objetiva, conforme a las disposiciones legales vigentes.<\/p>\n<div class=\"c-detail__box \">\n<article class=\"c-detail__sumario \">\n<figure class=\"c-detail__sumario__thumb\" style=\"display: block;\">\n            <a href=\"#\" title=\"\">\n                <picture data-size=\"w:140,h:140\" loading=\"lazy\" src=\"https:\/\/imagenes.hoy.com.do\/files\/related_image\/files\/fp\/uploads\/2026\/09\/01\/6a96ee33881ee.r_d.256-279.jpeg\" data-full-src=\"https:\/\/imagenes.hoy.com.do\/uploads\/2026\/09\/01\/6a96ee33881ee.jpeg\">\n                    <img loading=\"lazy\" decoding=\"async\" width=\"140\" height=\"140\" alt=\"Desaprensivos desarman a una patrulla policial-militar\" src=\"https:\/\/imagenes.hoy.com.do\/uploads\/2026\/09\/01\/6a96ee33881ee.jpeg\"\/>\n                <\/picture>\n            <\/a><br \/>\n        <\/figure>\n<\/article>\n<\/div><\/div>\n","protected":false},"excerpt":{"rendered":"Un cabo de la Polic\u00eda Nacional hiri\u00f3 de bala a un civil&hellip;\n","protected":false},"author":1,"featured_media":66676,"comment_status":"open","ping_status":"open","sticky":false,"template":"","format":"standard","meta":{"footnotes":""},"categories":[3],"tags":[],"class_list":["post-66675","post","type-post","status-publish","format-standard","has-post-thumbnail","category-internacionales"],"_links":{"self":[{"href":"https:\/\/acronoticias.com\/index.php\/wp-json\/wp\/v2\/posts\/66675","targetHints":{"allow":["GET"]}}],"collection":[{"href":"https:\/\/acronoticias.com\/index.php\/wp-json\/wp\/v2\/posts"}],"about":[{"href":"https:\/\/acronoticias.com\/index.php\/wp-json\/wp\/v2\/types\/post"}],"author":[{"embeddable":true,"href":"https:\/\/acronoticias.com\/index.php\/wp-json\/wp\/v2\/users\/1"}],"replies":[{"embeddable":true,"href":"https:\/\/acronoticias.com\/index.php\/wp-json\/wp\/v2\/comments?post=66675"}],"version-history":[{"count":0,"href":"https:\/\/acronoticias.com\/index.php\/wp-json\/wp\/v2\/posts\/66675\/revisions"}],"wp:featuredmedia":[{"embeddable":true,"href":"https:\/\/acronoticias.com\/index.php\/wp-json\/wp\/v2\/media\/66676"}],"wp:attachment":[{"href":"https:\/\/acronoticias.com\/index.php\/wp-json\/wp\/v2\/media?parent=66675"}],"wp:term":[{"taxonomy":"category","embeddable":true,"href":"https:\/\/acronoticias.com\/index.php\/wp-json\/wp\/v2\/categories?post=66675"},{"taxonomy":"post_tag","embeddable":true,"href":"https:\/\/acronoticias.com\/index.php\/wp-json\/wp\/v2\/tags?post=66675"}],"curies":[{"name":"wp","href":"https:\/\/api.w.org\/{rel}","templated":true}]}}