{"id":66674,"date":"2026-09-01T19:11:01","date_gmt":"2026-09-01T19:11:01","guid":{"rendered":"https:\/\/acronoticias.com\/index.php\/2026\/09\/01\/al-banquillo-por-los-recibos-de-luz-charlie-mariotti-pide-interpelar-a-administradores-de-las-edes\/"},"modified":"2026-09-01T19:11:01","modified_gmt":"2026-09-01T19:11:01","slug":"al-banquillo-por-los-recibos-de-luz-charlie-mariotti-pide-interpelar-a-administradores-de-las-edes","status":"publish","type":"post","link":"https:\/\/acronoticias.com\/index.php\/2026\/09\/01\/al-banquillo-por-los-recibos-de-luz-charlie-mariotti-pide-interpelar-a-administradores-de-las-edes\/","title":{"rendered":"\u00a1Al banquillo por los recibos de luz! Charlie Mariotti pide interpelar a administradores de las Edes"},"content":{"rendered":"<p><img loading=\"lazy\" decoding=\"async\" width=\"355\" height=\"200\" src=\"https:\/\/nuevodiario-assets.s3.us-east-2.amazonaws.com\/wp-content\/uploads\/2026\/08\/diputado-Charlie-Mariotti-Jr-355x200.jpeg\" class=\"webfeedsFeaturedVisual wp-post-image\" alt=\"\" style=\"display: block;margin-bottom: 5px;clear:both;max-width: 100%\" \/><\/p>\n<p>EL NUEVO DIARIO, SANTO DOMINGO- El diputado del Partido de la Liberaci\u00f3n Dominicana (PLD), Charlie Mariotti Jr., deposit\u00f3 este martes tres proyectos de interpelaci\u00f3n dirigida a los administradores de las tres empresas distribuidoras de electricidad del pa\u00eds para que expliquen ante el Congreso Nacional los criterios utilizados para calcular las facturas el\u00e9ctricas y el destino de los recursos que reciben mediante subsidios y pr\u00e9stamos.<\/p>\n<p>Mariotti cuestion\u00f3 los incrementos registrados en las facturas de electricidad y asegur\u00f3 que existen usuarios que anteriormente pagaban entre RD$2,000 y RD$3,000 y que ahora estar\u00edan recibiendo facturas de RD$20,000, RD$30,000 e incluso RD$40,000.<\/p>\n<p>\u201cQueremos que vengan y expliquen cu\u00e1l es la matem\u00e1tica que ellos est\u00e1n utilizando para hacerle la factura a la gente\u201d, manifest\u00f3 Mariotti, al considerar necesario que los responsables de las distribuidoras rindan cuentas ante el Poder Legislativo.<\/p>\n<p><a href=\"https:\/\/nuevodiario-assets.s3.us-east-2.amazonaws.com\/wp-content\/uploads\/2026\/09\/Charlie-Mariotti-Jr.mp4\">Charlie Mariotti Jr. (Video: Lidia Pinales).<\/a><\/p>\n<p>Una de las iniciativas busca interpelar al gerente general de la Empresa Distribuidora de Electricidad del Norte (Edenorte), Gustavo Mart\u00ednez, para que rinda cuentas sobre la gesti\u00f3n administrativa, operativa, financiera y comercial de la empresa, as\u00ed como sobre la calidad y continuidad del servicio el\u00e9ctrico que reciben los usuarios de su \u00e1rea de concesi\u00f3n.<\/p>\n<p>El funcionario tendr\u00eda que explicar tambi\u00e9n la situaci\u00f3n financiera y administrativa de Edenorte, la ejecuci\u00f3n presupuestaria, el uso de los recursos asignados y los procesos de contrataci\u00f3n de obras, servicios, consultor\u00edas, suministros y adquisiciones.<\/p>\n<p>Otro de los puntos incluidos es la situaci\u00f3n de la n\u00f3mina y la estructura administrativa de la empresa, adem\u00e1s de los mecanismos utilizados para atender las reclamaciones de los usuarios y las medidas adoptadas para mejorar la facturaci\u00f3n y evitar cobros incorrectos.<\/p>\n<p>Otra de las normativas legislativas contempla interpelar al gerente general interino de la Empresa Distribuidora de Electricidad del Sur (Edesur), Jos\u00e9 Luis Actis, para que rinda cuentas sobre la gesti\u00f3n administrativa, operativa, financiera y comercial de la distribuidora, as\u00ed como sobre la calidad y continuidad del servicio el\u00e9ctrico en su \u00e1rea de concesi\u00f3n.<\/p>\n<p>Mariotti Jr plantea que el funcionario explique las interrupciones del servicio, el tiempo de respuesta ante aver\u00edas, las inversiones realizadas en mantenimiento y expansi\u00f3n de las redes, las p\u00e9rdidas t\u00e9cnicas y no t\u00e9cnicas, la ejecuci\u00f3n presupuestaria y el uso de los recursos asignados a Edesur.<\/p>\n<p>De acuerdo con la resoluci\u00f3n, Actis debe presentar un informe sobre los procesos de contrataci\u00f3n, la estructura administrativa y n\u00f3mina de la empresa, las medidas contra el fraude el\u00e9ctrico, la atenci\u00f3n a las reclamaciones de los usuarios y las acciones implementadas para mejorar la facturaci\u00f3n y evitar cobros incorrectos.<\/p>\n<p>La \u00faltima solicitud de interpelaci\u00f3n es para el gerente general de la Empresa Distribuidora de Electricidad del Este (Edeeste), Emilio Contreras, quien deber\u00e1 explicar ante el pleno la gesti\u00f3n administrativa, operativa, financiera y comercial de la entidad.<\/p>\n<p>Contreras tambi\u00e9n deber\u00e1 deber\u00e1 rendir cuentas sobre la calidad y continuidad del servicio el\u00e9ctrico, las interrupciones y tiempos de respuesta ante aver\u00edas, las inversiones en infraestructura, las p\u00e9rdidas t\u00e9cnicas y no t\u00e9cnicas, as\u00ed como la situaci\u00f3n financiera y ejecuci\u00f3n presupuestaria de la distribuidora.<\/p>\n<p>La iniciativa tambi\u00e9n busca conocer los procesos de contrataci\u00f3n, la estructura de la n\u00f3mina, las medidas contra el fraude el\u00e9ctrico, la atenci\u00f3n a las reclamaciones de los usuarios y las acciones implementadas para mejorar la facturaci\u00f3n.<\/p>\n<p>Asimismo, se pide informaci\u00f3n sobre los proyectos en ejecuci\u00f3n, incluyendo el plan de inversi\u00f3n superior a RD$400 millones anunciado para Monte Plata, y los resultados del programa de servicio el\u00e9ctrico prepago.<\/p>\n<p>Estas resoluciones nacen de la preocupaci\u00f3n del legislador por el impacto que est\u00e1n teniendo los aumentos en los negocios de todo el territorio nacional, al tiempo que reclam\u00f3 explicaciones sobre el manejo de los fondos destinados al sector el\u00e9ctrico.<\/p>\n<p>Con las interpelaciones, el diputado del PLD busca que los responsables de las distribuidoras comparezcan ante el Congreso para responder cuestionamientos relacionados con la facturaci\u00f3n, los aumentos en el consumo reflejados en las facturas, el manejo de los subsidios y el uso de los recursos provenientes de financiamientos p\u00fablicos.<\/p>\n<p>NLP\/<\/p>\n<p>La entrada <a href=\"https:\/\/elnuevodiario.com.do\/al-banquillo-por-los-recibos-de-luz-charlie-mariotti-pide-interpelar-a-administradores-de-las-edes\/\">\u00a1Al banquillo por los recibos de luz! Charlie Mariotti pide interpelar a administradores de las Edes<\/a> se public\u00f3 primero en <a href=\"https:\/\/elnuevodiario.com.do\">El Nuevo Diario (Rep\u00fablica Dominicana)<\/a>.<\/p>\n","protected":false},"excerpt":{"rendered":"EL NUEVO DIARIO, SANTO DOMINGO- El diputado del Partido de la Liberaci\u00f3n&hellip;\n","protected":false},"author":1,"featured_media":63263,"comment_status":"open","ping_status":"open","sticky":false,"template":"","format":"standard","meta":{"footnotes":""},"categories":[1],"tags":[],"class_list":["post-66674","post","type-post","status-publish","format-standard","has-post-thumbnail","category-nacionales"],"_links":{"self":[{"href":"https:\/\/acronoticias.com\/index.php\/wp-json\/wp\/v2\/posts\/66674","targetHints":{"allow":["GET"]}}],"collection":[{"href":"https:\/\/acronoticias.com\/index.php\/wp-json\/wp\/v2\/posts"}],"about":[{"href":"https:\/\/acronoticias.com\/index.php\/wp-json\/wp\/v2\/types\/post"}],"author":[{"embeddable":true,"href":"https:\/\/acronoticias.com\/index.php\/wp-json\/wp\/v2\/users\/1"}],"replies":[{"embeddable":true,"href":"https:\/\/acronoticias.com\/index.php\/wp-json\/wp\/v2\/comments?post=66674"}],"version-history":[{"count":0,"href":"https:\/\/acronoticias.com\/index.php\/wp-json\/wp\/v2\/posts\/66674\/revisions"}],"wp:featuredmedia":[{"embeddable":true,"href":"https:\/\/acronoticias.com\/index.php\/wp-json\/wp\/v2\/media\/63263"}],"wp:attachment":[{"href":"https:\/\/acronoticias.com\/index.php\/wp-json\/wp\/v2\/media?parent=66674"}],"wp:term":[{"taxonomy":"category","embeddable":true,"href":"https:\/\/acronoticias.com\/index.php\/wp-json\/wp\/v2\/categories?post=66674"},{"taxonomy":"post_tag","embeddable":true,"href":"https:\/\/acronoticias.com\/index.php\/wp-json\/wp\/v2\/tags?post=66674"}],"curies":[{"name":"wp","href":"https:\/\/api.w.org\/{rel}","templated":true}]}}