{"id":66672,"date":"2026-09-01T18:54:35","date_gmt":"2026-09-01T18:54:35","guid":{"rendered":"https:\/\/acronoticias.com\/index.php\/2026\/09\/01\/falpo-ratifica-paro-de-48-horas-en-santiago-oeste-para-este-lunes-7-y-martes-8-de-septiembre\/"},"modified":"2026-09-01T18:54:35","modified_gmt":"2026-09-01T18:54:35","slug":"falpo-ratifica-paro-de-48-horas-en-santiago-oeste-para-este-lunes-7-y-martes-8-de-septiembre","status":"publish","type":"post","link":"https:\/\/acronoticias.com\/index.php\/2026\/09\/01\/falpo-ratifica-paro-de-48-horas-en-santiago-oeste-para-este-lunes-7-y-martes-8-de-septiembre\/","title":{"rendered":"FALPO ratifica paro de 48 horas en Santiago Oeste para este lunes 7 y martes 8 de septiembre"},"content":{"rendered":"<p><img loading=\"lazy\" decoding=\"async\" width=\"355\" height=\"200\" src=\"https:\/\/nuevodiario-assets.s3.us-east-2.amazonaws.com\/wp-content\/uploads\/2026\/09\/WhatsApp-Image-2026-09-01-at-2.43.30-PM-355x200.jpeg\" class=\"webfeedsFeaturedVisual wp-post-image\" alt=\"\" style=\"display: block;margin-bottom: 5px;clear:both;max-width: 100%\" \/><\/p>\n<p><strong>EL NUEVO DIARIO,SANTIAGO.-<\/strong>El Frente Amplio de Lucha Popular (FALPO) y organizaciones comunitarias de Santiago Oeste ratificaron el llamado a un paro general de labores por 48 horas, programado para este lunes 7 y martes 8 de septiembre, en demanda de soluciones definitivas a la crisis educativa que afecta al municipio.<\/p>\n<p>\u200bLa medida de protesta busca presionar al Ministerio de Educaci\u00f3n para que atienda el deterioro cr\u00edtico de los planteles escolares de la zona, especialmente la Escuela Rafaela Jimini\u00e1n, cuyos trabajos paralizados mantienen a m\u00e1s de 800 ni\u00f1os sin docencia. Raquel del Villar, vocera de la organizaci\u00f3n, reiter\u00f3 que la falta de infraestructura adecuada contraviene los informes oficiales y deja a la juventud en estado de vulnerabilidad.<\/p>\n<p>\u200bDurante las 48 horas de paro se prev\u00e9 la paralizaci\u00f3n del transporte, el comercio local y las actividades colectivas en la demarcaci\u00f3n. La jornada de protesta cuenta con el respaldo anunciado de movimientos populares de Navarrete, San Francisco de Macor\u00eds, Salcedo y otras demarcaciones del Cibao.<\/p>\n<div style=\"width: 640px\" class=\"wp-video\"><video class=\"wp-video-shortcode\" id=\"video-3261036-1\" width=\"640\" height=\"361\" preload=\"metadata\" controls=\"controls\"><a href=\"https:\/\/nuevodiario-assets.s3.us-east-2.amazonaws.com\/wp-content\/uploads\/2026\/09\/WhatsApp-Video-2026-09-01-at-2.11.58-PM.mp4\">https:\/\/nuevodiario-assets.s3.us-east-2.amazonaws.com\/wp-content\/uploads\/2026\/09\/WhatsApp-Video-2026-09-01-at-2.11.58-PM.mp4<\/a><\/video><\/div>\n<p>La entrada <a href=\"https:\/\/elnuevodiario.com.do\/falpo-ratifica-paro-de-48-horas-en-santiago-oeste-para-este-lunes-7-y-martes-8-de-septiembre\/\">FALPO ratifica paro de 48 horas en Santiago Oeste para este lunes 7 y martes 8 de septiembre<\/a> se public\u00f3 primero en <a href=\"https:\/\/elnuevodiario.com.do\">El Nuevo Diario (Rep\u00fablica Dominicana)<\/a>.<\/p>\n","protected":false},"excerpt":{"rendered":"EL NUEVO DIARIO,SANTIAGO.-El Frente Amplio de Lucha Popular (FALPO) y organizaciones comunitarias&hellip;\n","protected":false},"author":1,"featured_media":66673,"comment_status":"open","ping_status":"open","sticky":false,"template":"","format":"standard","meta":{"footnotes":""},"categories":[1],"tags":[],"class_list":["post-66672","post","type-post","status-publish","format-standard","has-post-thumbnail","category-nacionales"],"_links":{"self":[{"href":"https:\/\/acronoticias.com\/index.php\/wp-json\/wp\/v2\/posts\/66672","targetHints":{"allow":["GET"]}}],"collection":[{"href":"https:\/\/acronoticias.com\/index.php\/wp-json\/wp\/v2\/posts"}],"about":[{"href":"https:\/\/acronoticias.com\/index.php\/wp-json\/wp\/v2\/types\/post"}],"author":[{"embeddable":true,"href":"https:\/\/acronoticias.com\/index.php\/wp-json\/wp\/v2\/users\/1"}],"replies":[{"embeddable":true,"href":"https:\/\/acronoticias.com\/index.php\/wp-json\/wp\/v2\/comments?post=66672"}],"version-history":[{"count":0,"href":"https:\/\/acronoticias.com\/index.php\/wp-json\/wp\/v2\/posts\/66672\/revisions"}],"wp:featuredmedia":[{"embeddable":true,"href":"https:\/\/acronoticias.com\/index.php\/wp-json\/wp\/v2\/media\/66673"}],"wp:attachment":[{"href":"https:\/\/acronoticias.com\/index.php\/wp-json\/wp\/v2\/media?parent=66672"}],"wp:term":[{"taxonomy":"category","embeddable":true,"href":"https:\/\/acronoticias.com\/index.php\/wp-json\/wp\/v2\/categories?post=66672"},{"taxonomy":"post_tag","embeddable":true,"href":"https:\/\/acronoticias.com\/index.php\/wp-json\/wp\/v2\/tags?post=66672"}],"curies":[{"name":"wp","href":"https:\/\/api.w.org\/{rel}","templated":true}]}}