{"id":66666,"date":"2026-09-01T18:22:57","date_gmt":"2026-09-01T18:22:57","guid":{"rendered":"https:\/\/acronoticias.com\/index.php\/2026\/09\/01\/el-cmd-santiago-exhorta-gobierno-definir-entre-negocio-y-derecho-en-la-salud\/"},"modified":"2026-09-01T18:22:57","modified_gmt":"2026-09-01T18:22:57","slug":"el-cmd-santiago-exhorta-gobierno-definir-entre-negocio-y-derecho-en-la-salud","status":"publish","type":"post","link":"https:\/\/acronoticias.com\/index.php\/2026\/09\/01\/el-cmd-santiago-exhorta-gobierno-definir-entre-negocio-y-derecho-en-la-salud\/","title":{"rendered":"El CMD Santiago exhorta gobierno definir entre negocio y derecho en la salud."},"content":{"rendered":"<p><img loading=\"lazy\" decoding=\"async\" width=\"355\" height=\"200\" src=\"https:\/\/nuevodiario-assets.s3.us-east-2.amazonaws.com\/wp-content\/uploads\/2026\/09\/WhatsApp-Image-2026-09-01-at-2.13.59-PM-355x200.jpeg\" class=\"webfeedsFeaturedVisual wp-post-image\" alt=\"\" style=\"display: block;margin-bottom: 5px;clear:both;max-width: 100%\" \/><\/p>\n<p><strong>EL NUEVO DIARIO,SANTIAGO.-<\/strong>La presidente del Colegio M\u00e9dico Dominicano (CMD) Filial Santiago, Dra. Pen\u00e9lope G\u00f3mez Batista, exhort\u00f3 al Gobierno a definirse entre el negocio de la intermediaci\u00f3n y el derecho inalienable que tiene la poblaci\u00f3n dominicana de recibir los servicios de salud de buena calidad.<\/p>\n<p>En un comunicado publicado en la red social del CMD Santiago, G\u00f3mez Batista expres\u00f3 que \u201cdurante muchos a\u00f1os, los m\u00e9dicos dominicanos hemos sostenido el Seguro Familiar de Salud sobre nuestras espaldas, enfrentando un modelo de intermediaci\u00f3n financiera que desvaloriza el servicio m\u00e9dico y traslada sus deficiencias directamente al bolsillo del paciente\u201d.<\/p>\n<p>La presidenta del gremio m\u00e9dico, y exdocente universitaria de Santiago, lament\u00f3 que, fruto de la inflaci\u00f3n que hist\u00f3ricamente ha arrastrado el pa\u00eds, los servidores de la salud han visto mermado sus ingresos.\u00a0 Sostiene que \u201cel pasado a\u00f1o la tarifa oficial de la consulta ascendi\u00f3 a RD$ 750.<\/p>\n<p>Sin embargo, en el d\u00eda a d\u00eda en nuestros consultorios y cl\u00ednicas, la realidad no ha cambiado debido a una inflaci\u00f3n acumulada que supera el 350% desde el inicio de la Ley de Seguridad Social, cuyos honorarios por procedimientos quir\u00fargicos y hospitalarios permanecen en un rezago hist\u00f3rico inaceptable\u201d.<\/p>\n<p>G\u00f3mez Batista manifest\u00f3 que \u201choy los profesionales de la salud trabajamos sometidos a contratos de adhesi\u00f3n unilaterales. Para los m\u00e9dicos, negociar no es una opci\u00f3n: o aceptamos las condiciones dictadas por las aseguradoras o quedamos excluidos del sistema, al cual el 97.5% de la poblaci\u00f3n dominicana est\u00e1 afiliado\u201d.<\/p>\n<p>Tambi\u00e9n Indic\u00f3 que \u201clos m\u00e9dicos dominicanos sufren el impacto de medidas aplicadas con criterios dispares, retrasos injustificados en los desembolsos e infinitas trabas administrativas y autorizaciones que usurpan nuestra autonom\u00eda m\u00e9dica\u201d.<\/p>\n<p>\u201cCuando una auditor\u00eda de escritorio condiciona una indicaci\u00f3n cl\u00ednica o cuando el cat\u00e1logo del Plan B\u00e1sico deja fuera insumos indispensables, el m\u00e9dico queda atrapado entre la \u00e9tica profesional y la frustraci\u00f3n del paciente\u201d, a\u00f1adi\u00f3.<\/p>\n<p>La dirigente gremial manifest\u00f3 que la relaci\u00f3n entre los m\u00e9dicos y las ARS requiere de una transformaci\u00f3n de fondo, no de simples vendajes. \u201cExigimos un tabulador \u00fanico nacional, la indexaci\u00f3n autom\u00e1tica y peri\u00f3dica de nuestras tarifas, la unificaci\u00f3n real de los criterios de auditor\u00eda y un cat\u00e1logo din\u00e1mico que responda a la medicina moderna.<\/p>\n<p>La entrada <a href=\"https:\/\/elnuevodiario.com.do\/el-cmd-santiago-exhorta-gobierno-definir-entre-negocio-y-derecho-en-la-salud\/\">El CMD Santiago exhorta gobierno definir entre negocio y derecho en la salud.<\/a> se public\u00f3 primero en <a href=\"https:\/\/elnuevodiario.com.do\">El Nuevo Diario (Rep\u00fablica Dominicana)<\/a>.<\/p>\n","protected":false},"excerpt":{"rendered":"EL NUEVO DIARIO,SANTIAGO.-La presidente del Colegio M\u00e9dico Dominicano (CMD) Filial Santiago, Dra.&hellip;\n","protected":false},"author":1,"featured_media":66667,"comment_status":"open","ping_status":"open","sticky":false,"template":"","format":"standard","meta":{"footnotes":""},"categories":[1],"tags":[],"class_list":["post-66666","post","type-post","status-publish","format-standard","has-post-thumbnail","category-nacionales"],"_links":{"self":[{"href":"https:\/\/acronoticias.com\/index.php\/wp-json\/wp\/v2\/posts\/66666","targetHints":{"allow":["GET"]}}],"collection":[{"href":"https:\/\/acronoticias.com\/index.php\/wp-json\/wp\/v2\/posts"}],"about":[{"href":"https:\/\/acronoticias.com\/index.php\/wp-json\/wp\/v2\/types\/post"}],"author":[{"embeddable":true,"href":"https:\/\/acronoticias.com\/index.php\/wp-json\/wp\/v2\/users\/1"}],"replies":[{"embeddable":true,"href":"https:\/\/acronoticias.com\/index.php\/wp-json\/wp\/v2\/comments?post=66666"}],"version-history":[{"count":0,"href":"https:\/\/acronoticias.com\/index.php\/wp-json\/wp\/v2\/posts\/66666\/revisions"}],"wp:featuredmedia":[{"embeddable":true,"href":"https:\/\/acronoticias.com\/index.php\/wp-json\/wp\/v2\/media\/66667"}],"wp:attachment":[{"href":"https:\/\/acronoticias.com\/index.php\/wp-json\/wp\/v2\/media?parent=66666"}],"wp:term":[{"taxonomy":"category","embeddable":true,"href":"https:\/\/acronoticias.com\/index.php\/wp-json\/wp\/v2\/categories?post=66666"},{"taxonomy":"post_tag","embeddable":true,"href":"https:\/\/acronoticias.com\/index.php\/wp-json\/wp\/v2\/tags?post=66666"}],"curies":[{"name":"wp","href":"https:\/\/api.w.org\/{rel}","templated":true}]}}