{"id":66664,"date":"2026-09-01T18:20:39","date_gmt":"2026-09-01T18:20:39","guid":{"rendered":"https:\/\/acronoticias.com\/index.php\/2026\/09\/01\/fin-de-semana-en-prision-donni-santana-mantiene-permiso-laboral-pero-con-esta-variacion\/"},"modified":"2026-09-01T18:20:39","modified_gmt":"2026-09-01T18:20:39","slug":"fin-de-semana-en-prision-donni-santana-mantiene-permiso-laboral-pero-con-esta-variacion","status":"publish","type":"post","link":"https:\/\/acronoticias.com\/index.php\/2026\/09\/01\/fin-de-semana-en-prision-donni-santana-mantiene-permiso-laboral-pero-con-esta-variacion\/","title":{"rendered":"\u00a1Fin de semana en prisi\u00f3n! Donni Santana mantiene permiso laboral, pero con esta variaci\u00f3n"},"content":{"rendered":"<div>\n<div class=\"c-detail__author full\">\n<div>\n<div class=\"c-detail__author__thumb\">\n<figure>\n                                <picture src=\"https:\/\/imagenes.hoy.com.do\/files\/image_square_xs\/uploads\/2025\/12\/15\/693fcb4f14e1b.jpeg\" data-size=\"w:40,h:40\">\n                                    <img decoding=\"async\" loading=\"lazy\" alt=\"Loyda Pe\u00f1a\" width=\"40\" height=\"40\" src=\"https:\/\/imagenes.hoy.com.do\/files\/image_square_xs\/uploads\/2025\/12\/15\/693fcb4f14e1b.jpeg\"\/>\n                                <\/picture>\n                                <\/figure>\n<\/div>\n<\/div>\n<\/div>\n<p>                                                                                            <!-- --><\/p>\n<p class=\"paragraph\">La Segunda Sala de la C\u00e1mara Penal de la Corte de Apelaci\u00f3n de San Crist\u00f3bal vari\u00f3 parcialmente este martes el permiso otorgado al exembajador del Consejo Nacional de Fronteras, <b>Donni Mayobanex Santana Cuevas<\/b>, condenado a prisi\u00f3n por <b>violaci\u00f3n sexual incestuosa<\/b>.<\/p>\n<p class=\"paragraph\">De acuerdo con la decisi\u00f3n del tribunal, Santana<b> mantiene el permiso laboral solo por cuatro d\u00edas a la semana (de lunes a jueves), debiendo retornar al Centro de Correcci\u00f3n y Rehabilitaci\u00f3n del 15 de Azua los viernes a las 7:00 de la ma\u00f1ana.<\/b><\/p>\n<p class=\"paragraph\">La decisi\u00f3n cont\u00f3 con el voto disidente de la magistrada Zeida Noboa P\u00e9rez, quien consider\u00f3 que el permiso laboral deb\u00eda ser revocado totalmente y que Santana deb\u00eda permanecer en prisi\u00f3n.<\/p>\n<p class=\"paragraph\">Los jueces que favorecieron que se le mantenga el permiso por cuatro d\u00edas fueron Manuel de Jes\u00fas de la Rosa Barrientos y Luis Domingo Senci\u00f3n Ara\u00fajo.<\/p>\n<div class=\"c-detail__box \">\n<article class=\"c-detail__sumario \">\n<figure class=\"c-detail__sumario__thumb\" style=\"display: block;\">\n            <a href=\"#\" title=\"\">\n                <picture data-size=\"w:140,h:140\" loading=\"lazy\" src=\"https:\/\/imagenes.hoy.com.do\/files\/related_image\/uploads\/2025\/11\/05\/690c1cf75d7aa.jpeg\" data-full-src=\"https:\/\/imagenes.hoy.com.do\/uploads\/2025\/11\/05\/690c1cf75d7aa.jpeg\">\n                    <img loading=\"lazy\" decoding=\"async\" width=\"140\" height=\"140\" alt=\"8D_El Pa\u00eds_21_2,p01\" src=\"https:\/\/imagenes.hoy.com.do\/uploads\/2025\/11\/05\/690c1cf75d7aa.jpeg\"\/>\n                <\/picture>\n            <\/a><br \/>\n        <\/figure>\n<\/article>\n<\/div>\n<h2 id=\"sobre-el-caso\" class=\"subtitle\">Sobre el caso<\/h2>\n<p class=\"paragraph\">El exfuncionario fue arrestado en mayo de 2018, y condenado en 2019 por el Segundo Tribunal Colegiado.<\/p>\n<p class=\"paragraph\">En junio de 2025, el juez de Ejecuci\u00f3n de la Pena de San Crist\u00f3bal le concedi\u00f3 un permiso laboral para impartir docencia en el Colegio de Abogados de lunes a viernes y pasar los fines de semana en su residencia bajo arresto domiciliario.<\/p>\n<p class=\"paragraph\">Fue esta escandalosa decisi\u00f3n del juez de Ejecuci\u00f3n de la Pena, Jos\u00e9 Manuel Arias Mart\u00ednez, lo que el Ministerio P\u00fablico apel\u00f3 y hoy fue variada parcialmente.<\/p>\n<h2 id=\"acusacion\" class=\"subtitle\">Acusaci\u00f3n<\/h2>\n<p class=\"paragraph\">El expediente del Ministerio P\u00fablico se\u00f1al\u00f3 que Santana aprovechaba las horas de la tarde cuando la madre de la menor no estaba en la casa, para someter bajo amenazas a la ni\u00f1a.\u00a0<\/p>\n<p class=\"paragraph\">Agrega que cuando autoridades del colegio donde estudiaba la ni\u00f1a se enteraron de lo que suced\u00eda, la madre de la menor opt\u00f3 por cambiarla de centro educativo, seg\u00fan establece el Ministerio P\u00fablico.<\/p>\n<p class=\"paragraph\">Santana fue destituido como embajador del Consejo Nacional de Fronteras, por el presidente Danilo Medina.<\/p>\n<div class=\"c-detail__box \">\n<article class=\"c-detail__sumario \">\n<figure class=\"c-detail__sumario__thumb\" style=\"display: block;\">\n            <a href=\"#\" title=\"\">\n                <picture data-size=\"w:140,h:140\" loading=\"lazy\" src=\"https:\/\/imagenes.hoy.com.do\/files\/related_image\/uploads\/2026\/06\/23\/6a3b49c2464d6.jpeg\" data-full-src=\"https:\/\/imagenes.hoy.com.do\/uploads\/2026\/06\/23\/6a3b49c2464d6.jpeg\">\n                    <img loading=\"lazy\" decoding=\"async\" width=\"140\" height=\"140\" alt=\"Donni Santana\" src=\"https:\/\/imagenes.hoy.com.do\/uploads\/2026\/06\/23\/6a3b49c2464d6.jpeg\"\/>\n                <\/picture>\n            <\/a><br \/>\n        <\/figure>\n<\/article>\n<\/div><\/div>\n","protected":false},"excerpt":{"rendered":"La Segunda Sala de la C\u00e1mara Penal de la Corte de Apelaci\u00f3n&hellip;\n","protected":false},"author":1,"featured_media":66665,"comment_status":"open","ping_status":"open","sticky":false,"template":"","format":"standard","meta":{"footnotes":""},"categories":[3],"tags":[],"class_list":["post-66664","post","type-post","status-publish","format-standard","has-post-thumbnail","category-internacionales"],"_links":{"self":[{"href":"https:\/\/acronoticias.com\/index.php\/wp-json\/wp\/v2\/posts\/66664","targetHints":{"allow":["GET"]}}],"collection":[{"href":"https:\/\/acronoticias.com\/index.php\/wp-json\/wp\/v2\/posts"}],"about":[{"href":"https:\/\/acronoticias.com\/index.php\/wp-json\/wp\/v2\/types\/post"}],"author":[{"embeddable":true,"href":"https:\/\/acronoticias.com\/index.php\/wp-json\/wp\/v2\/users\/1"}],"replies":[{"embeddable":true,"href":"https:\/\/acronoticias.com\/index.php\/wp-json\/wp\/v2\/comments?post=66664"}],"version-history":[{"count":0,"href":"https:\/\/acronoticias.com\/index.php\/wp-json\/wp\/v2\/posts\/66664\/revisions"}],"wp:featuredmedia":[{"embeddable":true,"href":"https:\/\/acronoticias.com\/index.php\/wp-json\/wp\/v2\/media\/66665"}],"wp:attachment":[{"href":"https:\/\/acronoticias.com\/index.php\/wp-json\/wp\/v2\/media?parent=66664"}],"wp:term":[{"taxonomy":"category","embeddable":true,"href":"https:\/\/acronoticias.com\/index.php\/wp-json\/wp\/v2\/categories?post=66664"},{"taxonomy":"post_tag","embeddable":true,"href":"https:\/\/acronoticias.com\/index.php\/wp-json\/wp\/v2\/tags?post=66664"}],"curies":[{"name":"wp","href":"https:\/\/api.w.org\/{rel}","templated":true}]}}