{"id":66662,"date":"2026-09-01T18:07:06","date_gmt":"2026-09-01T18:07:06","guid":{"rendered":"https:\/\/acronoticias.com\/index.php\/2026\/09\/01\/ciudadanos-respaldan-llegada-de-nueva-operadora-de-telecomunicaciones-a-rd\/"},"modified":"2026-09-01T18:07:06","modified_gmt":"2026-09-01T18:07:06","slug":"ciudadanos-respaldan-llegada-de-nueva-operadora-de-telecomunicaciones-a-rd","status":"publish","type":"post","link":"https:\/\/acronoticias.com\/index.php\/2026\/09\/01\/ciudadanos-respaldan-llegada-de-nueva-operadora-de-telecomunicaciones-a-rd\/","title":{"rendered":"Ciudadanos respaldan llegada de nueva operadora de telecomunicaciones a RD"},"content":{"rendered":"<p><img decoding=\"async\" width=\"355\" height=\"200\" src=\"https:\/\/nuevodiario-assets.s3.us-east-2.amazonaws.com\/wp-content\/uploads\/2026\/09\/Ciudadana-355x200.jpeg\" class=\"webfeedsFeaturedVisual wp-post-image\" alt=\"\" style=\"display: block;margin-bottom: 5px;clear:both;max-width: 100%\" loading=\"lazy\" \/><\/p>\n<p>EL NUEVO DIARIO, SANTO DOMINGO.- Ciudadanos valoraron este martes\u00a0 la incorporaci\u00f3n de una nueva empresa al mercado dominicano de las telecomunicaciones, al considerar que una mayor competencia puede contribuir a mejorar los servicios, impulsar la innovaci\u00f3n tecnol\u00f3gica y ampliar las opciones disponibles para los usuarios.<\/p>\n<p>Las opiniones se producen en momentos en que el mercado dominicano de las telecomunicaciones se encamina hacia un nuevo escenario, con la incorporaci\u00f3n de un nuevo operador que podr\u00eda dinamizar la oferta de servicios y generar mayores alternativas para los consumidores, establce un comunicado.<\/p>\n<p>Agrega que, para los ciudadanos consultados, la presencia de una nueva empresa en el sector puede representar una oportunidad para que las compa\u00f1\u00edas existentes y los nuevos participantes eleven la calidad de sus servicios, incorporen nuevas tecnolog\u00edas y respondan de manera m\u00e1s efectiva a las necesidades de los usuarios.<\/p>\n<p>\u201cYo pienso que ser\u00eda algo extraordinario porque es bueno traer algo nuevo para experimentar y entrar en el futuro con algo nuevo\u201d, expres\u00f3 Patricia P\u00e9rez.<\/p>\n<p>Al referirse a los posibles beneficios, P\u00e9rez se\u00f1al\u00f3 que la incorporaci\u00f3n de un nuevo participante puede aportar \u201cnuevas soluciones\u201d y \u201cnuevas tecnolog\u00edas\u201d, adem\u00e1s de generar mayores oportunidades dentro del mercado de las telecomunicaciones.<\/p>\n<p><img loading=\"lazy\" decoding=\"async\" data-recalc-dims=\"1\" class=\"alignnone wp-image-3260948 size-full\" src=\"https:\/\/i0.wp.com\/nuevodiario-assets.s3.us-east-2.amazonaws.com\/wp-content\/uploads\/2026\/09\/Ciudadana-2.jpg?resize=640%2C371&quality=100&ssl=1\" alt=\"\" width=\"640\" height=\"371\" \/><\/p>\n<p>Francelys Gonz\u00e1lez tambi\u00e9n consider\u00f3 positiva la incorporaci\u00f3n de un nuevo operador y destac\u00f3 la importancia de aumentar las opciones disponibles para los dominicanos.<\/p>\n<p>\u201cEs importante que se integre una nueva compa\u00f1\u00eda telef\u00f3nica, ya que es beneficioso para nuestro pa\u00eds tener una competencia m\u00e1s\u201d, manifest\u00f3.<\/p>\n<p>De su lado, V\u00edctor Hugo sostuvo que el beneficio podr\u00eda ir m\u00e1s all\u00e1 de una mayor competencia comercial, al contribuir tambi\u00e9n a ampliar la cobertura de las comunicaciones en sectores donde todav\u00eda existen limitaciones.<\/p>\n<figure id=\"attachment_3260941\" aria-describedby=\"caption-attachment-3260941\" style=\"width: 1280px\" class=\"wp-caption alignnone\"><img loading=\"lazy\" decoding=\"async\" data-recalc-dims=\"1\" class=\"wp-image-3260941 size-full\" src=\"https:\/\/i0.wp.com\/nuevodiario-assets.s3.us-east-2.amazonaws.com\/wp-content\/uploads\/2026\/09\/Ciudadano.jpeg?resize=640%2C360&quality=100&ssl=1\" alt=\"\" width=\"640\" height=\"360\" \/><figcaption id=\"caption-attachment-3260941\" class=\"wp-caption-text\"><em><strong>V\u00edctor Hugo <\/strong><\/em><\/figcaption><\/figure>\n<p>\u201cNo simplemente una competencia, sino m\u00e1s compa\u00f1\u00edas ofreciendo el servicio para nuestro pa\u00eds, ya que hay mucho nicho en la Rep\u00fablica Dominicana que no llega a la comunicaci\u00f3n\u201d, agreg\u00f3.<\/p>\n<p><strong>Un nuevo escenario para el sector<\/strong><\/p>\n<p>La llegada de Viettel ocurre luego del proceso de licitaci\u00f3n p\u00fablica desarrollado por el Instituto Dominicano de las Telecomunicaciones (Indotel) para la asignaci\u00f3n de bloques de frecuencias del espectro radioel\u00e9ctrico.<\/p>\n<p>Como resultado del proceso, Viettel obtuvo 240 MHz en las bandas de 700 MHz, 2.3 GHz y 3.6 GHz, mientras que Claro Dominicana adquiri\u00f3 20 MHz en la banda de 700 MHz.<\/p>\n<p>La incorporaci\u00f3n de Viettel abre un nuevo escenario para el mercado dominicano de telecomunicaciones, al sumar un operador con capacidad para desarrollar infraestructura y ofrecer servicios que compitan con los actualmente disponibles.<\/p>\n<p>Las opiniones recogidas entre los ciudadanos apuntan precisamente hacia esa expectativa: que la presencia de un nuevo operador se traduzca en m\u00e1s opciones, innovaci\u00f3n tecnol\u00f3gica, mejores servicios y mayores posibilidades de acceso a las telecomunicaciones.<\/p>\n<p>Para los usuarios, el inter\u00e9s principal est\u00e1 en que la competencia se traduzca en beneficios concretos en los servicios que reciben, independientemente de la empresa que los ofrezca.<\/p>\n<p>La entrada <a href=\"https:\/\/elnuevodiario.com.do\/ciudadanos-respaldan-llegada-de-nueva-operadora-de-telecomunicaciones-a-rd\/\">Ciudadanos respaldan llegada de nueva operadora de telecomunicaciones a RD<\/a> se public\u00f3 primero en <a href=\"https:\/\/elnuevodiario.com.do\">El Nuevo Diario (Rep\u00fablica Dominicana)<\/a>.<\/p>\n","protected":false},"excerpt":{"rendered":"EL NUEVO DIARIO, SANTO DOMINGO.- Ciudadanos valoraron este martes\u00a0 la incorporaci\u00f3n de&hellip;\n","protected":false},"author":1,"featured_media":66663,"comment_status":"open","ping_status":"open","sticky":false,"template":"","format":"standard","meta":{"footnotes":""},"categories":[1],"tags":[],"class_list":["post-66662","post","type-post","status-publish","format-standard","has-post-thumbnail","category-nacionales"],"_links":{"self":[{"href":"https:\/\/acronoticias.com\/index.php\/wp-json\/wp\/v2\/posts\/66662","targetHints":{"allow":["GET"]}}],"collection":[{"href":"https:\/\/acronoticias.com\/index.php\/wp-json\/wp\/v2\/posts"}],"about":[{"href":"https:\/\/acronoticias.com\/index.php\/wp-json\/wp\/v2\/types\/post"}],"author":[{"embeddable":true,"href":"https:\/\/acronoticias.com\/index.php\/wp-json\/wp\/v2\/users\/1"}],"replies":[{"embeddable":true,"href":"https:\/\/acronoticias.com\/index.php\/wp-json\/wp\/v2\/comments?post=66662"}],"version-history":[{"count":0,"href":"https:\/\/acronoticias.com\/index.php\/wp-json\/wp\/v2\/posts\/66662\/revisions"}],"wp:featuredmedia":[{"embeddable":true,"href":"https:\/\/acronoticias.com\/index.php\/wp-json\/wp\/v2\/media\/66663"}],"wp:attachment":[{"href":"https:\/\/acronoticias.com\/index.php\/wp-json\/wp\/v2\/media?parent=66662"}],"wp:term":[{"taxonomy":"category","embeddable":true,"href":"https:\/\/acronoticias.com\/index.php\/wp-json\/wp\/v2\/categories?post=66662"},{"taxonomy":"post_tag","embeddable":true,"href":"https:\/\/acronoticias.com\/index.php\/wp-json\/wp\/v2\/tags?post=66662"}],"curies":[{"name":"wp","href":"https:\/\/api.w.org\/{rel}","templated":true}]}}