{"id":66658,"date":"2026-09-01T17:34:36","date_gmt":"2026-09-01T17:34:36","guid":{"rendered":"https:\/\/acronoticias.com\/index.php\/2026\/09\/01\/pastor-dijo-a-la-policia-que-recibia-rd70-mil-mensuales-para-gastos-de-la-fundacion-en-haina\/"},"modified":"2026-09-01T17:34:36","modified_gmt":"2026-09-01T17:34:36","slug":"pastor-dijo-a-la-policia-que-recibia-rd70-mil-mensuales-para-gastos-de-la-fundacion-en-haina","status":"publish","type":"post","link":"https:\/\/acronoticias.com\/index.php\/2026\/09\/01\/pastor-dijo-a-la-policia-que-recibia-rd70-mil-mensuales-para-gastos-de-la-fundacion-en-haina\/","title":{"rendered":"Pastor dijo a la Polic\u00eda que recib\u00eda RD$70 mil mensuales para gastos de la fundaci\u00f3n en Haina"},"content":{"rendered":"<p><strong>SANTO DOMINGO. \u2013 <\/strong>El pastor <strong>\u00c1ngel Gabriel Capell\u00e1n<\/strong>, se\u00f1alado por las autoridades en una investigaci\u00f3n por presunto maltrato, explotaci\u00f3n laboral y posible trata de personas a menores de edad en una fundaci\u00f3n ubicada en La Pared de Haina, San Crist\u00f3bal, afirm\u00f3 que la instituci\u00f3n recib\u00eda ingresos aproximados de <strong>RD$70 mil mensuales<\/strong> para cubrir los gastos.<\/p>\n<p>De acuerdo con el informe de investigaci\u00f3n de la Polic\u00eda Nacional, el religioso explic\u00f3 a las autoridades que dirige la <strong>\u201cFundaci\u00f3n Restaurando Vida, Un Muerto que Revive\u201d<\/strong>, entidad que, seg\u00fan su versi\u00f3n, se dedica a rescatar familias en condici\u00f3n de vulnerabilidad y ni\u00f1os hu\u00e9rfanos la fundaci\u00f3n est\u00e1 registrada desde el a\u00f1o 2016.<\/p>\n<figure class=\"wp-block-image size-full\"><img decoding=\"async\" src=\"https:\/\/multimedia.noticiassin.com\/wp-content\/uploads\/2026\/09\/derechos-humanos-dice-que-alerto-sobre-presunto-caso-de-explotacion-infantil-20260901-144404-ONPi.webp\" alt=\"Derechos Humanos dice que alert\u00f3 sobre presunto caso de explotaci\u00f3n infantil\" class=\"wp-image-2104794\" \/><figcaption class=\"wp-element-caption\">Fundaci\u00f3n restaurando vida un muerto que revive.<\/figcaption><\/figure>\n<p>Seg\u00fan el documento,<strong> Capell\u00e1n manifest\u00f3 que las madres entregaban <\/strong>a los menores debido a situaciones precarias y que los ni\u00f1os eran enviados a la escuela mientras permanec\u00edan en el lugar hasta que sus familiares pudieran hacerse cargo de ellos.<\/p>\n<p>El pastor aleg\u00f3 que utilizaba sus propios ingresos para mantener a los menores, ya que, seg\u00fan declar\u00f3, se dedicaba a la agricultura, <strong>trabajos de alba\u00f1iler\u00eda y crianza de cerdos.<\/strong><\/p>\n<blockquote class=\"wp-block-quote is-layout-flow wp-block-quote-is-layout-flow\">\n<p>Adem\u00e1s, afirm\u00f3 que recib\u00eda apoyo de misioneros procedentes de P<strong>uerto Rico que visitaban el lugar cada a\u00f1o.<\/strong><\/p>\n<\/blockquote>\n<h2 id=\"denuncia-de-un-menor-activo-el-caso\" class=\"wp-block-heading\">Denuncia de un menor activ\u00f3 el caso<\/h2>\n<p>La investigaci\u00f3n policial se\u00f1ala que el caso inici\u00f3 luego de que un menor de 12 a\u00f1os acudiera a las autoridades y denunciara que habr\u00eda escapado de un lugar donde permanec\u00eda junto a otros ni\u00f1os bajo el control de un hombre identificado como <strong>\u201cel pastor\u201d o \u201cel capell\u00e1n\u201d.<\/strong><\/p>\n<p>La Polic\u00eda Nacional inform\u00f3 que las circunstancias investigadas podr\u00edan presentar indicadores de <strong>maltrato infantil, explotaci\u00f3n laboral y una posible situaci\u00f3n de trata de personas<\/strong>, aclarando que la calificaci\u00f3n jur\u00eddica corresponder\u00e1 al Ministerio P\u00fablico conforme avance la investigaci\u00f3n.<\/p>\n<h2 id=\"hallazgo-de-ninos-y-familias-en-la-fundacion\" class=\"wp-block-heading\">Hallazgo de ni\u00f1os y familias en la fundaci\u00f3n<\/h2>\n<p>El informe tambi\u00e9n detalla que en la fundaci\u00f3n fueron ubicados menores de edad y familias residentes en el lugar. Seg\u00fan el levantamiento realizado, en la fundaci\u00f3n hab\u00eda <strong>5 ni\u00f1os y 17 ni\u00f1as<\/strong>, adem\u00e1s de un padre y tres madres.<\/p>\n<p><strong>Las autoridades contin\u00faan las investigaciones <\/strong>para determinar las circunstancias del caso y establecer las posibles responsabilidades.<\/p>\n<h2 id=\"14-menores-fueron-rescatados-informaron-las-autoridades\" class=\"wp-block-heading\">14 menores fueron rescatados informaron las autoridades <\/h2>\n<p>Las autoridades<strong> rescataron a 14 menores de edad<\/strong> que permanec\u00edan en el lugar y que ahora se encuentran bajo protecci\u00f3n estatal.<\/p>\n<p>Los ni\u00f1os conviv\u00edan en una vivienda de dos niveles, con cuatro habitaciones en la primera planta y dos en el segundo piso. En cada habitaci\u00f3n hab\u00eda entre tres y cuatro camas y,\u00a0<strong>seg\u00fan las autoridades, una de las habitaciones ten\u00eda una puerta de hierro con candado.<\/strong><\/p>\n<p>La intervenci\u00f3n se produjo luego de que uno de los menores<strong>\u00a0lograra escapar del lugar y denunciara que era retenido junto a otros ni\u00f1os.<\/strong><\/p>\n","protected":false},"excerpt":{"rendered":"SANTO DOMINGO. \u2013 El pastor \u00c1ngel Gabriel Capell\u00e1n, se\u00f1alado por las autoridades&hellip;\n","protected":false},"author":1,"featured_media":66659,"comment_status":"open","ping_status":"open","sticky":false,"template":"","format":"standard","meta":{"footnotes":""},"categories":[1],"tags":[],"class_list":["post-66658","post","type-post","status-publish","format-standard","has-post-thumbnail","category-nacionales"],"_links":{"self":[{"href":"https:\/\/acronoticias.com\/index.php\/wp-json\/wp\/v2\/posts\/66658","targetHints":{"allow":["GET"]}}],"collection":[{"href":"https:\/\/acronoticias.com\/index.php\/wp-json\/wp\/v2\/posts"}],"about":[{"href":"https:\/\/acronoticias.com\/index.php\/wp-json\/wp\/v2\/types\/post"}],"author":[{"embeddable":true,"href":"https:\/\/acronoticias.com\/index.php\/wp-json\/wp\/v2\/users\/1"}],"replies":[{"embeddable":true,"href":"https:\/\/acronoticias.com\/index.php\/wp-json\/wp\/v2\/comments?post=66658"}],"version-history":[{"count":0,"href":"https:\/\/acronoticias.com\/index.php\/wp-json\/wp\/v2\/posts\/66658\/revisions"}],"wp:featuredmedia":[{"embeddable":true,"href":"https:\/\/acronoticias.com\/index.php\/wp-json\/wp\/v2\/media\/66659"}],"wp:attachment":[{"href":"https:\/\/acronoticias.com\/index.php\/wp-json\/wp\/v2\/media?parent=66658"}],"wp:term":[{"taxonomy":"category","embeddable":true,"href":"https:\/\/acronoticias.com\/index.php\/wp-json\/wp\/v2\/categories?post=66658"},{"taxonomy":"post_tag","embeddable":true,"href":"https:\/\/acronoticias.com\/index.php\/wp-json\/wp\/v2\/tags?post=66658"}],"curies":[{"name":"wp","href":"https:\/\/api.w.org\/{rel}","templated":true}]}}