{"id":66654,"date":"2026-09-01T17:19:35","date_gmt":"2026-09-01T17:19:35","guid":{"rendered":"https:\/\/acronoticias.com\/index.php\/2026\/09\/01\/inicio-de-clases-y-aulas-vacias-una-semana-despues-estos-centros-todavia-no-imparten-docencia\/"},"modified":"2026-09-01T17:19:35","modified_gmt":"2026-09-01T17:19:35","slug":"inicio-de-clases-y-aulas-vacias-una-semana-despues-estos-centros-todavia-no-imparten-docencia","status":"publish","type":"post","link":"https:\/\/acronoticias.com\/index.php\/2026\/09\/01\/inicio-de-clases-y-aulas-vacias-una-semana-despues-estos-centros-todavia-no-imparten-docencia\/","title":{"rendered":"Inicio de clases y aulas vac\u00edas: una semana despu\u00e9s, estos centros todav\u00eda no imparten docencia"},"content":{"rendered":"<div>\n<div class=\"c-detail__author full\">\n<div>\n<div class=\"c-detail__author__thumb\">\n<figure>\n                                <picture src=\"https:\/\/imagenes.hoy.com.do\/files\/image_square_xs\/uploads\/2025\/11\/10\/6911b3b5d935b.png\" data-size=\"w:40,h:40\">\n                                    <img decoding=\"async\" loading=\"lazy\" alt=\"Hoy .\" width=\"40\" height=\"40\" src=\"https:\/\/imagenes.hoy.com.do\/files\/image_square_xs\/uploads\/2025\/11\/10\/6911b3b5d935b.png\"\/>\n                                <\/picture>\n                                <\/figure>\n<\/div>\n<\/div>\n<\/div>\n<p>                                                                                            <!-- --><\/p>\n<p class=\"paragraph\">Los <a href=\"https:\/\/x.com\/PeriodicoHoy\">trabajos <\/a>de reparaci\u00f3n de plomer\u00eda y electricidad retrasar\u00e1n por una semana m\u00e1s el regreso a las aulas de unos 270 estudiantes de los niveles Inicial y Primaria de la escuela primaria Malakias Hill, ubicada en el Ensanche Claret.<\/p>\n<p class=\"paragraph\">El inicio de la docencia en el plantel estaba pautado para el lunes 24 de agosto; sin embargo, las labores de acondicionamiento de la edificaci\u00f3n han impedido que los alumnos retomen las clases.<\/p>\n<p class=\"paragraph\">De acuerdo con padres de los estudiantes, el centro educativo presentaba numerosas filtraciones, por lo que consideran acertada la decisi\u00f3n de priorizar las reparaciones.<\/p>\n<figure class=\"c-detail__media \"><figcaption class=\"c-detail__media__txt\">\n<p class=\"c-detail__media__subtitle\">\n<p>        <span class=\"c-detail__media__credit \">Imagen de referencia<\/span><\/p>\n<\/figcaption><\/figure>\n<p class=\"paragraph\">No obstante, cuestionaron que estos trabajos no fueran realizados durante el per\u00edodo de vacaciones.\u00a0<\/p>\n<p class=\"paragraph\">\u201cEsos trabajos debieron hacerse en vacaciones. Ahora los ni\u00f1os est\u00e1n perdiendo clases\u201d, manifest\u00f3 una de las madres.<\/p>\n<figure class=\"c-detail__media \"><figcaption class=\"c-detail__media__txt\">\n<p class=\"c-detail__media__subtitle\">\n<p>        <span class=\"c-detail__media__credit \">Escuela<\/span><\/p>\n<\/figcaption><\/figure>\n<h2 id=\"escuela-con-algunos-trabajos-pendientes\" class=\"subtitle\">Escuela con algunos trabajos pendientes<\/h2>\n<p class=\"paragraph\">Una situaci\u00f3n similar se registra en la escuela Fray Ram\u00f3n Pan\u00e9, ubicada en Los Jardines del Norte, donde iniciaron las clases pero permanecen pendientes algunos trabajos de pintura en la edificaci\u00f3n.<\/p>\n<p class=\"paragraph\">El plantel tiene previsto recibir alrededor de 1,300 estudiantes, pero las labores de acondicionamiento todav\u00eda no han concluido.<\/p>\n<p class=\"paragraph\">\u201cQueda pendiente la parte exterior alta\u201d, explicaron trabajadores.\u00a0<\/p>\n<h2 id=\"padres-expresan-preocupacion\" class=\"subtitle\">Padres expresan preocupaci\u00f3n<\/h2>\n<figure class=\"c-detail__media \"><figcaption class=\"c-detail__media__txt\">\n<p class=\"c-detail__media__subtitle\">\n<p>        <span class=\"c-detail__media__credit \">Im\u00e1genes de escuela sin terminar<\/span><\/p>\n<\/figcaption><\/figure>\n<p class=\"paragraph\">Los retrasos han generado preocupaci\u00f3n entre padres y madres.\u00a0<\/p>\n<p class=\"paragraph\">\u201cEllos se est\u00e1n perdiendo una semana de clases y eso lo veo muy mal, porque uno como madre trabaja y ya uno va haciendo un horario para trabajar y dejarlo en la escuela\u201d, expres\u00f3 un padre.<\/p>\n<div class=\"c-detail__box \">\n<article class=\"c-detail__sumario \">\n<figure class=\"c-detail__sumario__thumb\" style=\"display: block;\">\n            <a href=\"#\" title=\"\">\n                <picture data-size=\"w:140,h:140\" loading=\"lazy\" src=\"https:\/\/imagenes.hoy.com.do\/files\/related_image\/uploads\/2025\/11\/05\/690c1ca667a0b.jpeg\" data-full-src=\"https:\/\/imagenes.hoy.com.do\/uploads\/2025\/11\/05\/690c1ca667a0b.jpeg\">\n                    <img loading=\"lazy\" decoding=\"async\" width=\"140\" height=\"140\" alt=\"Interior y Polic\u00eda investiga la existencia de bandas en las escuelas de SDN\" src=\"https:\/\/imagenes.hoy.com.do\/uploads\/2025\/11\/05\/690c1ca667a0b.jpeg\"\/>\n                <\/picture>\n            <\/a><br \/>\n        <\/figure>\n<\/article>\n<\/div><\/div>\n","protected":false},"excerpt":{"rendered":"Los trabajos de reparaci\u00f3n de plomer\u00eda y electricidad retrasar\u00e1n por una semana&hellip;\n","protected":false},"author":1,"featured_media":66655,"comment_status":"open","ping_status":"open","sticky":false,"template":"","format":"standard","meta":{"footnotes":""},"categories":[3],"tags":[],"class_list":["post-66654","post","type-post","status-publish","format-standard","has-post-thumbnail","category-internacionales"],"_links":{"self":[{"href":"https:\/\/acronoticias.com\/index.php\/wp-json\/wp\/v2\/posts\/66654","targetHints":{"allow":["GET"]}}],"collection":[{"href":"https:\/\/acronoticias.com\/index.php\/wp-json\/wp\/v2\/posts"}],"about":[{"href":"https:\/\/acronoticias.com\/index.php\/wp-json\/wp\/v2\/types\/post"}],"author":[{"embeddable":true,"href":"https:\/\/acronoticias.com\/index.php\/wp-json\/wp\/v2\/users\/1"}],"replies":[{"embeddable":true,"href":"https:\/\/acronoticias.com\/index.php\/wp-json\/wp\/v2\/comments?post=66654"}],"version-history":[{"count":0,"href":"https:\/\/acronoticias.com\/index.php\/wp-json\/wp\/v2\/posts\/66654\/revisions"}],"wp:featuredmedia":[{"embeddable":true,"href":"https:\/\/acronoticias.com\/index.php\/wp-json\/wp\/v2\/media\/66655"}],"wp:attachment":[{"href":"https:\/\/acronoticias.com\/index.php\/wp-json\/wp\/v2\/media?parent=66654"}],"wp:term":[{"taxonomy":"category","embeddable":true,"href":"https:\/\/acronoticias.com\/index.php\/wp-json\/wp\/v2\/categories?post=66654"},{"taxonomy":"post_tag","embeddable":true,"href":"https:\/\/acronoticias.com\/index.php\/wp-json\/wp\/v2\/tags?post=66654"}],"curies":[{"name":"wp","href":"https:\/\/api.w.org\/{rel}","templated":true}]}}