{"id":66652,"date":"2026-09-01T17:18:24","date_gmt":"2026-09-01T17:18:24","guid":{"rendered":"https:\/\/acronoticias.com\/index.php\/2026\/09\/01\/carolina-impulsa-jornadas-de-bienestar-animal-durante-operativo-se-esterilizaron-100-perros-y-gatos\/"},"modified":"2026-09-01T17:18:24","modified_gmt":"2026-09-01T17:18:24","slug":"carolina-impulsa-jornadas-de-bienestar-animal-durante-operativo-se-esterilizaron-100-perros-y-gatos","status":"publish","type":"post","link":"https:\/\/acronoticias.com\/index.php\/2026\/09\/01\/carolina-impulsa-jornadas-de-bienestar-animal-durante-operativo-se-esterilizaron-100-perros-y-gatos\/","title":{"rendered":"Carolina impulsa jornadas de bienestar animal; durante operativo se esterilizaron 100 perros y gatos"},"content":{"rendered":"<p><img decoding=\"async\" width=\"355\" height=\"200\" src=\"https:\/\/nuevodiario-assets.s3.us-east-2.amazonaws.com\/wp-content\/uploads\/2026\/09\/Jornadas-de-bienestar-para-perros-y-gatos-Foto-Fuente-Externa-355x200.jpeg\" class=\"webfeedsFeaturedVisual wp-post-image\" alt=\"\" style=\"display: block;margin-bottom: 5px;clear:both;max-width: 100%\" loading=\"lazy\" \/><\/p>\n<p>EL NUEVO DIARIO, SANTO DOMINGO. \u2013 La alcaldesa y aspirante presidencial Carolina Mej\u00eda contin\u00faa impulsando la realizaci\u00f3n de jornadas de bienestar para perros y gatos, reafirmando su compromiso con la protecci\u00f3n y la tenencia responsable de estos animales en el Distrito Nacional.<\/p>\n<p>Producto de la jornada desarrollada en la estaci\u00f3n de bomberos de la avenida Jos\u00e9 Ortega y Gasset, fueron esterilizados 100 perros y gatos, se colocaron 528 vacunas y 349 desparasitantes, indica un comunicado de presa.<\/p>\n<p>Gracias a la visi\u00f3n y firmeza de Carolina llevada a cabo desde la Alcald\u00eda del Distrito Nacional, se han realizado 41 jornadas en las que se ha impactado en la capital con un total de 4438 esterilizaciones, 18758 vacunas y 11353 desparasitaciones.<\/p>\n<figure id=\"attachment_3260760\" aria-describedby=\"caption-attachment-3260760\" style=\"width: 1600px\" class=\"wp-caption alignnone\"><img loading=\"lazy\" decoding=\"async\" data-recalc-dims=\"1\" class=\"size-full wp-image-3260760\" src=\"https:\/\/i0.wp.com\/nuevodiario-assets.s3.us-east-2.amazonaws.com\/wp-content\/uploads\/2026\/09\/Jornadas-de-bienestar-para-perros-y-gatos-Foto-Fuente-Externa-6.jpeg?resize=640%2C426&quality=100&ssl=1\" alt=\"\" width=\"640\" height=\"426\" \/><figcaption id=\"caption-attachment-3260760\" class=\"wp-caption-text\"><strong>Jornadas de bienestar para perros y gatos (Foto: Fuente Externa)<\/strong><\/figcaption><\/figure>\n<p>La jornada de bienestar animal fue desarrollada en colaboraci\u00f3n con la Fundaci\u00f3n Quisqueya en Desarrollo, Fundaci\u00f3n Mi Mascota, Ghetto2Garden y el Cuerpo de Bomberos del Distrito Nacional.<\/p>\n<figure id=\"attachment_3260764\" aria-describedby=\"caption-attachment-3260764\" style=\"width: 1280px\" class=\"wp-caption alignnone\"><img loading=\"lazy\" decoding=\"async\" data-recalc-dims=\"1\" class=\"size-full wp-image-3260764\" src=\"https:\/\/i0.wp.com\/nuevodiario-assets.s3.us-east-2.amazonaws.com\/wp-content\/uploads\/2026\/09\/Jornadas-de-bienestar-para-perros-y-gatos-Foto-Fuente-Externa-2.jpeg?resize=640%2C427&quality=100&ssl=1\" alt=\"\" width=\"640\" height=\"427\" \/><figcaption id=\"caption-attachment-3260764\" class=\"wp-caption-text\"><strong>Jornadas de bienestar para perros y gatos (Foto: Fuente Externa)<\/strong><\/figcaption><\/figure>\n<p><strong>Reconocimiento a una labor consagrada con los animales<\/strong><\/p>\n<p>Recientemente, la Alcald\u00eda del Distrito Nacional declar\u00f3 \u201cMun\u00edcipe Distinguida\u201d a la se\u00f1ora Myriam Mercedes Rodr\u00edguez Scott por su destacada labor social en favor de los animales.<\/p>\n<figure id=\"attachment_3260763\" aria-describedby=\"caption-attachment-3260763\" style=\"width: 1280px\" class=\"wp-caption alignnone\"><img decoding=\"async\" data-recalc-dims=\"1\" loading=\"lazy\" class=\"size-full wp-image-3260763\" src=\"https:\/\/i0.wp.com\/nuevodiario-assets.s3.us-east-2.amazonaws.com\/wp-content\/uploads\/2026\/09\/Jornadas-de-bienestar-para-perros-y-gatos-Foto-Fuente-Externa-3.jpeg?resize=640%2C427&quality=100&ssl=1\" alt=\"\" width=\"640\" height=\"427\" \/><figcaption id=\"caption-attachment-3260763\" class=\"wp-caption-text\"><strong>Jornadas de bienestar para perros y gatos (Foto: Fuente Externa)<\/strong><\/figcaption><\/figure>\n<p>Do\u00f1a Myriam, quien dirige la Fundaci\u00f3n Quisqueya en Desarrollo (Funquide), agradeci\u00f3 el apoyo recibido de la alcaldesa y por la distinci\u00f3n entregada.<\/p>\n<figure id=\"attachment_3260762\" aria-describedby=\"caption-attachment-3260762\" style=\"width: 1600px\" class=\"wp-caption alignnone\"><img decoding=\"async\" data-recalc-dims=\"1\" loading=\"lazy\" class=\"size-full wp-image-3260762\" src=\"https:\/\/i0.wp.com\/nuevodiario-assets.s3.us-east-2.amazonaws.com\/wp-content\/uploads\/2026\/09\/Jornadas-de-bienestar-para-perros-y-gatos-Foto-Fuente-Externa-4.jpeg?resize=640%2C426&quality=100&ssl=1\" alt=\"\" width=\"640\" height=\"426\" \/><figcaption id=\"caption-attachment-3260762\" class=\"wp-caption-text\"><strong>Jornadas de bienestar para perros y gatos (Foto: Fuente Externa)<\/strong><\/figcaption><\/figure>\n<p>La resoluci\u00f3n 35\/2026 fue aprobada la semana pasada por el Concejo de Regidores, atendiendo la solicitud de Carolina Mej\u00eda.<\/p>\n<figure id=\"attachment_3260761\" aria-describedby=\"caption-attachment-3260761\" style=\"width: 1600px\" class=\"wp-caption alignnone\"><img decoding=\"async\" data-recalc-dims=\"1\" loading=\"lazy\" class=\"size-full wp-image-3260761\" src=\"https:\/\/i0.wp.com\/nuevodiario-assets.s3.us-east-2.amazonaws.com\/wp-content\/uploads\/2026\/09\/Jornadas-de-bienestar-para-perros-y-gatos-Foto-Fuente-Externa-5.jpeg?resize=640%2C426&quality=100&ssl=1\" alt=\"\" width=\"640\" height=\"426\" \/><figcaption id=\"caption-attachment-3260761\" class=\"wp-caption-text\"><strong>Jornadas de bienestar para perros y gatos (Foto: Fuente Externa)<\/strong><\/figcaption><\/figure>\n<p>ENV\/<\/p>\n<p>La entrada <a href=\"https:\/\/elnuevodiario.com.do\/carolina-continua-impulsando-jornadas-de-bienestar-animal-durante-operativo-se-esterilizaron-100-perros-y-gatos\/\">Carolina impulsa jornadas de bienestar animal; durante operativo se esterilizaron 100 perros y gatos<\/a> se public\u00f3 primero en <a href=\"https:\/\/elnuevodiario.com.do\">El Nuevo Diario (Rep\u00fablica Dominicana)<\/a>.<\/p>\n","protected":false},"excerpt":{"rendered":"EL NUEVO DIARIO, SANTO DOMINGO. \u2013 La alcaldesa y aspirante presidencial Carolina&hellip;\n","protected":false},"author":1,"featured_media":66653,"comment_status":"open","ping_status":"open","sticky":false,"template":"","format":"standard","meta":{"footnotes":""},"categories":[1],"tags":[],"class_list":["post-66652","post","type-post","status-publish","format-standard","has-post-thumbnail","category-nacionales"],"_links":{"self":[{"href":"https:\/\/acronoticias.com\/index.php\/wp-json\/wp\/v2\/posts\/66652","targetHints":{"allow":["GET"]}}],"collection":[{"href":"https:\/\/acronoticias.com\/index.php\/wp-json\/wp\/v2\/posts"}],"about":[{"href":"https:\/\/acronoticias.com\/index.php\/wp-json\/wp\/v2\/types\/post"}],"author":[{"embeddable":true,"href":"https:\/\/acronoticias.com\/index.php\/wp-json\/wp\/v2\/users\/1"}],"replies":[{"embeddable":true,"href":"https:\/\/acronoticias.com\/index.php\/wp-json\/wp\/v2\/comments?post=66652"}],"version-history":[{"count":0,"href":"https:\/\/acronoticias.com\/index.php\/wp-json\/wp\/v2\/posts\/66652\/revisions"}],"wp:featuredmedia":[{"embeddable":true,"href":"https:\/\/acronoticias.com\/index.php\/wp-json\/wp\/v2\/media\/66653"}],"wp:attachment":[{"href":"https:\/\/acronoticias.com\/index.php\/wp-json\/wp\/v2\/media?parent=66652"}],"wp:term":[{"taxonomy":"category","embeddable":true,"href":"https:\/\/acronoticias.com\/index.php\/wp-json\/wp\/v2\/categories?post=66652"},{"taxonomy":"post_tag","embeddable":true,"href":"https:\/\/acronoticias.com\/index.php\/wp-json\/wp\/v2\/tags?post=66652"}],"curies":[{"name":"wp","href":"https:\/\/api.w.org\/{rel}","templated":true}]}}