{"id":66650,"date":"2026-09-01T17:01:40","date_gmt":"2026-09-01T17:01:40","guid":{"rendered":"https:\/\/acronoticias.com\/index.php\/2026\/09\/01\/educa-llama-a-renovar-el-compromiso-con-los-estudiantes-en-su-aniversario-37\/"},"modified":"2026-09-01T17:01:40","modified_gmt":"2026-09-01T17:01:40","slug":"educa-llama-a-renovar-el-compromiso-con-los-estudiantes-en-su-aniversario-37","status":"publish","type":"post","link":"https:\/\/acronoticias.com\/index.php\/2026\/09\/01\/educa-llama-a-renovar-el-compromiso-con-los-estudiantes-en-su-aniversario-37\/","title":{"rendered":"Educa llama a renovar el compromiso con los estudiantes en su aniversario 37"},"content":{"rendered":"<p><img loading=\"lazy\" decoding=\"async\" width=\"355\" height=\"200\" src=\"https:\/\/nuevodiario-assets.s3.us-east-2.amazonaws.com\/wp-content\/uploads\/2026\/09\/Presidenta-de-Educa-Susana-Martinez-Nadal-Foto-Direccion-de-comunicaciones-Educa-355x200.jpeg\" class=\"webfeedsFeaturedVisual wp-post-image\" alt=\"\" style=\"display: block;margin-bottom: 5px;clear:both;max-width: 100%\" \/><\/p>\n<p>EL NUEVO DIARIO, SANTO DOMINGO.- Acci\u00f3n Empresarial por la Educaci\u00f3n (EDUCA) llam\u00f3 a fortalecer el compromiso de autoridades, docentes, familias y dem\u00e1s actores del sistema educativo con los estudiantes y sus aprendizajes, al conmemorarse los 37 a\u00f1os de creaci\u00f3n de la instituci\u00f3n y comenzar el a\u00f1o escolar 2026-2027.<\/p>\n<p>De acuerdo a un comunicado, la entidad sostuvo que el nuevo per\u00edodo lectivo representa una oportunidad para unir esfuerzos y atender desde ahora los principales desaf\u00edos que enfrenta la educaci\u00f3n dominicana, con \u00e9nfasis en el cumplimiento del calendario y el horario escolar, la asistencia regular y el aprovechamiento efectivo del tiempo de clases.<\/p>\n<p>Susana Mart\u00ednez Nadal, presidenta de Educa, se\u00f1al\u00f3 que el inicio del a\u00f1o escolar debe asumirse como una ocasi\u00f3n para integrar esfuerzos y continuar trabajando en el fortalecimiento de la calidad educativa.<\/p>\n<p>\u201cCada inicio de a\u00f1o escolar nos ofrece la oportunidad de renovar prop\u00f3sitos y sumar voluntades alrededor de los estudiantes quienes constituyen la raz\u00f3n esencial del sistema. Sus aprendizajes, su desarrollo y sus oportunidades deben orientar el compromiso de autoridades, docentes, familias y de toda la sociedad\u201d, expres\u00f3 Mart\u00ednez Nadal.<\/p>\n<p>En ese sentido, sostuvo que la reducci\u00f3n de las brechas de aprendizaje requiere acciones sostenidas durante todo el a\u00f1o, as\u00ed como preservar las jornadas de docencia y atender de manera oportuna las situaciones que puedan interrumpirlas.<\/p>\n<p>Educa exhort\u00f3 a los actores del sistema a aplicar los mecanismos establecidos para recuperar el tiempo de clases que eventualmente pueda perderse y garantizar el cumplimiento de las actividades acad\u00e9micas programadas.<\/p>\n<p>La instituci\u00f3n tambi\u00e9n dirigi\u00f3 un llamado a las familias para que procuren la asistencia regular y puntual de sus hijos, acompa\u00f1en sus procesos formativos y mantengan una comunicaci\u00f3n constante con los centros educativos.<\/p>\n<p>El llamado se produce luego de que Educa fuera seleccionada para recibir el Premio Fundaci\u00f3n Corripio 2026 en Ciencias Sociales y Jur\u00eddicas, en la categor\u00eda Instituci\u00f3n Educativa, por su trayectoria y sus aportes al desarrollo y fortalecimiento de la educaci\u00f3n dominicana.<\/p>\n<p>Durante sus 37 a\u00f1os de existencia, Educa ha promovido la participaci\u00f3n del sector empresarial y de la sociedad en favor de la educaci\u00f3n, la generaci\u00f3n de evidencia, el seguimiento de indicadores del sistema y la defensa de pol\u00edticas orientadas a mejorar las oportunidades de aprendizaje.<\/p>\n<p>La instituci\u00f3n agradeci\u00f3 a la Fundaci\u00f3n Corripio por la distinci\u00f3n, la cual, seg\u00fan expres\u00f3, comparte con sus fundadores, expresidentes, consejeros, equipos t\u00e9cnicos y aliados que han acompa\u00f1ado su misi\u00f3n.<\/p>\n<p>\u201cEste reconocimiento honra el camino recorrido y fortalece nuestro orgullo de pertenencia, pero, sobre todo, renueva nuestra responsabilidad de seguir adelante, participando activamente en la conversaci\u00f3n p\u00fablica y contribuyendo a una educaci\u00f3n de calidad para todos\u201d, concluy\u00f3 Mart\u00ednez Nadal.<\/p>\n<p>MMB\/<\/p>\n<p>La entrada <a href=\"https:\/\/elnuevodiario.com.do\/educa-llama-a-renovar-el-compromiso-con-los-estudiantes-en-su-aniversario-37\/\">Educa llama a renovar el compromiso con los estudiantes en su aniversario 37<\/a> se public\u00f3 primero en <a href=\"https:\/\/elnuevodiario.com.do\">El Nuevo Diario (Rep\u00fablica Dominicana)<\/a>.<\/p>\n","protected":false},"excerpt":{"rendered":"EL NUEVO DIARIO, SANTO DOMINGO.- Acci\u00f3n Empresarial por la Educaci\u00f3n (EDUCA) llam\u00f3&hellip;\n","protected":false},"author":1,"featured_media":66651,"comment_status":"open","ping_status":"open","sticky":false,"template":"","format":"standard","meta":{"footnotes":""},"categories":[1],"tags":[],"class_list":["post-66650","post","type-post","status-publish","format-standard","has-post-thumbnail","category-nacionales"],"_links":{"self":[{"href":"https:\/\/acronoticias.com\/index.php\/wp-json\/wp\/v2\/posts\/66650","targetHints":{"allow":["GET"]}}],"collection":[{"href":"https:\/\/acronoticias.com\/index.php\/wp-json\/wp\/v2\/posts"}],"about":[{"href":"https:\/\/acronoticias.com\/index.php\/wp-json\/wp\/v2\/types\/post"}],"author":[{"embeddable":true,"href":"https:\/\/acronoticias.com\/index.php\/wp-json\/wp\/v2\/users\/1"}],"replies":[{"embeddable":true,"href":"https:\/\/acronoticias.com\/index.php\/wp-json\/wp\/v2\/comments?post=66650"}],"version-history":[{"count":0,"href":"https:\/\/acronoticias.com\/index.php\/wp-json\/wp\/v2\/posts\/66650\/revisions"}],"wp:featuredmedia":[{"embeddable":true,"href":"https:\/\/acronoticias.com\/index.php\/wp-json\/wp\/v2\/media\/66651"}],"wp:attachment":[{"href":"https:\/\/acronoticias.com\/index.php\/wp-json\/wp\/v2\/media?parent=66650"}],"wp:term":[{"taxonomy":"category","embeddable":true,"href":"https:\/\/acronoticias.com\/index.php\/wp-json\/wp\/v2\/categories?post=66650"},{"taxonomy":"post_tag","embeddable":true,"href":"https:\/\/acronoticias.com\/index.php\/wp-json\/wp\/v2\/tags?post=66650"}],"curies":[{"name":"wp","href":"https:\/\/api.w.org\/{rel}","templated":true}]}}