{"id":66648,"date":"2026-09-01T16:45:46","date_gmt":"2026-09-01T16:45:46","guid":{"rendered":"https:\/\/acronoticias.com\/index.php\/2026\/09\/01\/comunicadores-valoran-designacion-de-victor-cedeno-como-nuevo-superintendente-de-bancos\/"},"modified":"2026-09-01T16:45:46","modified_gmt":"2026-09-01T16:45:46","slug":"comunicadores-valoran-designacion-de-victor-cedeno-como-nuevo-superintendente-de-bancos","status":"publish","type":"post","link":"https:\/\/acronoticias.com\/index.php\/2026\/09\/01\/comunicadores-valoran-designacion-de-victor-cedeno-como-nuevo-superintendente-de-bancos\/","title":{"rendered":"Comunicadores valoran designaci\u00f3n de V\u00edctor Cede\u00f1o como nuevo superintendente de Bancos"},"content":{"rendered":"<p><img loading=\"lazy\" decoding=\"async\" width=\"355\" height=\"200\" src=\"https:\/\/nuevodiario-assets.s3.us-east-2.amazonaws.com\/wp-content\/uploads\/2025\/05\/Mariano-y-Edward-1-355x200.jpg\" class=\"webfeedsFeaturedVisual wp-post-image\" alt=\"\" style=\"display: block;margin-bottom: 5px;clear:both;max-width: 100%\" \/><\/p>\n<p>EL NUEVO DIARIO, SANTO DOMINGO.- Los comunicadores Mariano Abreu y Edward Ram\u00edrez valoraron positivamente la designaci\u00f3n de V\u00edctor Livio Enmanuel Cede\u00f1o Brea como nuevo superintendente de Bancos de la Rep\u00fablica Dominicana, en sustituci\u00f3n de Alejandro Fern\u00e1ndez Whipple, quien ocup\u00f3 el cargo durante seis a\u00f1os.<\/p>\n<p>Durante la conducci\u00f3n del programa \u201cEnfrentados\u201d, que transmite la plataforma digital El Nuevo Diario TV, ambos comunicadores coincidieron en que la llegada de Cede\u00f1o Brea combina continuidad, experiencia t\u00e9cnica y una perspectiva de innovaci\u00f3n, elementos que consideran importantes para el fortalecimiento de la regulaci\u00f3n y supervisi\u00f3n del sistema financiero dominicano.<\/p>\n<p>(Ver programa).<\/p>\n<div class=\"jetpack-video-wrapper\"><\/div>\n<p>Abreu destac\u00f3 el perfil profesional y la preparaci\u00f3n acad\u00e9mica de Cede\u00f1o Brea, a quien defini\u00f3 como un joven con una s\u00f3lida formaci\u00f3n en las \u00e1reas jur\u00eddica, econ\u00f3mica y financiera.<\/p>\n<p>Se\u00f1al\u00f3 que el nuevo superintendente es abogado y cuenta con maestr\u00edas y especializaciones en Derecho, Econom\u00eda y mercados regulatorios, cursadas en instituciones de prestigio internacional, entre ellas la Universidad de Par\u00eds y Georgetown University.<\/p>\n<p>Asimismo, resalt\u00f3 que Cede\u00f1o Brea posee m\u00e1s de 15 a\u00f1os de experiencia t\u00e9cnica en el sistema financiero dominicano y que, antes de asumir la titularidad de la Superintendencia de Bancos, desempe\u00f1\u00f3 funciones de alto nivel directivo en el Banco Central de la Rep\u00fablica Dominicana.<\/p>\n<p>\u201cA pesar de su corta edad, es una persona muy preparada. Tiene una alta preparaci\u00f3n seg\u00fan su perfil profesional y una amplia experiencia en el sector financiero\u201d, destac\u00f3 Abreu.<\/p>\n<p>De su lado, Edward Ram\u00edrez consider\u00f3 acertada la decisi\u00f3n de designar a una persona que ya conoce el funcionamiento interno de la Superintendencia de Bancos y que, adem\u00e1s, puede aportar innovaci\u00f3n y actualizaci\u00f3n a la instituci\u00f3n.<\/p>\n<p>Ram\u00edrez record\u00f3 que Cede\u00f1o Brea se desempe\u00f1aba dentro de la Superintendencia de Bancos y que tuvo responsabilidades vinculadas directamente con el funcionamiento de la entidad, por lo que entiende que su designaci\u00f3n permitir\u00e1 dar continuidad al trabajo realizado durante la gesti\u00f3n de Fern\u00e1ndez Whipple.<\/p>\n<p>\u201cYo creo que el presidente le dijo a Alejandro Fern\u00e1ndez: Mira, ya que te vas, d\u00e9jame una persona, b\u00fascame o m\u00e1ndame un perfil de confianza, un perfil que pueda seguir las cosas que t\u00fa has logrado en la Superintendencia de Bancos\u201d, expres\u00f3.<\/p>\n<p>\u00a0<\/p>\n<p>\u00a0<\/p>\n<p>La entrada <a href=\"https:\/\/elnuevodiario.com.do\/comunicadores-valoran-designacion-de-victor-cedeno-como-nuevo-superintendente-de-bancos\/\">Comunicadores valoran designaci\u00f3n de V\u00edctor Cede\u00f1o como nuevo superintendente de Bancos<\/a> se public\u00f3 primero en <a href=\"https:\/\/elnuevodiario.com.do\">El Nuevo Diario (Rep\u00fablica Dominicana)<\/a>.<\/p>\n","protected":false},"excerpt":{"rendered":"EL NUEVO DIARIO, SANTO DOMINGO.- Los comunicadores Mariano Abreu y Edward Ram\u00edrez&hellip;\n","protected":false},"author":1,"featured_media":66649,"comment_status":"open","ping_status":"open","sticky":false,"template":"","format":"standard","meta":{"footnotes":""},"categories":[1],"tags":[],"class_list":["post-66648","post","type-post","status-publish","format-standard","has-post-thumbnail","category-nacionales"],"_links":{"self":[{"href":"https:\/\/acronoticias.com\/index.php\/wp-json\/wp\/v2\/posts\/66648","targetHints":{"allow":["GET"]}}],"collection":[{"href":"https:\/\/acronoticias.com\/index.php\/wp-json\/wp\/v2\/posts"}],"about":[{"href":"https:\/\/acronoticias.com\/index.php\/wp-json\/wp\/v2\/types\/post"}],"author":[{"embeddable":true,"href":"https:\/\/acronoticias.com\/index.php\/wp-json\/wp\/v2\/users\/1"}],"replies":[{"embeddable":true,"href":"https:\/\/acronoticias.com\/index.php\/wp-json\/wp\/v2\/comments?post=66648"}],"version-history":[{"count":0,"href":"https:\/\/acronoticias.com\/index.php\/wp-json\/wp\/v2\/posts\/66648\/revisions"}],"wp:featuredmedia":[{"embeddable":true,"href":"https:\/\/acronoticias.com\/index.php\/wp-json\/wp\/v2\/media\/66649"}],"wp:attachment":[{"href":"https:\/\/acronoticias.com\/index.php\/wp-json\/wp\/v2\/media?parent=66648"}],"wp:term":[{"taxonomy":"category","embeddable":true,"href":"https:\/\/acronoticias.com\/index.php\/wp-json\/wp\/v2\/categories?post=66648"},{"taxonomy":"post_tag","embeddable":true,"href":"https:\/\/acronoticias.com\/index.php\/wp-json\/wp\/v2\/tags?post=66648"}],"curies":[{"name":"wp","href":"https:\/\/api.w.org\/{rel}","templated":true}]}}