{"id":66644,"date":"2026-09-01T16:21:52","date_gmt":"2026-09-01T16:21:52","guid":{"rendered":"https:\/\/acronoticias.com\/index.php\/2026\/09\/01\/egehid-incorpora-a-jassel-perez-como-embajador-para-impulsar-el-deporte-juvenil\/"},"modified":"2026-09-01T16:21:52","modified_gmt":"2026-09-01T16:21:52","slug":"egehid-incorpora-a-jassel-perez-como-embajador-para-impulsar-el-deporte-juvenil","status":"publish","type":"post","link":"https:\/\/acronoticias.com\/index.php\/2026\/09\/01\/egehid-incorpora-a-jassel-perez-como-embajador-para-impulsar-el-deporte-juvenil\/","title":{"rendered":"Egehid incorpora a Jassel P\u00e9rez como embajador para impulsar el deporte juvenil"},"content":{"rendered":"<p><img decoding=\"async\" width=\"355\" height=\"200\" src=\"https:\/\/nuevodiario-assets.s3.us-east-2.amazonaws.com\/wp-content\/uploads\/2026\/09\/Autoridades-durante-la-firma-del-acuerdo-para-impulsar-el-deporte-juvenil.-Foto-EGEHID-2-355x200.jpeg\" class=\"webfeedsFeaturedVisual wp-post-image\" alt=\"\" style=\"display: block;margin-bottom: 5px;clear:both;max-width: 100%\" loading=\"lazy\" \/><\/p>\n<p class=\"isSelectedEnd\">EL NUEVO DIARIO, SANTO DOMINGO. \u2013 La Empresa de Generaci\u00f3n Hidroel\u00e9ctrica Dominicana (Egehid) incorpor\u00f3 al destacado baloncestista Jassel P\u00e9rez como embajador, mediante un acuerdo con el Ministerio de la Juventud y la Oficina Senatorial de San Crist\u00f3bal para promover el deporte y el desarrollo integral de los j\u00f3venes, especialmente en comunidades de las zonas de influencia de las instalaciones hidroel\u00e9ctricas.<\/p>\n<p class=\"isSelectedEnd\">Como parte del convenio, el baloncestista sancristobalense Jassel P\u00e9rez ser\u00e1 incorporado como embajador deportivo y participar\u00e1 en cl\u00ednicas de baloncesto, charlas, pr\u00e1cticas, conversatorios y otras actividades dirigidas a j\u00f3venes de clubes y comunidades. El atleta agradeci\u00f3 la oportunidad y asumi\u00f3 el compromiso de servir de ejemplo para las nuevas generaciones.<\/p>\n<p>El administrador general de Egehid, ingeniero Rafael Salazar, resalt\u00f3 que la instituci\u00f3n mantiene entre sus prioridades el respaldo a la juventud y record\u00f3 que, en el marco de su programa de responsabilidad social corporativa, desarrolla iniciativas vinculadas a becas universitarias, capacitaci\u00f3n y apoyo a asociaciones de estudiantes. Explic\u00f3 que este acuerdo permitir\u00e1 ampliar esas acciones hacia el \u00e1mbito deportivo.<\/p>\n<figure id=\"attachment_3260638\" aria-describedby=\"caption-attachment-3260638\" style=\"width: 1280px\" class=\"wp-caption alignnone\"><img loading=\"lazy\" decoding=\"async\" data-recalc-dims=\"1\" class=\"size-full wp-image-3260638\" src=\"https:\/\/i0.wp.com\/nuevodiario-assets.s3.us-east-2.amazonaws.com\/wp-content\/uploads\/2026\/09\/Autoridades-durante-la-firma-del-acuerdo-para-impulsar-el-deporte-juvenil.-Foto-EGEHID-3.jpeg?resize=640%2C426&quality=100&ssl=1\" alt=\"\" width=\"640\" height=\"426\" \/><figcaption id=\"caption-attachment-3260638\" class=\"wp-caption-text\"><strong>Autoridades durante la firma del acuerdo para impulsar el deporte juvenil. (Foto: EGEHID)<\/strong><\/figcaption><\/figure>\n<p>De su lado, la presidenta del Consejo Directivo de Egehid, doctora Rosa Ysabel Ruiz, destac\u00f3 que el convenio representa la uni\u00f3n de esfuerzos entre instituciones comprometidas con el desarrollo de la juventud y permitir\u00e1 aprovechar la trayectoria del escolta dominicano como un referente de disciplina, constancia y superaci\u00f3n personal.<\/p>\n<figure id=\"attachment_3260640\" aria-describedby=\"caption-attachment-3260640\" style=\"width: 1280px\" class=\"wp-caption alignnone\"><img loading=\"lazy\" decoding=\"async\" data-recalc-dims=\"1\" class=\"size-full wp-image-3260640\" src=\"https:\/\/i0.wp.com\/nuevodiario-assets.s3.us-east-2.amazonaws.com\/wp-content\/uploads\/2026\/09\/Autoridades-durante-la-firma-del-acuerdo-para-impulsar-el-deporte-juvenil.-Foto-EGEHID.jpeg?resize=640%2C427&quality=100&ssl=1\" alt=\"\" width=\"640\" height=\"427\" \/><figcaption id=\"caption-attachment-3260640\" class=\"wp-caption-text\"><strong>Autoridades durante la firma del acuerdo para impulsar el deporte juvenil. (Foto: EGEHID)<\/strong><\/figcaption><\/figure>\n<p>Las acciones ser\u00e1n desarrolladas en coordinaci\u00f3n con el programa \u201cUna Cancha para mi Barrio\u201d, impulsado por el Ministerio de la Juventud, y con iniciativas de la Oficina Senatorial de San Crist\u00f3bal, con el prop\u00f3sito de ampliar el acceso de los j\u00f3venes a espacios deportivos seguros y promover estilos de vida saludables.<\/p>\n<p>Durante el acto, el senador de San Crist\u00f3bal, Gustavo Lara, valor\u00f3 la alianza y defini\u00f3 a Jassel P\u00e9rez como un ejemplo de talento, sacrificio, disciplina y perseverancia.<\/p>\n<p>Mientras que, el ministro de la Juventud, Carlos Valdez, resalt\u00f3 la importancia de sumar esfuerzos institucionales para llevar oportunidades deportivas a comunidades que carecen de instalaciones adecuadas.<\/p>\n<p>Jassel P\u00e9rez, de 25 a\u00f1os de edad y 6 pies 4 pulgadas de estatura, pertenece a la Selecci\u00f3n Nacional de Baloncesto de la Rep\u00fablica Dominicana y ha participado como refuerzo en ligas como la de Puerto Rico, Espa\u00f1a, Venezuela, Nicaragua y M\u00e9xico.<\/p>\n<p>ENV\/<\/p>\n<p>La entrada <a href=\"https:\/\/elnuevodiario.com.do\/egehid-incorpora-a-jassel-perez-como-embajador-para-impulsar-el-deporte-juvenil\/\">Egehid incorpora a Jassel P\u00e9rez como embajador para impulsar el deporte juvenil<\/a> se public\u00f3 primero en <a href=\"https:\/\/elnuevodiario.com.do\">El Nuevo Diario (Rep\u00fablica Dominicana)<\/a>.<\/p>\n","protected":false},"excerpt":{"rendered":"EL NUEVO DIARIO, SANTO DOMINGO. \u2013 La Empresa de Generaci\u00f3n Hidroel\u00e9ctrica Dominicana&hellip;\n","protected":false},"author":1,"featured_media":66645,"comment_status":"open","ping_status":"open","sticky":false,"template":"","format":"standard","meta":{"footnotes":""},"categories":[2],"tags":[],"class_list":["post-66644","post","type-post","status-publish","format-standard","has-post-thumbnail","category-deporte"],"_links":{"self":[{"href":"https:\/\/acronoticias.com\/index.php\/wp-json\/wp\/v2\/posts\/66644","targetHints":{"allow":["GET"]}}],"collection":[{"href":"https:\/\/acronoticias.com\/index.php\/wp-json\/wp\/v2\/posts"}],"about":[{"href":"https:\/\/acronoticias.com\/index.php\/wp-json\/wp\/v2\/types\/post"}],"author":[{"embeddable":true,"href":"https:\/\/acronoticias.com\/index.php\/wp-json\/wp\/v2\/users\/1"}],"replies":[{"embeddable":true,"href":"https:\/\/acronoticias.com\/index.php\/wp-json\/wp\/v2\/comments?post=66644"}],"version-history":[{"count":0,"href":"https:\/\/acronoticias.com\/index.php\/wp-json\/wp\/v2\/posts\/66644\/revisions"}],"wp:featuredmedia":[{"embeddable":true,"href":"https:\/\/acronoticias.com\/index.php\/wp-json\/wp\/v2\/media\/66645"}],"wp:attachment":[{"href":"https:\/\/acronoticias.com\/index.php\/wp-json\/wp\/v2\/media?parent=66644"}],"wp:term":[{"taxonomy":"category","embeddable":true,"href":"https:\/\/acronoticias.com\/index.php\/wp-json\/wp\/v2\/categories?post=66644"},{"taxonomy":"post_tag","embeddable":true,"href":"https:\/\/acronoticias.com\/index.php\/wp-json\/wp\/v2\/tags?post=66644"}],"curies":[{"name":"wp","href":"https:\/\/api.w.org\/{rel}","templated":true}]}}