{"id":66642,"date":"2026-09-01T16:18:36","date_gmt":"2026-09-01T16:18:36","guid":{"rendered":"https:\/\/acronoticias.com\/index.php\/2026\/09\/01\/hace-un-ano-conani-revela-que-ya-habia-intervenido-la-fundacion-donde-fueron-rescatados-13-menores\/"},"modified":"2026-09-01T16:18:36","modified_gmt":"2026-09-01T16:18:36","slug":"hace-un-ano-conani-revela-que-ya-habia-intervenido-la-fundacion-donde-fueron-rescatados-13-menores","status":"publish","type":"post","link":"https:\/\/acronoticias.com\/index.php\/2026\/09\/01\/hace-un-ano-conani-revela-que-ya-habia-intervenido-la-fundacion-donde-fueron-rescatados-13-menores\/","title":{"rendered":"\u00a1Hace un a\u00f1o! CONANI revela que ya hab\u00eda intervenido la &#8220;fundaci\u00f3n&#8221; donde fueron rescatados 13 menores"},"content":{"rendered":"<div>\n<div class=\"c-detail__author full\">\n<div>\n<div class=\"c-detail__author__thumb\">\n<figure>\n                                <picture src=\"https:\/\/imagenes.hoy.com.do\/files\/image_square_xs\/uploads\/2025\/11\/10\/6911b3b5d935b.png\" data-size=\"w:40,h:40\">\n                                    <img decoding=\"async\" loading=\"lazy\" alt=\"Hoy .\" width=\"40\" height=\"40\" src=\"https:\/\/imagenes.hoy.com.do\/files\/image_square_xs\/uploads\/2025\/11\/10\/6911b3b5d935b.png\"\/>\n                                <\/picture>\n                                <\/figure>\n<\/div>\n<\/div>\n<\/div>\n<p>                                                                                            <!-- --><\/p>\n<p class=\"paragraph\">La presidenta ejecutiva del Consejo Nacional para la Ni\u00f1ez y la Adolescencia (<a href=\"https:\/\/x.com\/PeriodicoHoy\">CONANI<\/a>), Ligia P\u00e9rez Pe\u00f1a, revel\u00f3 este martes\u00a0que las autoridades ya hab\u00edan intervenido en la fundaci\u00f3n donde se rescat\u00f3 14 menores de edad y detuvo a m\u00e1s de 10 personas como parte de una investigaci\u00f3n sobre presunto maltrato infantil, explotaci\u00f3n laboral y posible trata de personas.\u00a0<\/p>\n<p class=\"paragraph\">Esto luego de que un ni\u00f1o de 12 a\u00f1os escapara del lugar y acudiera a una dotaci\u00f3n policial en busca de ayuda.<\/p>\n<p class=\"paragraph\">En septiembre de 2025, la oficina de CONANI en Haina alert\u00f3 a las autoridades sobre la presencia de menores en el inmueble y se realiz\u00f3 un operativo.<\/p>\n<p class=\"paragraph\">En aquella ocasi\u00f3n, los ni\u00f1os fueron devueltos a sus familiares y, seg\u00fan la funcionaria, se realiz\u00f3 un proceso de seguimiento para evitar que fueran enviados nuevamente al lugar.<\/p>\n<p class=\"paragraph\">Sin embargo, un a\u00f1o despu\u00e9s, las autoridades volvieron a intervenir el establecimiento tras la nueva denuncia.<\/p>\n<p class=\"paragraph\">Tambi\u00e9n rechaz\u00f3 declaraciones atribuidas al abogado del propietario del lugar, quien habr\u00eda asegurado que CONANI ten\u00eda conocimiento del establecimiento desde hac\u00eda varios a\u00f1os.<\/p>\n<figure class=\"c-detail__media \"><figcaption class=\"c-detail__media__txt\">\n<p class=\"c-detail__media__subtitle\">\n<p>        <span class=\"c-detail__media__credit \">Im\u00e1genes del lugar<\/span><\/p>\n<\/figcaption><\/figure>\n<h2 id=\"nuevos-detalles-del-caso\" class=\"subtitle\">Nuevos detalles del caso<\/h2>\n<p class=\"paragraph\">La funcionaria se\u00f1al\u00f3 que el espacio presentaba condiciones que generaron preocupaci\u00f3n, entre ellas habitaciones con barrotes y situaciones de hacinamiento.<\/p>\n<p class=\"paragraph\">\u201cHab\u00eda adultos con ni\u00f1os y aparte hab\u00eda ni\u00f1os menores de edad tambi\u00e9n solos, que no estaban acompa\u00f1ados de adultos\u201d, explic\u00f3 P\u00e9rez Pe\u00f1a durante una entrevista realizada en el programa El D\u00eda.<\/p>\n<p class=\"paragraph\">El establecimiento operaba sin la habilitaci\u00f3n correspondiente para brindar servicios de protecci\u00f3n a menores.<\/p>\n<p class=\"paragraph\">Actualmente, 10 menores permanecen bajo protecci\u00f3n de CONANI, mientras que otros cuatro fueron entregados a sus respectivas madres, quienes tambi\u00e9n se encontraban en el lugar.<\/p>\n<p class=\"paragraph\">La presidenta ejecutiva explic\u00f3 que los menores est\u00e1n siendo sometidos a evaluaciones m\u00e9dicas y psicol\u00f3gicas para determinar su estado y establecer las circunstancias en las que llegaron al centro.<\/p>\n<figure class=\"c-detail__media \"><figcaption class=\"c-detail__media__txt\">\n<p class=\"c-detail__media__subtitle\">\n<p>        <span class=\"c-detail__media__credit \">Im\u00e1genes del lugar<\/span><\/p>\n<\/figcaption><\/figure>\n<h2 id=\"investigacion-busca-determinar-como-llegaron-los-ninos-al-lugar\" class=\"subtitle\">Investigaci\u00f3n busca determinar c\u00f3mo llegaron los ni\u00f1os al lugar<br \/><\/h2>\n<p class=\"paragraph\">P\u00e9rez Pe\u00f1a indic\u00f3 que el Ministerio P\u00fablico contin\u00faa investigando c\u00f3mo los menores llegaron a la fundaci\u00f3n.<\/p>\n<p class=\"paragraph\">La funcionaria aclar\u00f3 que todav\u00eda no pueden establecer responsabilidades ni confirmar todas las denuncias sobre presuntos maltratos, debido a que las investigaciones se encuentran en curso.<\/p>\n<p class=\"paragraph\">\u201cEstamos en un proceso de evaluaci\u00f3n, determinando en el caso de este menor de qu\u00e9 pudieron ser esas quemaduras, c\u00f3mo pudieron producirse\u201d, sostuvo P\u00e9rez Pe\u00f1a.<\/p>\n<p class=\"paragraph\">Asimismo, indic\u00f3 que los ni\u00f1os que permanec\u00edan en el lugar no estaban integrados regularmente al sistema educativo.<\/p>\n<div class=\"c-detail__box \">\n<article class=\"c-detail__sumario \">\n<figure class=\"c-detail__sumario__thumb\" style=\"display: block;\">\n            <a href=\"#\" title=\"\">\n                <picture data-size=\"w:140,h:140\" loading=\"lazy\" src=\"https:\/\/imagenes.hoy.com.do\/files\/related_image\/files\/fp\/uploads\/2026\/09\/01\/6a96cf4a7721c.r_d.300-251.png\" data-full-src=\"https:\/\/imagenes.hoy.com.do\/uploads\/2026\/09\/01\/6a96cf4a7721c.png\">\n                    <img loading=\"lazy\" decoding=\"async\" width=\"140\" height=\"140\" alt=\"Im\u00e1genes del lugar\" src=\"https:\/\/imagenes.hoy.com.do\/uploads\/2026\/09\/01\/6a96cf4a7721c.png\"\/>\n                <\/picture>\n            <\/a><br \/>\n        <\/figure>\n<\/article>\n<\/div><\/div>\n","protected":false},"excerpt":{"rendered":"La presidenta ejecutiva del Consejo Nacional para la Ni\u00f1ez y la Adolescencia&hellip;\n","protected":false},"author":1,"featured_media":66643,"comment_status":"open","ping_status":"open","sticky":false,"template":"","format":"standard","meta":{"footnotes":""},"categories":[3],"tags":[],"class_list":["post-66642","post","type-post","status-publish","format-standard","has-post-thumbnail","category-internacionales"],"_links":{"self":[{"href":"https:\/\/acronoticias.com\/index.php\/wp-json\/wp\/v2\/posts\/66642","targetHints":{"allow":["GET"]}}],"collection":[{"href":"https:\/\/acronoticias.com\/index.php\/wp-json\/wp\/v2\/posts"}],"about":[{"href":"https:\/\/acronoticias.com\/index.php\/wp-json\/wp\/v2\/types\/post"}],"author":[{"embeddable":true,"href":"https:\/\/acronoticias.com\/index.php\/wp-json\/wp\/v2\/users\/1"}],"replies":[{"embeddable":true,"href":"https:\/\/acronoticias.com\/index.php\/wp-json\/wp\/v2\/comments?post=66642"}],"version-history":[{"count":0,"href":"https:\/\/acronoticias.com\/index.php\/wp-json\/wp\/v2\/posts\/66642\/revisions"}],"wp:featuredmedia":[{"embeddable":true,"href":"https:\/\/acronoticias.com\/index.php\/wp-json\/wp\/v2\/media\/66643"}],"wp:attachment":[{"href":"https:\/\/acronoticias.com\/index.php\/wp-json\/wp\/v2\/media?parent=66642"}],"wp:term":[{"taxonomy":"category","embeddable":true,"href":"https:\/\/acronoticias.com\/index.php\/wp-json\/wp\/v2\/categories?post=66642"},{"taxonomy":"post_tag","embeddable":true,"href":"https:\/\/acronoticias.com\/index.php\/wp-json\/wp\/v2\/tags?post=66642"}],"curies":[{"name":"wp","href":"https:\/\/api.w.org\/{rel}","templated":true}]}}